{"id":415,"date":"2012-07-31T14:27:10","date_gmt":"2012-07-31T17:27:10","guid":{"rendered":"http:\/\/jornalcontato.com.br\/home\/?p=415"},"modified":"2012-08-17T14:31:06","modified_gmt":"2012-08-17T17:31:06","slug":"policias-unidas-contra-o-crime","status":"publish","type":"post","link":"https:\/\/www.jornalcontato.com.br\/home\/index.php\/policias-unidas-contra-o-crime\/","title":{"rendered":"Pol\u00edcias unidas contra o crime"},"content":{"rendered":"<p>A atua\u00e7\u00e3o conjunta das Pol\u00edcias Civil e Militar contabilizou resultados positivos ao final da Opera\u00e7\u00e3o Integrada, deflagrada na terra de Lobato \u00e0s 4 horas da madrugada de hoje, dia 31. Estavam diretamente empenhados nessa opera\u00e7\u00e3o um total de 49 Policiais Militares (em 19 viaturas) e 32 Policiais Civis (em 13 viaturas).<\/p>\n<div><\/div>\n<p><strong>Balan\u00e7o da opera\u00e7\u00e3o<\/strong><br \/>\n&#8211; 07 (seis) pessoas presas em Flagrante Delito;<br \/>\n&#8211; 03 (tres) adolescentes apreendidos em Flagrante Delito;<br \/>\n&#8211; 08 (oito) condenados capturados;\u00a0&#8211; 01 (um) adolescente capturado;<br \/>\n&#8211; 290 (duzentos e noventa) pedras de crack;<br \/>\n&#8211; 27 (vinte e sete) pinos de coca\u00edna;<br \/>\n&#8211; 115g de maconha;<br \/>\n&#8211; 02 (dois) r\u00e1dios de comunica\u00e7\u00e3o tipo HT;<br \/>\n&#8211; 02 (duas) muni\u00e7\u00f5es calibre 22;<br \/>\n&#8211; 02 (duas) muni\u00e7\u00f5es calibre 38;<br \/>\n&#8211; 02 Ve\u00edculos Apreendidos;<br \/>\n&#8211; 09 Produtos Apreendidos;<br \/>\n&#8211; 04 Estabelecimentos Vistoriados;<br \/>\n&#8211; 03 (tr\u00eas) balan\u00e7as de precis\u00e3o;<br \/>\n&#8211; material para embrulho de entorpecente.<\/p>\n<p><a href=\"http:\/\/jornalcontato.com.br\/home\/wp-content\/uploads\/2012\/08\/DSC08007.jpg\"><img loading=\"lazy\" decoding=\"async\" class=\"aligncenter size-medium wp-image-416\" title=\"DSC08007\" src=\"http:\/\/jornalcontato.com.br\/home\/wp-content\/uploads\/2012\/08\/DSC08007-300x225.jpg\" alt=\"\" width=\"300\" height=\"225\" srcset=\"https:\/\/jornalcontato.com.br\/home\/wp-content\/uploads\/2012\/08\/DSC08007-300x225.jpg 300w, https:\/\/jornalcontato.com.br\/home\/wp-content\/uploads\/2012\/08\/DSC08007-1024x768.jpg 1024w, https:\/\/jornalcontato.com.br\/home\/wp-content\/uploads\/2012\/08\/DSC08007-560x420.jpg 560w, https:\/\/jornalcontato.com.br\/home\/wp-content\/uploads\/2012\/08\/DSC08007.jpg 1600w\" sizes=\"auto, (max-width: 300px) 100vw, 300px\" \/><\/a><\/p>\n<p><a href=\"http:\/\/jornalcontato.com.br\/home\/wp-content\/uploads\/2012\/08\/S40201351.jpg\"><img loading=\"lazy\" decoding=\"async\" class=\"aligncenter size-medium wp-image-418\" title=\"S4020135\" src=\"http:\/\/jornalcontato.com.br\/home\/wp-content\/uploads\/2012\/08\/S40201351-300x225.jpg\" alt=\"\" width=\"300\" height=\"225\" \/><\/a><\/p>\n<p><strong>A popula\u00e7\u00e3o pode ajudar no combate \u00e0 criminalidade fornecendo informa\u00e7\u00f5es a respeito de irregularidades por meio do telefone 190, do disque den\u00fancia PM 0800 555 190 ou do disque den\u00fancia 181<\/strong><\/p>\n<p><a href=\"http:\/\/jornalcontato.com.br\/home\/wp-content\/uploads\/2012\/08\/S4020134.jpg\"><img loading=\"lazy\" decoding=\"async\" class=\"aligncenter size-medium wp-image-419\" title=\"S4020134\" src=\"http:\/\/jornalcontato.com.br\/home\/wp-content\/uploads\/2012\/08\/S4020134-300x225.jpg\" alt=\"\" width=\"300\" height=\"225\" srcset=\"https:\/\/jornalcontato.com.br\/home\/wp-content\/uploads\/2012\/08\/S4020134-300x225.jpg 300w, https:\/\/jornalcontato.com.br\/home\/wp-content\/uploads\/2012\/08\/S4020134-1024x768.jpg 1024w, https:\/\/jornalcontato.com.br\/home\/wp-content\/uploads\/2012\/08\/S4020134-560x420.jpg 560w, https:\/\/jornalcontato.com.br\/home\/wp-content\/uploads\/2012\/08\/S4020134.jpg 1600w\" sizes=\"auto, (max-width: 300px) 100vw, 300px\" \/><\/a><\/p>\n","protected":false},"excerpt":{"rendered":"<p>A atua\u00e7\u00e3o conjunta das Pol\u00edcias Civil e Militar contabilizou resultados positivos ao final da Opera\u00e7\u00e3o Integrada, deflagrada na terra de Lobato \u00e0s 4 horas da &#8230;<\/p>\n","protected":false},"author":1,"featured_media":417,"comment_status":"open","ping_status":"open","sticky":false,"template":"","format":"standard","meta":{"footnotes":""},"categories":[7],"tags":[],"class_list":["post-415","post","type-post","status-publish","format-standard","has-post-thumbnail","hentry","category-reportagem"],"_links":{"self":[{"href":"https:\/\/www.jornalcontato.com.br\/home\/index.php\/wp-json\/wp\/v2\/posts\/415","targetHints":{"allow":["GET"]}}],"collection":[{"href":"https:\/\/www.jornalcontato.com.br\/home\/index.php\/wp-json\/wp\/v2\/posts"}],"about":[{"href":"https:\/\/www.jornalcontato.com.br\/home\/index.php\/wp-json\/wp\/v2\/types\/post"}],"author":[{"embeddable":true,"href":"https:\/\/www.jornalcontato.com.br\/home\/index.php\/wp-json\/wp\/v2\/users\/1"}],"replies":[{"embeddable":true,"href":"https:\/\/www.jornalcontato.com.br\/home\/index.php\/wp-json\/wp\/v2\/comments?post=415"}],"version-history":[{"count":1,"href":"https:\/\/www.jornalcontato.com.br\/home\/index.php\/wp-json\/wp\/v2\/posts\/415\/revisions"}],"predecessor-version":[{"id":420,"href":"https:\/\/www.jornalcontato.com.br\/home\/index.php\/wp-json\/wp\/v2\/posts\/415\/revisions\/420"}],"wp:featuredmedia":[{"embeddable":true,"href":"https:\/\/www.jornalcontato.com.br\/home\/index.php\/wp-json\/wp\/v2\/media\/417"}],"wp:attachment":[{"href":"https:\/\/www.jornalcontato.com.br\/home\/index.php\/wp-json\/wp\/v2\/media?parent=415"}],"wp:term":[{"taxonomy":"category","embeddable":true,"href":"https:\/\/www.jornalcontato.com.br\/home\/index.php\/wp-json\/wp\/v2\/categories?post=415"},{"taxonomy":"post_tag","embeddable":true,"href":"https:\/\/www.jornalcontato.com.br\/home\/index.php\/wp-json\/wp\/v2\/tags?post=415"}],"curies":[{"name":"wp","href":"https:\/\/api.w.org\/{rel}","templated":true}]}}