{"id":411,"date":"2012-08-01T14:23:37","date_gmt":"2012-08-01T17:23:37","guid":{"rendered":"http:\/\/jornalcontato.com.br\/home\/?p=411"},"modified":"2012-08-17T14:25:34","modified_gmt":"2012-08-17T17:25:34","slug":"acit-e-as-eleicoes","status":"publish","type":"post","link":"https:\/\/www.jornalcontato.com.br\/home\/index.php\/acit-e-as-eleicoes\/","title":{"rendered":"ACIT e as elei\u00e7\u00f5es"},"content":{"rendered":"<p><a href=\"http:\/\/jornalcontato.com.br\/home\/wp-content\/uploads\/2012\/08\/DSC_3950.jpg\"><img loading=\"lazy\" decoding=\"async\" class=\"aligncenter size-medium wp-image-412\" title=\"DSC_3950\" src=\"http:\/\/jornalcontato.com.br\/home\/wp-content\/uploads\/2012\/08\/DSC_3950-300x200.jpg\" alt=\"\" width=\"300\" height=\"200\" srcset=\"https:\/\/jornalcontato.com.br\/home\/wp-content\/uploads\/2012\/08\/DSC_3950-300x200.jpg 300w, https:\/\/jornalcontato.com.br\/home\/wp-content\/uploads\/2012\/08\/DSC_3950-1024x682.jpg 1024w, https:\/\/jornalcontato.com.br\/home\/wp-content\/uploads\/2012\/08\/DSC_3950.jpg 1600w\" sizes=\"auto, (max-width: 300px) 100vw, 300px\" \/><\/a><\/p>\n<p>A presidente da Associa\u00e7\u00e3o Comercial e Industrial de Taubat\u00e9, Sandra Teixeira, divulgou um comunicado oficial sobre o afastamento de Cl\u00e1udio Testa da diretoria Desenvolvimento Regional da ACIT em raz\u00e3o das elei\u00e7\u00f5es municipais. Testa \u00e9 candidato a vice-prefeito na chapa do Partido Verde encabe\u00e7ada pelo deputado estadual Padre Afonso Lobato. Sandra Teixeira agradece o ex-diretor pela\u00a0<em>&#8220;dedica\u00e7\u00e3o e presteza, sempre se destacando pela qualidade, efici\u00eancia e preparo na execu\u00e7\u00e3o de suas atribui\u00e7\u00f5es enquanto diretor desta institui\u00e7\u00e3o no per\u00edodo de 2007 a 2012&#8221;<\/em>\u00a0e deseja\u00a0<em>&#8220;muito sucesso, devido sua idoneidade, honestidade e perseveran\u00e7a, t\u00e3o raros atualmente&#8221;<\/em>.<\/p>\n","protected":false},"excerpt":{"rendered":"<p>A presidente da Associa\u00e7\u00e3o Comercial e Industrial de Taubat\u00e9, Sandra Teixeira, divulgou um comunicado oficial sobre o afastamento de Cl\u00e1udio Testa da diretoria Desenvolvimento Regional &#8230;<\/p>\n","protected":false},"author":1,"featured_media":412,"comment_status":"open","ping_status":"open","sticky":false,"template":"","format":"standard","meta":{"footnotes":""},"categories":[7],"tags":[],"class_list":["post-411","post","type-post","status-publish","format-standard","has-post-thumbnail","hentry","category-reportagem"],"_links":{"self":[{"href":"https:\/\/www.jornalcontato.com.br\/home\/index.php\/wp-json\/wp\/v2\/posts\/411","targetHints":{"allow":["GET"]}}],"collection":[{"href":"https:\/\/www.jornalcontato.com.br\/home\/index.php\/wp-json\/wp\/v2\/posts"}],"about":[{"href":"https:\/\/www.jornalcontato.com.br\/home\/index.php\/wp-json\/wp\/v2\/types\/post"}],"author":[{"embeddable":true,"href":"https:\/\/www.jornalcontato.com.br\/home\/index.php\/wp-json\/wp\/v2\/users\/1"}],"replies":[{"embeddable":true,"href":"https:\/\/www.jornalcontato.com.br\/home\/index.php\/wp-json\/wp\/v2\/comments?post=411"}],"version-history":[{"count":2,"href":"https:\/\/www.jornalcontato.com.br\/home\/index.php\/wp-json\/wp\/v2\/posts\/411\/revisions"}],"predecessor-version":[{"id":414,"href":"https:\/\/www.jornalcontato.com.br\/home\/index.php\/wp-json\/wp\/v2\/posts\/411\/revisions\/414"}],"wp:featuredmedia":[{"embeddable":true,"href":"https:\/\/www.jornalcontato.com.br\/home\/index.php\/wp-json\/wp\/v2\/media\/412"}],"wp:attachment":[{"href":"https:\/\/www.jornalcontato.com.br\/home\/index.php\/wp-json\/wp\/v2\/media?parent=411"}],"wp:term":[{"taxonomy":"category","embeddable":true,"href":"https:\/\/www.jornalcontato.com.br\/home\/index.php\/wp-json\/wp\/v2\/categories?post=411"},{"taxonomy":"post_tag","embeddable":true,"href":"https:\/\/www.jornalcontato.com.br\/home\/index.php\/wp-json\/wp\/v2\/tags?post=411"}],"curies":[{"name":"wp","href":"https:\/\/api.w.org\/{rel}","templated":true}]}}