{"id":4087,"date":"2012-12-13T17:08:25","date_gmt":"2012-12-13T20:08:25","guid":{"rendered":"http:\/\/jornalcontato.com.br\/home\/?p=4087"},"modified":"2012-12-18T10:09:16","modified_gmt":"2012-12-18T13:09:16","slug":"vereadores-aprovam-orcamento-municipal-para-2013","status":"publish","type":"post","link":"https:\/\/www.jornalcontato.com.br\/home\/index.php\/vereadores-aprovam-orcamento-municipal-para-2013\/","title":{"rendered":"Vereadores aprovam or\u00e7amento municipal para 2013"},"content":{"rendered":"<p><em>Por Rodrigo Bustamante<\/em><\/p>\n<p><em>Foto: Paulo Lacerda<\/em><\/p>\n<p><em><\/em><br \/>\n<!--more-->A C\u00e2mara Municipal de Taubat\u00e9 aprovou na quarta-feira, 12, o projeto de Lei Or\u00e7ament\u00e1ria Anual para 2013. A proposta, que foi votada com 61 emendas na 169\u00aa Sess\u00e3o Ordin\u00e1ria, apresenta uma estimativa da receita municipal e fixa as despesas da Prefeitura, do IPMT (Instituto de Previd\u00eancia do Munic\u00edpio de Taubat\u00e9), da Universidade de Taubat\u00e9 e funda\u00e7\u00f5es.<\/p>\n<p>O vereador Dig\u00e3o (PSDB), integrante da Comiss\u00e3o de Finan\u00e7as e Or\u00e7amento, foi o autor de 37 emendas aprovadas, seguido pela vereadora Prof\u00aa Pollyana Gama (PPS), com seis; Orestes Vanone (PSDB), com cinco; Luizinho da Farm\u00e1cia (PR), com quatro; Chico Saad (PMDB),Jeferson Campos(PV) e Noilton Ramos (PSD), com duas cada; Jo\u00e3o Virgilio \u201cVerjola\u201d (PP) e Jos\u00e9 Antonio de Angelis \u201cBilili\u201d (PSDB) apresentaram uma emenda. Uma das emendas destina R$ 2.396.000 para 16 entidades assistenciais.<\/p>\n<p>O \u00edndice de remanejamento do or\u00e7amento, fixado inicialmente pelo projeto em 5%, foi alterado pela emenda de Verjola, que aumentou para 20%. A receita total prevista no projeto para 2013 \u00e9 de R$ 968.156.000, sendo R$ 707.200.000 da administra\u00e7\u00e3o direta e R$ 260.956.000 da indireta.<\/p>\n<p>Se despedindo do legislativo taubateano, o vereador Chico Saad (PMDB) se manifestou contr\u00e1rio \u00e0 emenda para as entidades assistenciais, salientando que elas j\u00e1 t\u00eam verba prevista no or\u00e7amento. \u201cA emenda est\u00e1 errada porque tira verba de uma rubrica e passa para outra. Se aprovarmos esta emenda e o prefeito vetar, n\u00e3o vai ter dinheiro para as entidades\u201d, alertou. J\u00e1 o presidente da Comiss\u00e3o de Finan\u00e7as, o vereador Carlos Peixoto (PMDB) afirmou que deu parecer favor\u00e1vel lembrando que a Apae (Associa\u00e7\u00e3o de Pais e Amigos dos Excepcionais) j\u00e1 passou por problemas por falta de verba. \u201cDe omisso ningu\u00e9m vai me chamar\u201d, sublinhou.<\/p>\n","protected":false},"excerpt":{"rendered":"<p>Por Rodrigo Bustamante Foto: Paulo Lacerda<\/p>\n","protected":false},"author":1,"featured_media":4088,"comment_status":"open","ping_status":"open","sticky":false,"template":"","format":"standard","meta":{"footnotes":""},"categories":[7],"tags":[],"class_list":["post-4087","post","type-post","status-publish","format-standard","has-post-thumbnail","hentry","category-reportagem"],"_links":{"self":[{"href":"https:\/\/www.jornalcontato.com.br\/home\/index.php\/wp-json\/wp\/v2\/posts\/4087","targetHints":{"allow":["GET"]}}],"collection":[{"href":"https:\/\/www.jornalcontato.com.br\/home\/index.php\/wp-json\/wp\/v2\/posts"}],"about":[{"href":"https:\/\/www.jornalcontato.com.br\/home\/index.php\/wp-json\/wp\/v2\/types\/post"}],"author":[{"embeddable":true,"href":"https:\/\/www.jornalcontato.com.br\/home\/index.php\/wp-json\/wp\/v2\/users\/1"}],"replies":[{"embeddable":true,"href":"https:\/\/www.jornalcontato.com.br\/home\/index.php\/wp-json\/wp\/v2\/comments?post=4087"}],"version-history":[{"count":4,"href":"https:\/\/www.jornalcontato.com.br\/home\/index.php\/wp-json\/wp\/v2\/posts\/4087\/revisions"}],"predecessor-version":[{"id":4163,"href":"https:\/\/www.jornalcontato.com.br\/home\/index.php\/wp-json\/wp\/v2\/posts\/4087\/revisions\/4163"}],"wp:featuredmedia":[{"embeddable":true,"href":"https:\/\/www.jornalcontato.com.br\/home\/index.php\/wp-json\/wp\/v2\/media\/4088"}],"wp:attachment":[{"href":"https:\/\/www.jornalcontato.com.br\/home\/index.php\/wp-json\/wp\/v2\/media?parent=4087"}],"wp:term":[{"taxonomy":"category","embeddable":true,"href":"https:\/\/www.jornalcontato.com.br\/home\/index.php\/wp-json\/wp\/v2\/categories?post=4087"},{"taxonomy":"post_tag","embeddable":true,"href":"https:\/\/www.jornalcontato.com.br\/home\/index.php\/wp-json\/wp\/v2\/tags?post=4087"}],"curies":[{"name":"wp","href":"https:\/\/api.w.org\/{rel}","templated":true}]}}