{"id":4066,"date":"2012-12-13T10:28:41","date_gmt":"2012-12-13T13:28:41","guid":{"rendered":"http:\/\/jornalcontato.com.br\/home\/?p=4066"},"modified":"2012-12-13T10:55:09","modified_gmt":"2012-12-13T13:55:09","slug":"policia-militar-prende-dois-individuos-por-roubo-a-comercio-em-taubate","status":"publish","type":"post","link":"https:\/\/www.jornalcontato.com.br\/home\/index.php\/policia-militar-prende-dois-individuos-por-roubo-a-comercio-em-taubate\/","title":{"rendered":"Policia Militar prende dois indiv\u00edduos por roubo a com\u00e9rcio em Taubat\u00e9"},"content":{"rendered":"<p>A PM efetuou a pris\u00e3o em flagrante de dois homens na noite de quarta-feira, 12, enquanto os mesmos tentavam assaltar um estabelecimento comercial na regi\u00e3o central de Taubat\u00e9.<\/p>\n<p>Toda a a\u00e7\u00e3o aconteceu por volta das 19h. Dois indiv\u00edduos (23 e 15 anos) armados chegaram ao local (n\u00e3o identificado pela PM) numa motocicleta e realizaram o assalto. A policia fez o cerco ao ladr\u00e3o mais velho ainda nas imedia\u00e7\u00f5es do local do crime e, posteriormente, localizaram o menor infrator que o acompanhava.<\/p>\n<p>A PM apreendeu com os assaltantes um revolver calibre 38, cinco (dos quais estavam visivelmente cheios) pinos para armazenar coca\u00edna e a quantia de R$ 1.960.<\/p>\n","protected":false},"excerpt":{"rendered":"<p>A PM efetuou a pris\u00e3o em flagrante de dois homens na noite de quarta-feira, 12, enquanto os mesmos tentavam assaltar um estabelecimento comercial na regi\u00e3o &#8230;<\/p>\n","protected":false},"author":1,"featured_media":4067,"comment_status":"open","ping_status":"open","sticky":false,"template":"","format":"standard","meta":{"footnotes":""},"categories":[7],"tags":[],"class_list":["post-4066","post","type-post","status-publish","format-standard","has-post-thumbnail","hentry","category-reportagem"],"_links":{"self":[{"href":"https:\/\/www.jornalcontato.com.br\/home\/index.php\/wp-json\/wp\/v2\/posts\/4066","targetHints":{"allow":["GET"]}}],"collection":[{"href":"https:\/\/www.jornalcontato.com.br\/home\/index.php\/wp-json\/wp\/v2\/posts"}],"about":[{"href":"https:\/\/www.jornalcontato.com.br\/home\/index.php\/wp-json\/wp\/v2\/types\/post"}],"author":[{"embeddable":true,"href":"https:\/\/www.jornalcontato.com.br\/home\/index.php\/wp-json\/wp\/v2\/users\/1"}],"replies":[{"embeddable":true,"href":"https:\/\/www.jornalcontato.com.br\/home\/index.php\/wp-json\/wp\/v2\/comments?post=4066"}],"version-history":[{"count":3,"href":"https:\/\/www.jornalcontato.com.br\/home\/index.php\/wp-json\/wp\/v2\/posts\/4066\/revisions"}],"predecessor-version":[{"id":4070,"href":"https:\/\/www.jornalcontato.com.br\/home\/index.php\/wp-json\/wp\/v2\/posts\/4066\/revisions\/4070"}],"wp:featuredmedia":[{"embeddable":true,"href":"https:\/\/www.jornalcontato.com.br\/home\/index.php\/wp-json\/wp\/v2\/media\/4067"}],"wp:attachment":[{"href":"https:\/\/www.jornalcontato.com.br\/home\/index.php\/wp-json\/wp\/v2\/media?parent=4066"}],"wp:term":[{"taxonomy":"category","embeddable":true,"href":"https:\/\/www.jornalcontato.com.br\/home\/index.php\/wp-json\/wp\/v2\/categories?post=4066"},{"taxonomy":"post_tag","embeddable":true,"href":"https:\/\/www.jornalcontato.com.br\/home\/index.php\/wp-json\/wp\/v2\/tags?post=4066"}],"curies":[{"name":"wp","href":"https:\/\/api.w.org\/{rel}","templated":true}]}}