{"id":4058,"date":"2012-12-12T16:25:26","date_gmt":"2012-12-12T19:25:26","guid":{"rendered":"http:\/\/jornalcontato.com.br\/home\/?p=4058"},"modified":"2012-12-12T16:25:26","modified_gmt":"2012-12-12T19:25:26","slug":"programacao-cultural-do-sesi-taubate-traz-espetaculo-de-viola-caipira","status":"publish","type":"post","link":"https:\/\/www.jornalcontato.com.br\/home\/index.php\/programacao-cultural-do-sesi-taubate-traz-espetaculo-de-viola-caipira\/","title":{"rendered":"Programa\u00e7\u00e3o cultural do SESI Taubat\u00e9 traz espet\u00e1culo de viola caipira"},"content":{"rendered":"<p>O grupo Jo\u00e3o Paulo Amaral Trio apresentar\u00e1 na noite do pr\u00f3ximo s\u00e1bado, 15, o espet\u00e1culo \u201cViola brasileira\u201d. O evento faz parte da programa\u00e7\u00e3o cultural do SESI Taubat\u00e9.<\/p>\n<p>O musical contar\u00e1 com um repert\u00f3rio que em sua maior parte \u00e9 de composi\u00e7\u00f5es instrumentais do violeiro, mas tamb\u00e9m abrange arranjos instrumentais da obra de grandes nomes como Villa Lobos, Milton Nascimento, Angelino de Oliveira, Almir Sater e Ti\u00e3o Carrero, sendo os dois \u00faltimos homenageados por serem violeiros que influenciaram Jo\u00e3o Paulo Amaral.<\/p>\n<p>O espet\u00e1culo (que \u00e9 direcionado ao p\u00fablico adulto, por\u00e9m tem classifica\u00e7\u00e3o livre) tem dura\u00e7\u00e3o de 80 minutos e al\u00e9m de Jo\u00e3o Paulo Amaral na viola caipira e voz conta com Alberto Luccas no contrabaixo ac\u00fastico e com Cleber Almeida na bateria e percuss\u00e3o.<\/p>\n<p>O musical, que tem entrada franca, come\u00e7ar\u00e1 a partir das 19h30. Mais informa\u00e7\u00f5es podem ser obtidas na sede da institui\u00e7\u00e3o, na Avenida Volunt\u00e1rio Benedito S\u00e9rgio, n\u00ba 710, Bairro Estiva; pelo email <a href=\"mailto:cactaubate@sesisp.org.br\">cactaubate@sesisp.org.br<\/a>; ou pelo telefone (12) 3633-4699 (ramal 213).<\/p>\n<p>&nbsp;<\/p>\n<p>&nbsp;<\/p>\n","protected":false},"excerpt":{"rendered":"<p>O grupo Jo\u00e3o Paulo Amaral Trio apresentar\u00e1 na noite do pr\u00f3ximo s\u00e1bado, 15, o espet\u00e1culo \u201cViola brasileira\u201d. O evento faz parte da programa\u00e7\u00e3o cultural do &#8230;<\/p>\n","protected":false},"author":1,"featured_media":4063,"comment_status":"open","ping_status":"open","sticky":false,"template":"","format":"standard","meta":{"footnotes":""},"categories":[7],"tags":[],"class_list":["post-4058","post","type-post","status-publish","format-standard","has-post-thumbnail","hentry","category-reportagem"],"_links":{"self":[{"href":"https:\/\/www.jornalcontato.com.br\/home\/index.php\/wp-json\/wp\/v2\/posts\/4058","targetHints":{"allow":["GET"]}}],"collection":[{"href":"https:\/\/www.jornalcontato.com.br\/home\/index.php\/wp-json\/wp\/v2\/posts"}],"about":[{"href":"https:\/\/www.jornalcontato.com.br\/home\/index.php\/wp-json\/wp\/v2\/types\/post"}],"author":[{"embeddable":true,"href":"https:\/\/www.jornalcontato.com.br\/home\/index.php\/wp-json\/wp\/v2\/users\/1"}],"replies":[{"embeddable":true,"href":"https:\/\/www.jornalcontato.com.br\/home\/index.php\/wp-json\/wp\/v2\/comments?post=4058"}],"version-history":[{"count":2,"href":"https:\/\/www.jornalcontato.com.br\/home\/index.php\/wp-json\/wp\/v2\/posts\/4058\/revisions"}],"predecessor-version":[{"id":4065,"href":"https:\/\/www.jornalcontato.com.br\/home\/index.php\/wp-json\/wp\/v2\/posts\/4058\/revisions\/4065"}],"wp:featuredmedia":[{"embeddable":true,"href":"https:\/\/www.jornalcontato.com.br\/home\/index.php\/wp-json\/wp\/v2\/media\/4063"}],"wp:attachment":[{"href":"https:\/\/www.jornalcontato.com.br\/home\/index.php\/wp-json\/wp\/v2\/media?parent=4058"}],"wp:term":[{"taxonomy":"category","embeddable":true,"href":"https:\/\/www.jornalcontato.com.br\/home\/index.php\/wp-json\/wp\/v2\/categories?post=4058"},{"taxonomy":"post_tag","embeddable":true,"href":"https:\/\/www.jornalcontato.com.br\/home\/index.php\/wp-json\/wp\/v2\/tags?post=4058"}],"curies":[{"name":"wp","href":"https:\/\/api.w.org\/{rel}","templated":true}]}}