{"id":396,"date":"2012-08-16T15:05:19","date_gmt":"2012-08-16T18:05:19","guid":{"rendered":"http:\/\/jornalcontato.com.br\/home\/?p=396"},"modified":"2012-08-19T22:32:32","modified_gmt":"2012-08-20T01:32:32","slug":"centenario-asilo-pode-sumir-do-mapa","status":"publish","type":"post","link":"https:\/\/www.jornalcontato.com.br\/home\/index.php\/centenario-asilo-pode-sumir-do-mapa\/","title":{"rendered":"Centen\u00e1rio asilo pode sumir do mapa"},"content":{"rendered":"<p>A sociedade S\u00e3o Vicente de Paulo, a Comunidade da Casas Pias, o Movimento Preserva Taubat\u00e9 e o Almanaque Urup\u00eas convidam a popula\u00e7\u00e3o para participar da mobiliza\u00e7\u00e3o em prol do centen\u00e1rio asilo Casas Pias. O evento, chamado \u201c Salvem e preservem a Casas Pias\u201d, acontece no s\u00e1bado, dia 18, \u00e0s 16 horas, na Rua 4 de Mar\u00e7o, n\u00b0 263.<!--more--><\/p>\n<p>Ser\u00e3o realizadas atividades como celebra\u00e7\u00e3o de Santa Missa, exibi\u00e7\u00e3o de document\u00e1rio, coleta de assinaturas para solicitar processo de tombamento. A hist\u00f3rica capela do asilo, erguida em 1925 corre o risco de ser demolida para dar espa\u00e7o a um empreendimento imobili\u00e1rio.<\/p>\n<p>&nbsp;<\/p>\n<p>&nbsp;<\/p>\n","protected":false},"excerpt":{"rendered":"<p>A sociedade S\u00e3o Vicente de Paulo, a Comunidade da Casas Pias, o Movimento Preserva Taubat\u00e9 e o Almanaque Urup\u00eas convidam a popula\u00e7\u00e3o para participar da &#8230;<\/p>\n","protected":false},"author":1,"featured_media":397,"comment_status":"open","ping_status":"open","sticky":false,"template":"","format":"standard","meta":{"footnotes":""},"categories":[7],"tags":[],"class_list":["post-396","post","type-post","status-publish","format-standard","has-post-thumbnail","hentry","category-reportagem"],"_links":{"self":[{"href":"https:\/\/www.jornalcontato.com.br\/home\/index.php\/wp-json\/wp\/v2\/posts\/396","targetHints":{"allow":["GET"]}}],"collection":[{"href":"https:\/\/www.jornalcontato.com.br\/home\/index.php\/wp-json\/wp\/v2\/posts"}],"about":[{"href":"https:\/\/www.jornalcontato.com.br\/home\/index.php\/wp-json\/wp\/v2\/types\/post"}],"author":[{"embeddable":true,"href":"https:\/\/www.jornalcontato.com.br\/home\/index.php\/wp-json\/wp\/v2\/users\/1"}],"replies":[{"embeddable":true,"href":"https:\/\/www.jornalcontato.com.br\/home\/index.php\/wp-json\/wp\/v2\/comments?post=396"}],"version-history":[{"count":6,"href":"https:\/\/www.jornalcontato.com.br\/home\/index.php\/wp-json\/wp\/v2\/posts\/396\/revisions"}],"predecessor-version":[{"id":400,"href":"https:\/\/www.jornalcontato.com.br\/home\/index.php\/wp-json\/wp\/v2\/posts\/396\/revisions\/400"}],"wp:featuredmedia":[{"embeddable":true,"href":"https:\/\/www.jornalcontato.com.br\/home\/index.php\/wp-json\/wp\/v2\/media\/397"}],"wp:attachment":[{"href":"https:\/\/www.jornalcontato.com.br\/home\/index.php\/wp-json\/wp\/v2\/media?parent=396"}],"wp:term":[{"taxonomy":"category","embeddable":true,"href":"https:\/\/www.jornalcontato.com.br\/home\/index.php\/wp-json\/wp\/v2\/categories?post=396"},{"taxonomy":"post_tag","embeddable":true,"href":"https:\/\/www.jornalcontato.com.br\/home\/index.php\/wp-json\/wp\/v2\/tags?post=396"}],"curies":[{"name":"wp","href":"https:\/\/api.w.org\/{rel}","templated":true}]}}