{"id":3660,"date":"2012-11-23T09:59:49","date_gmt":"2012-11-23T12:59:49","guid":{"rendered":"http:\/\/jornalcontato.com.br\/home\/?p=3660"},"modified":"2012-11-23T09:59:49","modified_gmt":"2012-11-23T12:59:49","slug":"virada-inclusiva-sera-em-taubate","status":"publish","type":"post","link":"https:\/\/www.jornalcontato.com.br\/home\/index.php\/virada-inclusiva-sera-em-taubate\/","title":{"rendered":"Virada Inclusiva ser\u00e1 em Taubat\u00e9"},"content":{"rendered":"<p>Entre os dias 1 e 3 de dezembro, acontece a 3\u00aa edi\u00e7\u00e3o da Virada Inclusiva, evento coordenado pela Secretaria de Estado dos Direitos da Pessoa com Defici\u00eancia para celebrar o Dia Internacional da Pessoa Com Defici\u00eancia, comemorado no dia 3 de dezembro. Ao todo, mais de 80 cidades ter\u00e3o atividades voltadas para a cultura, lazer e esporte, distribu\u00eddos entre as ruas, pra\u00e7as, parques, museus e teatros de todo o estado.<\/p>\n<p>No dia 1 de dezembro, a partir das 9h30, acontece no Sesc de Taubat\u00e9 uma partida de futsal inclusivo. No mesmo hor\u00e1rio, haver\u00e1 campeonato de xadrez para cegos, em parceria com a Federa\u00e7\u00e3o Paulista de Desportos para Cegos. Entre \u00e0s 10h e 14h, a Tenda do Sesc ser\u00e1 o local reservado para as interven\u00e7\u00f5es art\u00edsticas com atores, para retratar a tem\u00e1tica da inclus\u00e3o da pessoa com defici\u00eancia. Na mesma data, haver\u00e1 apresenta\u00e7\u00f5es esportivas de v\u00f4lei sentado, encontro com contadores de hist\u00f3rias, oficina de trabalhos manuais e apresenta\u00e7\u00e3o de dan\u00e7a.<\/p>\n<p>No segundo dia, \u00e0s 9h30, acontece na Nave Cultural do Sesc, o Campeonato Estadual de Xadrez para Cegos. A partir das 10h, haver\u00e1 uma caminhada musical pelas alamedas do Sesc Taubat\u00e9. Entre os eventos, os moradores da regi\u00e3o poder\u00e3o conferir apresenta\u00e7\u00f5es musicais e dan\u00e7a, jogos de mesa e oficinas de linguagem de teatro e circo.<\/p>\n<p>O encerramento da Virada Inclusiva ser\u00e1 na sede da Secretaria de Estado dos Direitos da Pessoa com Defici\u00eancia e contar\u00e1 com o Ballet Fernanda Bianchini, que re\u00fane bailarinos com e sem defici\u00eancia visual, e apresentar\u00e1, entre outros temas, a coreografia exibida na cerim\u00f4nia das Paralimp\u00edadas de Londres.<\/p>\n","protected":false},"excerpt":{"rendered":"<p>Entre os dias 1 e 3 de dezembro, acontece a 3\u00aa edi\u00e7\u00e3o da Virada Inclusiva, evento coordenado pela Secretaria de Estado dos Direitos da Pessoa &#8230;<\/p>\n","protected":false},"author":1,"featured_media":3661,"comment_status":"open","ping_status":"open","sticky":false,"template":"","format":"standard","meta":{"footnotes":""},"categories":[7],"tags":[],"class_list":["post-3660","post","type-post","status-publish","format-standard","has-post-thumbnail","hentry","category-reportagem"],"_links":{"self":[{"href":"https:\/\/www.jornalcontato.com.br\/home\/index.php\/wp-json\/wp\/v2\/posts\/3660","targetHints":{"allow":["GET"]}}],"collection":[{"href":"https:\/\/www.jornalcontato.com.br\/home\/index.php\/wp-json\/wp\/v2\/posts"}],"about":[{"href":"https:\/\/www.jornalcontato.com.br\/home\/index.php\/wp-json\/wp\/v2\/types\/post"}],"author":[{"embeddable":true,"href":"https:\/\/www.jornalcontato.com.br\/home\/index.php\/wp-json\/wp\/v2\/users\/1"}],"replies":[{"embeddable":true,"href":"https:\/\/www.jornalcontato.com.br\/home\/index.php\/wp-json\/wp\/v2\/comments?post=3660"}],"version-history":[{"count":1,"href":"https:\/\/www.jornalcontato.com.br\/home\/index.php\/wp-json\/wp\/v2\/posts\/3660\/revisions"}],"predecessor-version":[{"id":3662,"href":"https:\/\/www.jornalcontato.com.br\/home\/index.php\/wp-json\/wp\/v2\/posts\/3660\/revisions\/3662"}],"wp:featuredmedia":[{"embeddable":true,"href":"https:\/\/www.jornalcontato.com.br\/home\/index.php\/wp-json\/wp\/v2\/media\/3661"}],"wp:attachment":[{"href":"https:\/\/www.jornalcontato.com.br\/home\/index.php\/wp-json\/wp\/v2\/media?parent=3660"}],"wp:term":[{"taxonomy":"category","embeddable":true,"href":"https:\/\/www.jornalcontato.com.br\/home\/index.php\/wp-json\/wp\/v2\/categories?post=3660"},{"taxonomy":"post_tag","embeddable":true,"href":"https:\/\/www.jornalcontato.com.br\/home\/index.php\/wp-json\/wp\/v2\/tags?post=3660"}],"curies":[{"name":"wp","href":"https:\/\/api.w.org\/{rel}","templated":true}]}}