{"id":3649,"date":"2012-11-22T17:08:22","date_gmt":"2012-11-22T20:08:22","guid":{"rendered":"http:\/\/jornalcontato.com.br\/home\/?p=3649"},"modified":"2012-11-29T13:26:56","modified_gmt":"2012-11-29T16:26:56","slug":"edicao-575-do-jornal-contato","status":"publish","type":"post","link":"https:\/\/www.jornalcontato.com.br\/home\/index.php\/edicao-575-do-jornal-contato\/","title":{"rendered":"Edi\u00e7\u00e3o 575 do Jornal CONTATO"},"content":{"rendered":"<p style=\"text-align: center;\">Confira os temperos de Tia Anast\u00e1cia para a edi\u00e7\u00e3o 575 do CONTATO<\/p>\n<p><strong><!--more-->Persona non grata 1<\/strong><br \/>\nA vereadora Gra\u00e7a (PSB) deve\u00a0ser a primeira mulher na hist\u00f3ria<br \/>\npol\u00edtica local a assumir um cargo\u00a0de Presidente da C\u00e2mara Municipal.<br \/>\nO acordo pol\u00edtico que ela\u00a0firmou com o vereador Luizinho\u00a0da Farm\u00e1cia (PR) garante a manuten\u00e7\u00e3o\u00a0do atual diretor-geral\u00a0da C\u00e2mara Municipal, Otto Rodrigues\u00a0de Albuquerque Junior,\u00a0nos quadros do Legislativo. Por\u00e9m,<br \/>\nseu futuro cargo ainda \u00e9 incerto,\u00a0mas uma coisa \u00e9 certa, ser\u00e1\u00a0de chefia. \u201cTudo com dantes&#8230;\u201d,\u00a0murmura Tia Anast\u00e1cia.<\/p>\n<p><strong>Persona non grata 2<\/strong><br \/>\nInicialmente, ventilaram a hip\u00f3tese\u00a0de Otto assumir o setor de\u00a0Compras. Em seguida, as informa\u00e7\u00f5es\u00a0indicavam que ele seria\u00a0remanejado para o de Recursos\u00a0Humanos. Depois, falaram no\u00a0setor de Log\u00edstica. O assunto tem<br \/>\ncausado consider\u00e1vel desconforto\u00a0entre os servidores do Legislativo.\u00a0Poucos querem ser colega\u00a0de trabalho dele em 2013.<\/p>\n<p><strong>Persona non grata 3<\/strong><br \/>\nSe for para o setor de Log\u00edstica,\u00a0os motoristas da C\u00e2mara Municipal<br \/>\nj\u00e1 ensaiam uma esp\u00e9cie\u00a0de rebeli\u00e3o contra o novo chefe.\u00a0\u201cEssa eu quero ver\u201d, pensa em\u00a0voz alta Tia Anast\u00e1cia.<\/p>\n<p><strong>Amigo do rei<\/strong><br \/>\nA rua Kenzo Kajita \u00e9 bastante\u00a0extensa. Curiosamente, a Prefeitura<br \/>\nde Taubat\u00e9 colocou asfalto\u00a0e sinaliza\u00e7\u00e3o horizontal somente\u00a0no primeiro trecho da rua, onde\u00a0se encontra um im\u00f3vel de propriedade\u00a0do Secret\u00e1rio de Sa\u00fade,\u00a0Pedro Henrique Silveira. Isso\u00a0pode Arnaldo?<\/p>\n<p><strong>Endividado<\/strong><br \/>\nO nome da coliga\u00e7\u00e3o de Padre\u00a0Afonso Lobato (PV) apareceu\u00a0no 1\u00ba Tabeli\u00e3o de Notas e\u00a0Protesto de Letras e T\u00edtulos de\u00a0Taubat\u00e9. Coitado de quem protestou,<br \/>\nporque d\u00edvida de campanha\u00a0costuma n\u00e3o ter dono,\u00a0principalmente se o candidato j\u00e1\u00a0disse que nunca mais vai disputar\u00a0o direito de sentar no trono<br \/>\ndo Pal\u00e1cio Bom Conselho.<\/p>\n<p><a href=\"http:\/\/jornalcontato.com.br\/home\/wp-content\/uploads\/2012\/11\/JC575.jpg\"><img loading=\"lazy\" decoding=\"async\" class=\"aligncenter size-medium wp-image-3650\" title=\"JC575\" src=\"http:\/\/jornalcontato.com.br\/home\/wp-content\/uploads\/2012\/11\/JC575-262x300.jpg\" alt=\"\" width=\"262\" height=\"300\" srcset=\"https:\/\/jornalcontato.com.br\/home\/wp-content\/uploads\/2012\/11\/JC575-262x300.jpg 262w, https:\/\/jornalcontato.com.br\/home\/wp-content\/uploads\/2012\/11\/JC575.jpg 780w\" sizes=\"auto, (max-width: 262px) 100vw, 262px\" \/><\/a><\/p>\n","protected":false},"excerpt":{"rendered":"<p>Confira os temperos de Tia Anast\u00e1cia para a edi\u00e7\u00e3o 575 do CONTATO<\/p>\n","protected":false},"author":1,"featured_media":3651,"comment_status":"open","ping_status":"open","sticky":false,"template":"","format":"standard","meta":{"footnotes":""},"categories":[7],"tags":[],"class_list":["post-3649","post","type-post","status-publish","format-standard","has-post-thumbnail","hentry","category-reportagem"],"_links":{"self":[{"href":"https:\/\/www.jornalcontato.com.br\/home\/index.php\/wp-json\/wp\/v2\/posts\/3649","targetHints":{"allow":["GET"]}}],"collection":[{"href":"https:\/\/www.jornalcontato.com.br\/home\/index.php\/wp-json\/wp\/v2\/posts"}],"about":[{"href":"https:\/\/www.jornalcontato.com.br\/home\/index.php\/wp-json\/wp\/v2\/types\/post"}],"author":[{"embeddable":true,"href":"https:\/\/www.jornalcontato.com.br\/home\/index.php\/wp-json\/wp\/v2\/users\/1"}],"replies":[{"embeddable":true,"href":"https:\/\/www.jornalcontato.com.br\/home\/index.php\/wp-json\/wp\/v2\/comments?post=3649"}],"version-history":[{"count":4,"href":"https:\/\/www.jornalcontato.com.br\/home\/index.php\/wp-json\/wp\/v2\/posts\/3649\/revisions"}],"predecessor-version":[{"id":3658,"href":"https:\/\/www.jornalcontato.com.br\/home\/index.php\/wp-json\/wp\/v2\/posts\/3649\/revisions\/3658"}],"wp:featuredmedia":[{"embeddable":true,"href":"https:\/\/www.jornalcontato.com.br\/home\/index.php\/wp-json\/wp\/v2\/media\/3651"}],"wp:attachment":[{"href":"https:\/\/www.jornalcontato.com.br\/home\/index.php\/wp-json\/wp\/v2\/media?parent=3649"}],"wp:term":[{"taxonomy":"category","embeddable":true,"href":"https:\/\/www.jornalcontato.com.br\/home\/index.php\/wp-json\/wp\/v2\/categories?post=3649"},{"taxonomy":"post_tag","embeddable":true,"href":"https:\/\/www.jornalcontato.com.br\/home\/index.php\/wp-json\/wp\/v2\/tags?post=3649"}],"curies":[{"name":"wp","href":"https:\/\/api.w.org\/{rel}","templated":true}]}}