{"id":36,"date":"2012-08-06T15:56:05","date_gmt":"2012-08-06T18:56:05","guid":{"rendered":"http:\/\/jornalcontato.com.br\/home\/?p=36"},"modified":"2012-08-06T15:56:55","modified_gmt":"2012-08-06T18:56:55","slug":"pm","status":"publish","type":"post","link":"https:\/\/www.jornalcontato.com.br\/home\/index.php\/pm\/","title":{"rendered":"PM"},"content":{"rendered":"<div>Flagrante da Pol\u00edcia Militar no Bairro Jardim Am\u00e9rica em Taubat\u00e9. Dois homens foram presos por tr\u00e1fico de drogas, recepta\u00e7\u00e3o e porte ilegal de muni\u00e7\u00f5es na noite de domingo, dia 5. Policiais encontraram com a dupla um ve\u00edculo (Jeep Pajero de cor prata) roubado, 35 muni\u00e7\u00f5es calibre 38, R$5.496 e 0,145 Kg de coca\u00edna.<\/div>\n<div><\/div>\n<div>O comando do 5\u00ba BPM\/I \u2013 General Salgado, com sede em Taubat\u00e9 e respons\u00e1vel pelo policiamento em dez cidades da regi\u00e3o, prepara um esquema especial para refor\u00e7ar o policiamento durante o final de semana do Dia dos Pais, quando 1489 presos do regime semi-aberto devem deixar temporariamente as cadeias para visitar suas respectivas fam\u00edlias. A sa\u00edda ocorrer\u00e1 \u00e0s 8 horas do dia 8 de agosto. Os presos devem retornar at\u00e9 \u00e0s 18 horas do dia 14 de agosto.<\/div>\n<p>&nbsp;<\/p>\n<div><strong>A popula\u00e7\u00e3o pode ajudar a PM no combate \u00e0 criminalidade fornecendo informa\u00e7\u00f5es a respeito de irregularidades por meio do telefone 190, do disque den\u00fancia 0800 555 190 ou do disque den\u00fancia 181<\/strong><\/div>\n","protected":false},"excerpt":{"rendered":"<p>Flagrante da Pol\u00edcia Militar no Bairro Jardim Am\u00e9rica em Taubat\u00e9. Dois homens foram presos por tr\u00e1fico de drogas, recepta\u00e7\u00e3o e porte ilegal de muni\u00e7\u00f5es na &#8230;<\/p>\n","protected":false},"author":1,"featured_media":37,"comment_status":"open","ping_status":"open","sticky":false,"template":"","format":"standard","meta":{"footnotes":""},"categories":[7],"tags":[],"class_list":["post-36","post","type-post","status-publish","format-standard","has-post-thumbnail","hentry","category-reportagem"],"_links":{"self":[{"href":"https:\/\/www.jornalcontato.com.br\/home\/index.php\/wp-json\/wp\/v2\/posts\/36","targetHints":{"allow":["GET"]}}],"collection":[{"href":"https:\/\/www.jornalcontato.com.br\/home\/index.php\/wp-json\/wp\/v2\/posts"}],"about":[{"href":"https:\/\/www.jornalcontato.com.br\/home\/index.php\/wp-json\/wp\/v2\/types\/post"}],"author":[{"embeddable":true,"href":"https:\/\/www.jornalcontato.com.br\/home\/index.php\/wp-json\/wp\/v2\/users\/1"}],"replies":[{"embeddable":true,"href":"https:\/\/www.jornalcontato.com.br\/home\/index.php\/wp-json\/wp\/v2\/comments?post=36"}],"version-history":[{"count":4,"href":"https:\/\/www.jornalcontato.com.br\/home\/index.php\/wp-json\/wp\/v2\/posts\/36\/revisions"}],"predecessor-version":[{"id":42,"href":"https:\/\/www.jornalcontato.com.br\/home\/index.php\/wp-json\/wp\/v2\/posts\/36\/revisions\/42"}],"wp:featuredmedia":[{"embeddable":true,"href":"https:\/\/www.jornalcontato.com.br\/home\/index.php\/wp-json\/wp\/v2\/media\/37"}],"wp:attachment":[{"href":"https:\/\/www.jornalcontato.com.br\/home\/index.php\/wp-json\/wp\/v2\/media?parent=36"}],"wp:term":[{"taxonomy":"category","embeddable":true,"href":"https:\/\/www.jornalcontato.com.br\/home\/index.php\/wp-json\/wp\/v2\/categories?post=36"},{"taxonomy":"post_tag","embeddable":true,"href":"https:\/\/www.jornalcontato.com.br\/home\/index.php\/wp-json\/wp\/v2\/tags?post=36"}],"curies":[{"name":"wp","href":"https:\/\/api.w.org\/{rel}","templated":true}]}}