{"id":3507,"date":"2012-11-14T14:00:46","date_gmt":"2012-11-14T17:00:46","guid":{"rendered":"http:\/\/jornalcontato.com.br\/home\/?p=3507"},"modified":"2012-11-14T14:00:46","modified_gmt":"2012-11-14T17:00:46","slug":"dutra-tem-policiamento-reforcado-no-feriado-da-proclamacao-da-republica","status":"publish","type":"post","link":"https:\/\/www.jornalcontato.com.br\/home\/index.php\/dutra-tem-policiamento-reforcado-no-feriado-da-proclamacao-da-republica\/","title":{"rendered":"Dutra tem policiamento refor\u00e7ado no feriado da Proclama\u00e7\u00e3o da Rep\u00fablica"},"content":{"rendered":"<p>Por Paulo Lacerda<\/p>\n<p>A CCR NovaDutra, concession\u00e1ria que administra a Rodovia Presidente Dutra intensificar\u00e1 o n\u00famero de agentes rodovi\u00e1rios a partir das 16h desta quarta-feira, dia 14, para oferecer melhor estrutura ao grande contingente de turistas que passar\u00e3o pelo Vale do Para\u00edba e demais acessos da pista rumo ao Litoral Norte ou \u00e0 Serra da Mantiqueira no feriado da Proclama\u00e7\u00e3o da Rep\u00fablica, comemorado no dia 15 de novembro.<\/p>\n<p>A rodovia ser\u00e1 monitorada por mais de cem viaturas e 500 profissionais, entre agentes de atendimento, m\u00e9dicos, enfermeiros e equipes de emerg\u00eancia, que estar\u00e3o 24 horas por dia \u00e0 disposi\u00e7\u00e3o dos usu\u00e1rios, em regime de revezamento, distribu\u00eddos em 11 Bases Operacionais ao longo da Via Dutra. Em caso de acidentes de tr\u00e2nsito, os usu\u00e1rios da Via Dutra devem ligar no telefone 0800-0173536.<\/p>\n","protected":false},"excerpt":{"rendered":"<p>Por Paulo Lacerda A CCR NovaDutra, concession\u00e1ria que administra a Rodovia Presidente Dutra intensificar\u00e1 o n\u00famero de agentes rodovi\u00e1rios a partir das 16h desta quarta-feira, &#8230;<\/p>\n","protected":false},"author":1,"featured_media":3508,"comment_status":"open","ping_status":"open","sticky":false,"template":"","format":"standard","meta":{"footnotes":""},"categories":[7],"tags":[],"class_list":["post-3507","post","type-post","status-publish","format-standard","has-post-thumbnail","hentry","category-reportagem"],"_links":{"self":[{"href":"https:\/\/www.jornalcontato.com.br\/home\/index.php\/wp-json\/wp\/v2\/posts\/3507","targetHints":{"allow":["GET"]}}],"collection":[{"href":"https:\/\/www.jornalcontato.com.br\/home\/index.php\/wp-json\/wp\/v2\/posts"}],"about":[{"href":"https:\/\/www.jornalcontato.com.br\/home\/index.php\/wp-json\/wp\/v2\/types\/post"}],"author":[{"embeddable":true,"href":"https:\/\/www.jornalcontato.com.br\/home\/index.php\/wp-json\/wp\/v2\/users\/1"}],"replies":[{"embeddable":true,"href":"https:\/\/www.jornalcontato.com.br\/home\/index.php\/wp-json\/wp\/v2\/comments?post=3507"}],"version-history":[{"count":2,"href":"https:\/\/www.jornalcontato.com.br\/home\/index.php\/wp-json\/wp\/v2\/posts\/3507\/revisions"}],"predecessor-version":[{"id":3510,"href":"https:\/\/www.jornalcontato.com.br\/home\/index.php\/wp-json\/wp\/v2\/posts\/3507\/revisions\/3510"}],"wp:featuredmedia":[{"embeddable":true,"href":"https:\/\/www.jornalcontato.com.br\/home\/index.php\/wp-json\/wp\/v2\/media\/3508"}],"wp:attachment":[{"href":"https:\/\/www.jornalcontato.com.br\/home\/index.php\/wp-json\/wp\/v2\/media?parent=3507"}],"wp:term":[{"taxonomy":"category","embeddable":true,"href":"https:\/\/www.jornalcontato.com.br\/home\/index.php\/wp-json\/wp\/v2\/categories?post=3507"},{"taxonomy":"post_tag","embeddable":true,"href":"https:\/\/www.jornalcontato.com.br\/home\/index.php\/wp-json\/wp\/v2\/tags?post=3507"}],"curies":[{"name":"wp","href":"https:\/\/api.w.org\/{rel}","templated":true}]}}