{"id":3466,"date":"2012-11-13T12:52:35","date_gmt":"2012-11-13T15:52:35","guid":{"rendered":"http:\/\/jornalcontato.com.br\/home\/?p=3466"},"modified":"2016-04-06T15:32:04","modified_gmt":"2016-04-06T18:32:04","slug":"taubate-faz-manifestacao-de-apoio-aos-indios-guarani-kaiowa","status":"publish","type":"post","link":"https:\/\/www.jornalcontato.com.br\/home\/index.php\/taubate-faz-manifestacao-de-apoio-aos-indios-guarani-kaiowa\/","title":{"rendered":"Taubat\u00e9 faz manifesta\u00e7\u00e3o de apoio aos \u00edndios guarani-kaiow\u00e1"},"content":{"rendered":"<p>Foto divulga\u00e7\u00e3o<\/p>\n<p>Nesta ter\u00e7a-feira, dia 13, foi veiculado na web um v\u00eddeo sobre a manifesta\u00e7\u00e3o de apoio aos \u00edndios guarani-kaiow\u00e1 ocorrida em Taubat\u00e9 no dia 9 de novembro. Os ind\u00edgenas lutam pela posse da terra em Mato Grosso do Sul. Manifesta\u00e7\u00f5es de apoio semelhantes ocorreram em v\u00e1rios lugares do pa\u00eds. Acompanhe a movimenta\u00e7\u00e3o ocorrida na Pra\u00e7a Dom Epaminondas, em Taubat\u00e9.<br \/>\n<iframe loading=\"lazy\" src=\"http:\/\/www.youtube.com\/embed\/akcOreZ0ukQ\" frameborder=\"0\" width=\"480\" height=\"360\"><\/iframe><\/p>\n","protected":false},"excerpt":{"rendered":"<p>Foto divulga\u00e7\u00e3o Nesta ter\u00e7a-feira, dia 13, foi veiculado na web um v\u00eddeo sobre a manifesta\u00e7\u00e3o de apoio aos \u00edndios guarani-kaiow\u00e1 ocorrida em Taubat\u00e9 no dia &#8230;<\/p>\n","protected":false},"author":1,"featured_media":3469,"comment_status":"open","ping_status":"open","sticky":false,"template":"","format":"standard","meta":{"footnotes":""},"categories":[29,7],"tags":[],"class_list":["post-3466","post","type-post","status-publish","format-standard","has-post-thumbnail","hentry","category-regional","category-reportagem"],"_links":{"self":[{"href":"https:\/\/www.jornalcontato.com.br\/home\/index.php\/wp-json\/wp\/v2\/posts\/3466","targetHints":{"allow":["GET"]}}],"collection":[{"href":"https:\/\/www.jornalcontato.com.br\/home\/index.php\/wp-json\/wp\/v2\/posts"}],"about":[{"href":"https:\/\/www.jornalcontato.com.br\/home\/index.php\/wp-json\/wp\/v2\/types\/post"}],"author":[{"embeddable":true,"href":"https:\/\/www.jornalcontato.com.br\/home\/index.php\/wp-json\/wp\/v2\/users\/1"}],"replies":[{"embeddable":true,"href":"https:\/\/www.jornalcontato.com.br\/home\/index.php\/wp-json\/wp\/v2\/comments?post=3466"}],"version-history":[{"count":4,"href":"https:\/\/www.jornalcontato.com.br\/home\/index.php\/wp-json\/wp\/v2\/posts\/3466\/revisions"}],"predecessor-version":[{"id":11205,"href":"https:\/\/www.jornalcontato.com.br\/home\/index.php\/wp-json\/wp\/v2\/posts\/3466\/revisions\/11205"}],"wp:featuredmedia":[{"embeddable":true,"href":"https:\/\/www.jornalcontato.com.br\/home\/index.php\/wp-json\/wp\/v2\/media\/3469"}],"wp:attachment":[{"href":"https:\/\/www.jornalcontato.com.br\/home\/index.php\/wp-json\/wp\/v2\/media?parent=3466"}],"wp:term":[{"taxonomy":"category","embeddable":true,"href":"https:\/\/www.jornalcontato.com.br\/home\/index.php\/wp-json\/wp\/v2\/categories?post=3466"},{"taxonomy":"post_tag","embeddable":true,"href":"https:\/\/www.jornalcontato.com.br\/home\/index.php\/wp-json\/wp\/v2\/tags?post=3466"}],"curies":[{"name":"wp","href":"https:\/\/api.w.org\/{rel}","templated":true}]}}