{"id":3304,"date":"2012-11-06T10:44:45","date_gmt":"2012-11-06T13:44:45","guid":{"rendered":"http:\/\/jornalcontato.com.br\/home\/?p=3304"},"modified":"2012-11-06T10:45:32","modified_gmt":"2012-11-06T13:45:32","slug":"lula-pode-ser-investigado-e-dirceu-cita-a-farsa-chamada-mensalao","status":"publish","type":"post","link":"https:\/\/www.jornalcontato.com.br\/home\/index.php\/lula-pode-ser-investigado-e-dirceu-cita-a-farsa-chamada-mensalao\/","title":{"rendered":"Lula pode ser investigado e Dirceu cita a &#8220;farsa chamada mensal\u00e3o&#8221;"},"content":{"rendered":"<p>Acompanhe a nota oficial divulgada pelo PPS na qual pede ao procurador-geral da Rep\u00fablica, Roberto Gurgel, que investigue o ex-presidente Lula no caso do mensal\u00e3o sob o argumento de que ele possu\u00eda &#8220;dom\u00ednio do fato&#8221;.<\/p>\n<p><em>O presidente nacional do PPS, deputado Roberto Freire (SP), e o l\u00edder do partido na C\u00e2mara, deputado Rubens Bueno protocolam, nesta ter\u00e7a-feira, \u00e0s 15h30, na Procuradoria Geral da Rep\u00fablica representa\u00e7\u00e3o contra o ex-presidente Luiz In\u00e1cio Lula da Silva para que seja investigada a participa\u00e7\u00e3o dele como comandante do esquema do mensal\u00e3o.<\/em><\/p>\n<p><em>A inten\u00e7\u00e3o do PPS \u00e9 que o Minist\u00e9rio P\u00fablico investigue e ofere\u00e7a nova den\u00fancia ao Supremo Tribunal Federal. O PPS alega que a teoria do dom\u00ednio do fato, ou seja, da ci\u00eancia do ocorrido, que foi aplicada na condena\u00e7\u00e3o do ex-ministro da Casa Civil Jos\u00e9 Dirceu, tamb\u00e9m poderia ser adotada no caso de Lula, que era o maior benefici\u00e1rio do esquema.<\/em><\/p>\n<p><em>A representa\u00e7\u00e3o do PPS foi atualizada com as informa\u00e7\u00f5es publicadas no \u00faltimo fim de semana pela revista Veja. De acordo com a reportagem, Marcos Val\u00e9rio teria declarado ao MP que foi chamado a conseguir dinheiro para resolver um caso de chantagem contra o ent\u00e3o presidente e o seu chefe de gabinete, ent\u00e3o ministro Gilberto Carvalho. Os dois estariam sendo extorquidos por pessoas envolvidas no caso de corrup\u00e7\u00e3o e morte do ex-prefeito de Santo Andr\u00e9 Celso Daniel, afirma a revista.<\/em><\/p>\n<p>Enquanto isso, o ex-ministro chefe da Casa Civil Jos\u00e9 Dirceu, condenado pelo STF no caso do mensal\u00e3o por forma\u00e7\u00e3o de quadrilha e outras coisas mais, informou em seu blog que a meta do PT para 2013 ser\u00e1 a \u201cdesconstru\u00e7\u00e3o da farsa chamada mensal\u00e3o\u201d e a luta pela reforma pol\u00edtica e a pela regulamenta\u00e7\u00e3o da m\u00eddia. Oremos!!!<\/p>\n<p><a href=\"http:\/\/jornalcontato.com.br\/home\/wp-content\/uploads\/2012\/11\/5.jpg\"><img loading=\"lazy\" decoding=\"async\" class=\"aligncenter size-medium wp-image-3305\" title=\"5\" src=\"http:\/\/jornalcontato.com.br\/home\/wp-content\/uploads\/2012\/11\/5-300x222.jpg\" alt=\"\" width=\"300\" height=\"222\" srcset=\"https:\/\/jornalcontato.com.br\/home\/wp-content\/uploads\/2012\/11\/5-300x222.jpg 300w, https:\/\/jornalcontato.com.br\/home\/wp-content\/uploads\/2012\/11\/5.jpg 405w\" sizes=\"auto, (max-width: 300px) 100vw, 300px\" \/><\/a><\/p>\n","protected":false},"excerpt":{"rendered":"<p>Acompanhe a nota oficial divulgada pelo PPS na qual pede ao procurador-geral da Rep\u00fablica, Roberto Gurgel, que investigue o ex-presidente Lula no caso do mensal\u00e3o &#8230;<\/p>\n","protected":false},"author":1,"featured_media":3305,"comment_status":"open","ping_status":"open","sticky":false,"template":"","format":"standard","meta":{"footnotes":""},"categories":[7],"tags":[],"class_list":["post-3304","post","type-post","status-publish","format-standard","has-post-thumbnail","hentry","category-reportagem"],"_links":{"self":[{"href":"https:\/\/www.jornalcontato.com.br\/home\/index.php\/wp-json\/wp\/v2\/posts\/3304","targetHints":{"allow":["GET"]}}],"collection":[{"href":"https:\/\/www.jornalcontato.com.br\/home\/index.php\/wp-json\/wp\/v2\/posts"}],"about":[{"href":"https:\/\/www.jornalcontato.com.br\/home\/index.php\/wp-json\/wp\/v2\/types\/post"}],"author":[{"embeddable":true,"href":"https:\/\/www.jornalcontato.com.br\/home\/index.php\/wp-json\/wp\/v2\/users\/1"}],"replies":[{"embeddable":true,"href":"https:\/\/www.jornalcontato.com.br\/home\/index.php\/wp-json\/wp\/v2\/comments?post=3304"}],"version-history":[{"count":3,"href":"https:\/\/www.jornalcontato.com.br\/home\/index.php\/wp-json\/wp\/v2\/posts\/3304\/revisions"}],"predecessor-version":[{"id":3308,"href":"https:\/\/www.jornalcontato.com.br\/home\/index.php\/wp-json\/wp\/v2\/posts\/3304\/revisions\/3308"}],"wp:featuredmedia":[{"embeddable":true,"href":"https:\/\/www.jornalcontato.com.br\/home\/index.php\/wp-json\/wp\/v2\/media\/3305"}],"wp:attachment":[{"href":"https:\/\/www.jornalcontato.com.br\/home\/index.php\/wp-json\/wp\/v2\/media?parent=3304"}],"wp:term":[{"taxonomy":"category","embeddable":true,"href":"https:\/\/www.jornalcontato.com.br\/home\/index.php\/wp-json\/wp\/v2\/categories?post=3304"},{"taxonomy":"post_tag","embeddable":true,"href":"https:\/\/www.jornalcontato.com.br\/home\/index.php\/wp-json\/wp\/v2\/tags?post=3304"}],"curies":[{"name":"wp","href":"https:\/\/api.w.org\/{rel}","templated":true}]}}