{"id":3150,"date":"2012-10-26T16:24:36","date_gmt":"2012-10-26T19:24:36","guid":{"rendered":"http:\/\/jornalcontato.com.br\/home\/?p=3150"},"modified":"2012-10-30T09:39:02","modified_gmt":"2012-10-30T12:39:02","slug":"revelador-video-do-pt","status":"publish","type":"post","link":"https:\/\/www.jornalcontato.com.br\/home\/index.php\/revelador-video-do-pt\/","title":{"rendered":"Revelador v\u00eddeo do PT"},"content":{"rendered":"<p><!--more--><br \/>\nA visita do ex-presidente Lula a Taubat\u00e9 n\u00e3o rendeu tantos frutos como o esperado pela campanha do PT. At\u00e9 mesmo o n\u00famero de pessoas presentes gera controv\u00e9rsia. CONTATO estimou o p\u00fablico de 5 mil presentes. Blogs simp\u00e1ticos ao candidato petista tamb\u00e9m veicularam o mesmo n\u00famero, de 5 mil pessoas aproximadamente. J\u00e1 o site G1, ligado \u00e0 Rede Globo, noticiou a presen\u00e7a de cerca de 3 mil presentes com base em informa\u00f5es passadas pela Pol\u00edcia Militar. Vale ressaltar que grande parte do p\u00fablico presente era formada por militantes do PT de outras\u00a0 cidades da Regi\u00e3o Metropolitana do Vale do Para\u00edba, como Santo Ant\u00f4nio do Pinhal, Ubatuba, Lorena, Ca\u00e7apava, S\u00e3o Jos\u00e9 dos Campos, Jacare\u00ed, entre outras.<\/p>\n<p>J\u00e1 no v\u00eddeo exibido hoje (dia 26) pela campanha petista no programa eleitoral gratuito da TV, o locutor anunciava a presen\u00e7a de 10 mil pessoas na Pra\u00e7a Dom Epaminondas. Trata-se do \u00faltimo dia da propaganda eleitoral gratuita. Por\u00e9m, a credibilidade da coliga\u00e7\u00e3o &#8220;Taubat\u00e9 Crescendo com o Brasil&#8221; \u00e9 que parece ter sa\u00eddo abalada com a presen\u00e7a no palanque do vereador Chico Saad (PMDB), not\u00f3rio defensor do prefeito Roberto Peixoto (sem partido) na C\u00e2mara Municipal. Como se diz no jarg\u00e3o da pol\u00edtica, Chico Saad agiu como &#8220;papagaio de pirata&#8221;, ficando pr\u00f3ximo a Isaac do Carmo s\u00f3 para aparecer na TV ao lado de Lula.<\/p>\n<p>Outra ilustre presen\u00e7a no palco petista foi da advogada Gladiwa Ribeiro, testemunha de acusa\u00e7\u00e3o no processo movido pelo Minist\u00e9rio P\u00fablico contra o candidato a prefeito Ortiz J\u00fanior (PSDB) e seu pai, Bernardo Ortiz, no caso da compra de mochilas pela Funda\u00e7\u00e3o para o Desenvolvimento da Educa\u00e7\u00e3o (FDE). Confira o v\u00eddeo veiculado na campanha propaganda eleitoral gratuita do PT.<\/p>\n<p>&nbsp;<\/p>\n<p><iframe loading=\"lazy\" src=\"http:\/\/www.youtube.com\/embed\/zfzOAey5Vp8\" frameborder=\"0\" width=\"480\" height=\"360\"><\/iframe><\/p>\n","protected":false},"excerpt":{"rendered":"","protected":false},"author":1,"featured_media":3151,"comment_status":"open","ping_status":"open","sticky":false,"template":"","format":"standard","meta":{"footnotes":""},"categories":[7],"tags":[],"class_list":["post-3150","post","type-post","status-publish","format-standard","has-post-thumbnail","hentry","category-reportagem"],"_links":{"self":[{"href":"https:\/\/www.jornalcontato.com.br\/home\/index.php\/wp-json\/wp\/v2\/posts\/3150","targetHints":{"allow":["GET"]}}],"collection":[{"href":"https:\/\/www.jornalcontato.com.br\/home\/index.php\/wp-json\/wp\/v2\/posts"}],"about":[{"href":"https:\/\/www.jornalcontato.com.br\/home\/index.php\/wp-json\/wp\/v2\/types\/post"}],"author":[{"embeddable":true,"href":"https:\/\/www.jornalcontato.com.br\/home\/index.php\/wp-json\/wp\/v2\/users\/1"}],"replies":[{"embeddable":true,"href":"https:\/\/www.jornalcontato.com.br\/home\/index.php\/wp-json\/wp\/v2\/comments?post=3150"}],"version-history":[{"count":4,"href":"https:\/\/www.jornalcontato.com.br\/home\/index.php\/wp-json\/wp\/v2\/posts\/3150\/revisions"}],"predecessor-version":[{"id":3242,"href":"https:\/\/www.jornalcontato.com.br\/home\/index.php\/wp-json\/wp\/v2\/posts\/3150\/revisions\/3242"}],"wp:featuredmedia":[{"embeddable":true,"href":"https:\/\/www.jornalcontato.com.br\/home\/index.php\/wp-json\/wp\/v2\/media\/3151"}],"wp:attachment":[{"href":"https:\/\/www.jornalcontato.com.br\/home\/index.php\/wp-json\/wp\/v2\/media?parent=3150"}],"wp:term":[{"taxonomy":"category","embeddable":true,"href":"https:\/\/www.jornalcontato.com.br\/home\/index.php\/wp-json\/wp\/v2\/categories?post=3150"},{"taxonomy":"post_tag","embeddable":true,"href":"https:\/\/www.jornalcontato.com.br\/home\/index.php\/wp-json\/wp\/v2\/tags?post=3150"}],"curies":[{"name":"wp","href":"https:\/\/api.w.org\/{rel}","templated":true}]}}