{"id":3129,"date":"2012-10-25T20:59:37","date_gmt":"2012-10-25T23:59:37","guid":{"rendered":"http:\/\/jornalcontato.com.br\/home\/?p=3129"},"modified":"2012-11-12T17:01:53","modified_gmt":"2012-11-12T20:01:53","slug":"lula-em-taubate-onda-vermelha-ou-marolinha","status":"publish","type":"post","link":"https:\/\/www.jornalcontato.com.br\/home\/index.php\/lula-em-taubate-onda-vermelha-ou-marolinha\/","title":{"rendered":"Lula em Taubat\u00e9: onda vermelha ou marolinha?"},"content":{"rendered":"<p>Fotos Marcos Lim\u00e3o e Vitor Ferrero<\/p>\n<p><!--more-->Cerca de 5 mil pessoas assistiram ao com\u00edcio de Isaac do Carmo, candidato a prefeito pelo PT, com a presen\u00e7a do ex-presidente Lula, realizado na Pra\u00e7a Dom Epaminondas, na noite de quinta-feira, dia 25. Al\u00e9m do presidente nacional do PT, Rui Falc\u00e3o, tamb\u00e9m compareceram\u00a0(um consider\u00e1vel refor\u00e7o para a p\u00edfia milit\u00e2ncia do partido na cidade) militantes de v\u00e1rias cidades do Vale do Para\u00edba .<\/p>\n<p>Ao se encontrar com Lula, o t\u00e9cnico de RH Ata\u00edde Francisco perguntou quem tinha matado o ent\u00e3o prefeito de Santo Andr\u00e9, Celso Daniel. \u00c9 claro que o ex-presidente fingiu que n\u00e3o ouviu a inc\u00f4moda pergunta e rapidamente os assessores trataram de dispersar o manifestante. Outras manifestantes usaram bexigas brancas para al\u00e7ar a fotografia do Ministro do STF Joaquim Barbosa com o dizer \u201cEsse \u00e9 o cara!\u201d.<\/p>\n<p>Como a Prefeitura de Taubat\u00e9 vetou ontem, dia 24, a realiza\u00e7\u00e3o do com\u00edcio na Avenida do Povo, a coliga\u00e7\u00e3o do PT\/PMDB confeccionou as pressas uma carta para avisar a popula\u00e7\u00e3o sobre a mudan\u00e7a de hor\u00e1rio e local do evento. O mais curioso foi constatar a tiragem informada no material impresso: apenas 50 unidades. Ser\u00e1 que a campanha de Isaac do Carmo esperava um p\u00fablico t\u00e3o reduzido ou manipulou os gastos com a campanha?<\/p>\n<p><a href=\"http:\/\/jornalcontato.com.br\/home\/wp-content\/uploads\/2012\/10\/DSC_0795.jpg\"><img loading=\"lazy\" decoding=\"async\" class=\"aligncenter size-medium wp-image-3145\" title=\"DSC_0795\" src=\"http:\/\/jornalcontato.com.br\/home\/wp-content\/uploads\/2012\/10\/DSC_0795-210x300.jpg\" alt=\"\" width=\"210\" height=\"300\" srcset=\"https:\/\/jornalcontato.com.br\/home\/wp-content\/uploads\/2012\/10\/DSC_0795-210x300.jpg 210w, https:\/\/jornalcontato.com.br\/home\/wp-content\/uploads\/2012\/10\/DSC_0795.jpg 700w\" sizes=\"auto, (max-width: 210px) 100vw, 210px\" \/><\/a><\/p>\n<p><a href=\"http:\/\/jornalcontato.com.br\/home\/wp-content\/uploads\/2012\/10\/DSC_0794.jpg\"><img loading=\"lazy\" decoding=\"async\" class=\"aligncenter size-medium wp-image-3146\" title=\"DSC_0794\" src=\"http:\/\/jornalcontato.com.br\/home\/wp-content\/uploads\/2012\/10\/DSC_0794-300x200.jpg\" alt=\"\" width=\"300\" height=\"200\" srcset=\"https:\/\/jornalcontato.com.br\/home\/wp-content\/uploads\/2012\/10\/DSC_0794-300x200.jpg 300w, https:\/\/jornalcontato.com.br\/home\/wp-content\/uploads\/2012\/10\/DSC_0794.jpg 1000w\" sizes=\"auto, (max-width: 300px) 100vw, 300px\" \/><\/a><\/p>\n<p>Os petistas de Taubat\u00e9 chamaram o evento de \u201ccom\u00edcio da vit\u00f3ria\u201d, referindo-se ao resultado das elei\u00e7\u00f5es municipais. A presen\u00e7a de Lula era a cartada final do PT para evitar a vit\u00f3ria do tucano Ortiz J\u00fanior. S\u00f3 mesmo a apura\u00e7\u00e3o do resultado das urnas vai dizer se a ofensiva petista deu certo.<\/p>\n<p>&nbsp;<\/p>\n<p><a href=\"http:\/\/jornalcontato.com.br\/home\/wp-content\/uploads\/2012\/10\/DSC_0578.jpg\"><img loading=\"lazy\" decoding=\"async\" class=\"aligncenter size-medium wp-image-3131\" title=\"DSC_0578\" src=\"http:\/\/jornalcontato.com.br\/home\/wp-content\/uploads\/2012\/10\/DSC_0578-300x200.jpg\" alt=\"\" width=\"300\" height=\"200\" srcset=\"https:\/\/jornalcontato.com.br\/home\/wp-content\/uploads\/2012\/10\/DSC_0578-300x200.jpg 300w, https:\/\/jornalcontato.com.br\/home\/wp-content\/uploads\/2012\/10\/DSC_0578.jpg 1000w\" sizes=\"auto, (max-width: 300px) 100vw, 300px\" \/><\/a><\/p>\n<p><a href=\"http:\/\/jornalcontato.com.br\/home\/wp-content\/uploads\/2012\/10\/DSC_0165.jpg\"><img loading=\"lazy\" decoding=\"async\" class=\"aligncenter size-medium wp-image-3132\" title=\"DSC_0165\" src=\"http:\/\/jornalcontato.com.br\/home\/wp-content\/uploads\/2012\/10\/DSC_0165-300x199.jpg\" alt=\"\" width=\"300\" height=\"199\" srcset=\"https:\/\/jornalcontato.com.br\/home\/wp-content\/uploads\/2012\/10\/DSC_0165-300x199.jpg 300w, https:\/\/jornalcontato.com.br\/home\/wp-content\/uploads\/2012\/10\/DSC_0165.jpg 1000w\" sizes=\"auto, (max-width: 300px) 100vw, 300px\" \/><\/a><\/p>\n<p><a href=\"http:\/\/jornalcontato.com.br\/home\/wp-content\/uploads\/2012\/10\/DSC_0248.jpg\"><img loading=\"lazy\" decoding=\"async\" class=\"aligncenter size-medium wp-image-3133\" title=\"DSC_0248\" src=\"http:\/\/jornalcontato.com.br\/home\/wp-content\/uploads\/2012\/10\/DSC_0248-300x199.jpg\" alt=\"\" width=\"300\" height=\"199\" srcset=\"https:\/\/jornalcontato.com.br\/home\/wp-content\/uploads\/2012\/10\/DSC_0248-300x199.jpg 300w, https:\/\/jornalcontato.com.br\/home\/wp-content\/uploads\/2012\/10\/DSC_0248-1024x679.jpg 1024w, https:\/\/jornalcontato.com.br\/home\/wp-content\/uploads\/2012\/10\/DSC_0248.jpg 1430w\" sizes=\"auto, (max-width: 300px) 100vw, 300px\" \/><\/a><\/p>\n<p><a href=\"http:\/\/jornalcontato.com.br\/home\/wp-content\/uploads\/2012\/10\/DSC_06292.jpg\"><img loading=\"lazy\" decoding=\"async\" class=\"aligncenter size-medium wp-image-3135\" title=\"DSC_0629\" src=\"http:\/\/jornalcontato.com.br\/home\/wp-content\/uploads\/2012\/10\/DSC_06292-300x200.jpg\" alt=\"\" width=\"300\" height=\"200\" srcset=\"https:\/\/jornalcontato.com.br\/home\/wp-content\/uploads\/2012\/10\/DSC_06292-300x200.jpg 300w, https:\/\/jornalcontato.com.br\/home\/wp-content\/uploads\/2012\/10\/DSC_06292.jpg 1000w\" sizes=\"auto, (max-width: 300px) 100vw, 300px\" \/><\/a><\/p>\n<p><a href=\"http:\/\/jornalcontato.com.br\/home\/wp-content\/uploads\/2012\/10\/DSC_0136.jpg\"><img loading=\"lazy\" decoding=\"async\" class=\"aligncenter size-medium wp-image-3136\" title=\"DSC_0136\" src=\"http:\/\/jornalcontato.com.br\/home\/wp-content\/uploads\/2012\/10\/DSC_0136-161x300.jpg\" alt=\"\" width=\"161\" height=\"300\" srcset=\"https:\/\/jornalcontato.com.br\/home\/wp-content\/uploads\/2012\/10\/DSC_0136-161x300.jpg 161w, https:\/\/jornalcontato.com.br\/home\/wp-content\/uploads\/2012\/10\/DSC_0136.jpg 510w\" sizes=\"auto, (max-width: 161px) 100vw, 161px\" \/><\/a><\/p>\n","protected":false},"excerpt":{"rendered":"<p>Fotos Marcos Lim\u00e3o e Vitor Ferrero<\/p>\n","protected":false},"author":1,"featured_media":3148,"comment_status":"open","ping_status":"open","sticky":false,"template":"","format":"standard","meta":{"footnotes":""},"categories":[7],"tags":[],"class_list":["post-3129","post","type-post","status-publish","format-standard","has-post-thumbnail","hentry","category-reportagem"],"_links":{"self":[{"href":"https:\/\/www.jornalcontato.com.br\/home\/index.php\/wp-json\/wp\/v2\/posts\/3129","targetHints":{"allow":["GET"]}}],"collection":[{"href":"https:\/\/www.jornalcontato.com.br\/home\/index.php\/wp-json\/wp\/v2\/posts"}],"about":[{"href":"https:\/\/www.jornalcontato.com.br\/home\/index.php\/wp-json\/wp\/v2\/types\/post"}],"author":[{"embeddable":true,"href":"https:\/\/www.jornalcontato.com.br\/home\/index.php\/wp-json\/wp\/v2\/users\/1"}],"replies":[{"embeddable":true,"href":"https:\/\/www.jornalcontato.com.br\/home\/index.php\/wp-json\/wp\/v2\/comments?post=3129"}],"version-history":[{"count":11,"href":"https:\/\/www.jornalcontato.com.br\/home\/index.php\/wp-json\/wp\/v2\/posts\/3129\/revisions"}],"predecessor-version":[{"id":3430,"href":"https:\/\/www.jornalcontato.com.br\/home\/index.php\/wp-json\/wp\/v2\/posts\/3129\/revisions\/3430"}],"wp:featuredmedia":[{"embeddable":true,"href":"https:\/\/www.jornalcontato.com.br\/home\/index.php\/wp-json\/wp\/v2\/media\/3148"}],"wp:attachment":[{"href":"https:\/\/www.jornalcontato.com.br\/home\/index.php\/wp-json\/wp\/v2\/media?parent=3129"}],"wp:term":[{"taxonomy":"category","embeddable":true,"href":"https:\/\/www.jornalcontato.com.br\/home\/index.php\/wp-json\/wp\/v2\/categories?post=3129"},{"taxonomy":"post_tag","embeddable":true,"href":"https:\/\/www.jornalcontato.com.br\/home\/index.php\/wp-json\/wp\/v2\/tags?post=3129"}],"curies":[{"name":"wp","href":"https:\/\/api.w.org\/{rel}","templated":true}]}}