{"id":3093,"date":"2012-10-24T15:13:57","date_gmt":"2012-10-24T18:13:57","guid":{"rendered":"http:\/\/jornalcontato.com.br\/home\/?p=3093"},"modified":"2012-10-24T15:13:57","modified_gmt":"2012-10-24T18:13:57","slug":"cade-o-tucano","status":"publish","type":"post","link":"https:\/\/www.jornalcontato.com.br\/home\/index.php\/cade-o-tucano\/","title":{"rendered":"Cad\u00ea o tucano?"},"content":{"rendered":"<p style=\"text-align: justify;\">Pegou mal a aus\u00eancia do candidato a prefeito pelo PSDB, Ortiz J\u00fanior, no evento organizado pelo Conselho Municipal de Sa\u00fade (COMUS) na noite de ter\u00e7a-feira, dia 23, para que os candidatos a prefeito assinassem uma carta de compromisso com a Sa\u00fade P\u00fablica. O tucano sequer enviou um representante e, assim, os holofotes ficaram voltados para o petista Isaac do Carmo (PT).<\/p>\n<p style=\"text-align: justify;\">\u201cEntendo que n\u00e3o h\u00e1 interesse nenhum em assinar. Ele teve tempo h\u00e1bil para mandar um representante. Ent\u00e3o, o COMUS tem isso [a aus\u00eancia] como n\u00e3o querer assumir compromissos efetivos\u201d, Anderson Leite, 1\u00ba Secret\u00e1rio do COMUS.<\/p>\n<p style=\"text-align: justify;\">Em resposta ao COMUS, a assessoria de imprensa do PSDB relatou: <em>&#8220;Agradecemos imensamente o convite, por\u00e9m, segundo turno \u00e9 um periodo de campanha curto e com uma agenda bem comprometida. Gostariamos muito de poder atender o convite na data sugerida, mas, infelizmente n\u00e3o poderemos comparecer na data solicitada pois estamos com compromissos j\u00e1 agendados para a pr\u00f3xima semana. Esperamos poder atende-los em breve&#8221;.<\/em><\/p>\n<p style=\"text-align: justify;\">O tucano j\u00e1 havia faltado ao evento do Conselho Municipal da Educa\u00e7\u00e3o, realizado no dia 21 de setembro, que contou com a participa\u00e7\u00e3o de quatro candidatos a prefeito. Eles assinaram uma carta de compromisso com a Educa\u00e7\u00e3o. No debate realizado pela TV C\u00e2mara no dia 22 de outubro, Isaac do Carmo (PT) questionou a aus\u00eancia de Ortiz J\u00fanior (PSDB) no evento do Conselho da Educa\u00e7\u00e3o. Ap\u00f3s isso, J\u00fanior teria procurado representantes do Conselho da Educa\u00e7\u00e3o para assinar a carta de compromisso. Agora s\u00f3 falta a carta da Sa\u00fade&#8230;<\/p>\n","protected":false},"excerpt":{"rendered":"<p>Pegou mal a aus\u00eancia do candidato a prefeito pelo PSDB, Ortiz J\u00fanior, no evento organizado pelo Conselho Municipal de Sa\u00fade (COMUS) na noite de ter\u00e7a-feira, &#8230;<\/p>\n","protected":false},"author":1,"featured_media":3095,"comment_status":"open","ping_status":"open","sticky":false,"template":"","format":"standard","meta":{"footnotes":""},"categories":[7],"tags":[],"class_list":["post-3093","post","type-post","status-publish","format-standard","has-post-thumbnail","hentry","category-reportagem"],"_links":{"self":[{"href":"https:\/\/www.jornalcontato.com.br\/home\/index.php\/wp-json\/wp\/v2\/posts\/3093","targetHints":{"allow":["GET"]}}],"collection":[{"href":"https:\/\/www.jornalcontato.com.br\/home\/index.php\/wp-json\/wp\/v2\/posts"}],"about":[{"href":"https:\/\/www.jornalcontato.com.br\/home\/index.php\/wp-json\/wp\/v2\/types\/post"}],"author":[{"embeddable":true,"href":"https:\/\/www.jornalcontato.com.br\/home\/index.php\/wp-json\/wp\/v2\/users\/1"}],"replies":[{"embeddable":true,"href":"https:\/\/www.jornalcontato.com.br\/home\/index.php\/wp-json\/wp\/v2\/comments?post=3093"}],"version-history":[{"count":2,"href":"https:\/\/www.jornalcontato.com.br\/home\/index.php\/wp-json\/wp\/v2\/posts\/3093\/revisions"}],"predecessor-version":[{"id":3097,"href":"https:\/\/www.jornalcontato.com.br\/home\/index.php\/wp-json\/wp\/v2\/posts\/3093\/revisions\/3097"}],"wp:featuredmedia":[{"embeddable":true,"href":"https:\/\/www.jornalcontato.com.br\/home\/index.php\/wp-json\/wp\/v2\/media\/3095"}],"wp:attachment":[{"href":"https:\/\/www.jornalcontato.com.br\/home\/index.php\/wp-json\/wp\/v2\/media?parent=3093"}],"wp:term":[{"taxonomy":"category","embeddable":true,"href":"https:\/\/www.jornalcontato.com.br\/home\/index.php\/wp-json\/wp\/v2\/categories?post=3093"},{"taxonomy":"post_tag","embeddable":true,"href":"https:\/\/www.jornalcontato.com.br\/home\/index.php\/wp-json\/wp\/v2\/tags?post=3093"}],"curies":[{"name":"wp","href":"https:\/\/api.w.org\/{rel}","templated":true}]}}