{"id":2993,"date":"2012-10-19T16:30:51","date_gmt":"2012-10-19T19:30:51","guid":{"rendered":"http:\/\/jornalcontato.com.br\/home\/?p=2993"},"modified":"2016-04-06T15:36:00","modified_gmt":"2016-04-06T18:36:00","slug":"carminha-decide-eleicao-em-2012","status":"publish","type":"post","link":"https:\/\/www.jornalcontato.com.br\/home\/index.php\/carminha-decide-eleicao-em-2012\/","title":{"rendered":"Carminha decide elei\u00e7\u00e3o em 2012"},"content":{"rendered":"<p>Depois de ser igualada a Ortiz J\u00fanior (PSDB) pelo advers\u00e1rio Isaac do Carmo (PT), vil\u00e3 Carminha de Avenida Brasil decide a elei\u00e7\u00e3o em outras pra\u00e7as!!!<\/p>\n<p><iframe loading=\"lazy\" src=\"http:\/\/www.youtube.com\/embed\/7GxGuN-Bm5s\" frameborder=\"0\" width=\"640\" height=\"360\"><\/iframe><\/p>\n","protected":false},"excerpt":{"rendered":"<p>Depois de ser igualada a Ortiz J\u00fanior (PSDB) pelo advers\u00e1rio Isaac do Carmo (PT), vil\u00e3 Carminha de Avenida Brasil decide a elei\u00e7\u00e3o em outras pra\u00e7as!!!<\/p>\n","protected":false},"author":1,"featured_media":2994,"comment_status":"open","ping_status":"open","sticky":false,"template":"","format":"standard","meta":{"footnotes":""},"categories":[29,7],"tags":[],"class_list":["post-2993","post","type-post","status-publish","format-standard","has-post-thumbnail","hentry","category-regional","category-reportagem"],"_links":{"self":[{"href":"https:\/\/www.jornalcontato.com.br\/home\/index.php\/wp-json\/wp\/v2\/posts\/2993","targetHints":{"allow":["GET"]}}],"collection":[{"href":"https:\/\/www.jornalcontato.com.br\/home\/index.php\/wp-json\/wp\/v2\/posts"}],"about":[{"href":"https:\/\/www.jornalcontato.com.br\/home\/index.php\/wp-json\/wp\/v2\/types\/post"}],"author":[{"embeddable":true,"href":"https:\/\/www.jornalcontato.com.br\/home\/index.php\/wp-json\/wp\/v2\/users\/1"}],"replies":[{"embeddable":true,"href":"https:\/\/www.jornalcontato.com.br\/home\/index.php\/wp-json\/wp\/v2\/comments?post=2993"}],"version-history":[{"count":5,"href":"https:\/\/www.jornalcontato.com.br\/home\/index.php\/wp-json\/wp\/v2\/posts\/2993\/revisions"}],"predecessor-version":[{"id":11227,"href":"https:\/\/www.jornalcontato.com.br\/home\/index.php\/wp-json\/wp\/v2\/posts\/2993\/revisions\/11227"}],"wp:featuredmedia":[{"embeddable":true,"href":"https:\/\/www.jornalcontato.com.br\/home\/index.php\/wp-json\/wp\/v2\/media\/2994"}],"wp:attachment":[{"href":"https:\/\/www.jornalcontato.com.br\/home\/index.php\/wp-json\/wp\/v2\/media?parent=2993"}],"wp:term":[{"taxonomy":"category","embeddable":true,"href":"https:\/\/www.jornalcontato.com.br\/home\/index.php\/wp-json\/wp\/v2\/categories?post=2993"},{"taxonomy":"post_tag","embeddable":true,"href":"https:\/\/www.jornalcontato.com.br\/home\/index.php\/wp-json\/wp\/v2\/tags?post=2993"}],"curies":[{"name":"wp","href":"https:\/\/api.w.org\/{rel}","templated":true}]}}