{"id":2958,"date":"2012-10-18T16:36:59","date_gmt":"2012-10-18T19:36:59","guid":{"rendered":"http:\/\/jornalcontato.com.br\/home\/?p=2958"},"modified":"2012-10-18T16:37:18","modified_gmt":"2012-10-18T19:37:18","slug":"taubate-tera-exposicao-sobre-bombardeio-na-segunda-guerra","status":"publish","type":"post","link":"https:\/\/www.jornalcontato.com.br\/home\/index.php\/taubate-tera-exposicao-sobre-bombardeio-na-segunda-guerra\/","title":{"rendered":"Taubat\u00e9 ter\u00e1 exposi\u00e7\u00e3o sobre bombardeio na Segunda Guerra"},"content":{"rendered":"<p>A Associa\u00e7\u00e3o Paulista de Medicina (APM) de Taubat\u00e9 trar\u00e1 \u00e0 cidade a exposi\u00e7\u00e3o <strong>Hiroshima e Nagasaki: um agosto para nunca esquecer<\/strong>. Com p\u00f4steres e textos informativos, a mostra busca contar a hist\u00f3ria dos bombardeios americanos durante Segunda Guerra Mundial \u00e0s cidades japonesas, bem como a atua\u00e7\u00e3o da classe m\u00e9dica posteriormente. A exposi\u00e7\u00e3o j\u00e1 foi realizada em S\u00e3o Paulo e em diversas cidades do interior do estado paulista e contou com mais de 13 mil visitantes. Na terra de Lobato, a mostra estar\u00e1 aberta ao p\u00fablico no per\u00edodo de 26 de outubro a 23 de novembro, no Solar da Viscondessa, localizado \u00e0 rua XV de Novembro, n\u00ba 996, centro.<\/p>\n","protected":false},"excerpt":{"rendered":"<p>A Associa\u00e7\u00e3o Paulista de Medicina (APM) de Taubat\u00e9 trar\u00e1 \u00e0 cidade a exposi\u00e7\u00e3o Hiroshima e Nagasaki: um agosto para nunca esquecer. Com p\u00f4steres e textos &#8230;<\/p>\n","protected":false},"author":1,"featured_media":2959,"comment_status":"open","ping_status":"open","sticky":false,"template":"","format":"standard","meta":{"footnotes":""},"categories":[7],"tags":[],"class_list":["post-2958","post","type-post","status-publish","format-standard","has-post-thumbnail","hentry","category-reportagem"],"_links":{"self":[{"href":"https:\/\/www.jornalcontato.com.br\/home\/index.php\/wp-json\/wp\/v2\/posts\/2958","targetHints":{"allow":["GET"]}}],"collection":[{"href":"https:\/\/www.jornalcontato.com.br\/home\/index.php\/wp-json\/wp\/v2\/posts"}],"about":[{"href":"https:\/\/www.jornalcontato.com.br\/home\/index.php\/wp-json\/wp\/v2\/types\/post"}],"author":[{"embeddable":true,"href":"https:\/\/www.jornalcontato.com.br\/home\/index.php\/wp-json\/wp\/v2\/users\/1"}],"replies":[{"embeddable":true,"href":"https:\/\/www.jornalcontato.com.br\/home\/index.php\/wp-json\/wp\/v2\/comments?post=2958"}],"version-history":[{"count":2,"href":"https:\/\/www.jornalcontato.com.br\/home\/index.php\/wp-json\/wp\/v2\/posts\/2958\/revisions"}],"predecessor-version":[{"id":2961,"href":"https:\/\/www.jornalcontato.com.br\/home\/index.php\/wp-json\/wp\/v2\/posts\/2958\/revisions\/2961"}],"wp:featuredmedia":[{"embeddable":true,"href":"https:\/\/www.jornalcontato.com.br\/home\/index.php\/wp-json\/wp\/v2\/media\/2959"}],"wp:attachment":[{"href":"https:\/\/www.jornalcontato.com.br\/home\/index.php\/wp-json\/wp\/v2\/media?parent=2958"}],"wp:term":[{"taxonomy":"category","embeddable":true,"href":"https:\/\/www.jornalcontato.com.br\/home\/index.php\/wp-json\/wp\/v2\/categories?post=2958"},{"taxonomy":"post_tag","embeddable":true,"href":"https:\/\/www.jornalcontato.com.br\/home\/index.php\/wp-json\/wp\/v2\/tags?post=2958"}],"curies":[{"name":"wp","href":"https:\/\/api.w.org\/{rel}","templated":true}]}}