{"id":2653,"date":"2012-10-07T13:53:53","date_gmt":"2012-10-07T16:53:53","guid":{"rendered":"http:\/\/jornalcontato.com.br\/home\/?p=2653"},"modified":"2012-10-16T11:17:37","modified_gmt":"2012-10-16T14:17:37","slug":"registro-exclusivo-do-bate-boca-entre-ortiz-jr-e-padre-afonso","status":"publish","type":"post","link":"https:\/\/www.jornalcontato.com.br\/home\/index.php\/registro-exclusivo-do-bate-boca-entre-ortiz-jr-e-padre-afonso\/","title":{"rendered":"Registro exclusivo do bate boca entre Ortiz Jr. e Padre Afonso"},"content":{"rendered":"<p><!--more-->Os \u00faltimos momentos da campanha eleitoral de 2012 foram bastante agitados e tensos em Taubat\u00e9. Todos os candidatos a prefeito marcaram presen\u00e7a na Pra\u00e7a Dom Epaminondas na manh\u00e3 de s\u00e1bado, dia 6. Muitos candidatos a vereador investiram no corpo a corpo no centro da cidade no \u00faltimo dia de campanha. E o clima esquentou por volta das 16 horas, quando militantes do PV passaram a distribuir panfletos para atacar Ortiz J\u00fanior (PSDB) no sem\u00e1foro em frente ao Taubat\u00e9 Shopping.\u00a0Enquanto isso, Padre Afonso Lobato (PV) cumprimentava os motoristas. Os panfletos eram reprodu\u00e7\u00f5es dos jornais OVALE e O Estado de S.Paulo com not\u00edcias sobre o caso FDE. Quando soube da iniciativa verde, o candidato tucano fez quest\u00e3o de ir ao local para tamb\u00e9m fazer panfletagem. Ao se encontrarem, os candidatos Ortiz J\u00fanior e Padre Afonso discutiram e por pouco n\u00e3o se atracaram no meio da rua. CONTATO registrou com exclusividade a confus\u00e3o. O boato nas ruas, por\u00e9m, diz que os candidatos chegaram a brigar, o que n\u00e3o \u00e9 verdade. Militantes do PV gritavam \u201cficha limpa\u201d para se referir a Padre Afonso e os do PSDB respondiam com o grito de \u201cprimeiro turno\u201d, referindo-se a Ortiz J\u00fanior. A presen\u00e7a da advogada Gladiwa Ribeiro, ex-chefe de gabinete na FDE e uma das testemunhas de acusa\u00e7\u00e3o no esc\u00e2ndalo das mochilas, colocou mais lenha na fogueira. Ela estava com os partid\u00e1rios do PV. Vivi da R\u00e1dio, candidata a vereadora que apoia Ortiz J\u00fanior, discutiu com a advogada. E, ao ser fotografado, Rodrigo Andrade, chefe de gabinete de Padre Afonso (PV), amea\u00e7ou os rep\u00f3rteres do CONTATO. Fotos Vitor Ferrero.<\/p>\n<p><a href=\"http:\/\/jornalcontato.com.br\/home\/wp-content\/uploads\/2012\/10\/DSC_91212.jpg\"><img loading=\"lazy\" decoding=\"async\" class=\"aligncenter size-medium wp-image-2664\" title=\"DSC_9121\" src=\"http:\/\/jornalcontato.com.br\/home\/wp-content\/uploads\/2012\/10\/DSC_91212-300x200.jpg\" alt=\"\" width=\"300\" height=\"200\" srcset=\"https:\/\/jornalcontato.com.br\/home\/wp-content\/uploads\/2012\/10\/DSC_91212-300x200.jpg 300w, https:\/\/jornalcontato.com.br\/home\/wp-content\/uploads\/2012\/10\/DSC_91212-1024x682.jpg 1024w, https:\/\/jornalcontato.com.br\/home\/wp-content\/uploads\/2012\/10\/DSC_91212.jpg 1500w\" sizes=\"auto, (max-width: 300px) 100vw, 300px\" \/><\/a><\/p>\n<p><a href=\"http:\/\/jornalcontato.com.br\/home\/wp-content\/uploads\/2012\/10\/DSC_9144.jpg\"><img loading=\"lazy\" decoding=\"async\" class=\"aligncenter size-medium wp-image-2655\" title=\"DSC_9144\" src=\"http:\/\/jornalcontato.com.br\/home\/wp-content\/uploads\/2012\/10\/DSC_9144-300x200.jpg\" alt=\"\" width=\"300\" height=\"200\" srcset=\"https:\/\/jornalcontato.com.br\/home\/wp-content\/uploads\/2012\/10\/DSC_9144-300x200.jpg 300w, https:\/\/jornalcontato.com.br\/home\/wp-content\/uploads\/2012\/10\/DSC_9144-1024x682.jpg 1024w, https:\/\/jornalcontato.com.br\/home\/wp-content\/uploads\/2012\/10\/DSC_9144.jpg 1500w\" sizes=\"auto, (max-width: 300px) 100vw, 300px\" \/><\/a><\/p>\n<p><a href=\"http:\/\/jornalcontato.com.br\/home\/wp-content\/uploads\/2012\/10\/DSC_9159.jpg\"><img loading=\"lazy\" decoding=\"async\" class=\"aligncenter size-medium wp-image-2656\" title=\"DSC_9159\" src=\"http:\/\/jornalcontato.com.br\/home\/wp-content\/uploads\/2012\/10\/DSC_9159-300x200.jpg\" alt=\"\" width=\"300\" height=\"200\" srcset=\"https:\/\/jornalcontato.com.br\/home\/wp-content\/uploads\/2012\/10\/DSC_9159-300x200.jpg 300w, https:\/\/jornalcontato.com.br\/home\/wp-content\/uploads\/2012\/10\/DSC_9159-1024x682.jpg 1024w, https:\/\/jornalcontato.com.br\/home\/wp-content\/uploads\/2012\/10\/DSC_9159.jpg 1500w\" sizes=\"auto, (max-width: 300px) 100vw, 300px\" \/><\/a><\/p>\n<p><a href=\"http:\/\/jornalcontato.com.br\/home\/wp-content\/uploads\/2012\/10\/DSC_9182.jpg\"><img loading=\"lazy\" decoding=\"async\" class=\"aligncenter size-medium wp-image-2657\" title=\"DSC_9182\" src=\"http:\/\/jornalcontato.com.br\/home\/wp-content\/uploads\/2012\/10\/DSC_9182-300x200.jpg\" alt=\"\" width=\"300\" height=\"200\" srcset=\"https:\/\/jornalcontato.com.br\/home\/wp-content\/uploads\/2012\/10\/DSC_9182-300x200.jpg 300w, https:\/\/jornalcontato.com.br\/home\/wp-content\/uploads\/2012\/10\/DSC_9182-1024x682.jpg 1024w, https:\/\/jornalcontato.com.br\/home\/wp-content\/uploads\/2012\/10\/DSC_9182.jpg 1500w\" sizes=\"auto, (max-width: 300px) 100vw, 300px\" \/><\/a><\/p>\n<p><a href=\"http:\/\/jornalcontato.com.br\/home\/wp-content\/uploads\/2012\/10\/DSC_91931.jpg\"><img loading=\"lazy\" decoding=\"async\" class=\"aligncenter size-medium wp-image-2659\" title=\"DSC_9193\" src=\"http:\/\/jornalcontato.com.br\/home\/wp-content\/uploads\/2012\/10\/DSC_91931-300x200.jpg\" alt=\"\" width=\"300\" height=\"200\" srcset=\"https:\/\/jornalcontato.com.br\/home\/wp-content\/uploads\/2012\/10\/DSC_91931-300x200.jpg 300w, https:\/\/jornalcontato.com.br\/home\/wp-content\/uploads\/2012\/10\/DSC_91931-1024x682.jpg 1024w, https:\/\/jornalcontato.com.br\/home\/wp-content\/uploads\/2012\/10\/DSC_91931.jpg 1500w\" sizes=\"auto, (max-width: 300px) 100vw, 300px\" \/><\/a><\/p>\n<p><a href=\"http:\/\/jornalcontato.com.br\/home\/wp-content\/uploads\/2012\/10\/DSC_9194.jpg\"><img loading=\"lazy\" decoding=\"async\" class=\"aligncenter size-medium wp-image-2660\" title=\"DSC_9194\" src=\"http:\/\/jornalcontato.com.br\/home\/wp-content\/uploads\/2012\/10\/DSC_9194-300x200.jpg\" alt=\"\" width=\"300\" height=\"200\" srcset=\"https:\/\/jornalcontato.com.br\/home\/wp-content\/uploads\/2012\/10\/DSC_9194-300x200.jpg 300w, https:\/\/jornalcontato.com.br\/home\/wp-content\/uploads\/2012\/10\/DSC_9194-1024x682.jpg 1024w, https:\/\/jornalcontato.com.br\/home\/wp-content\/uploads\/2012\/10\/DSC_9194.jpg 1500w\" sizes=\"auto, (max-width: 300px) 100vw, 300px\" \/><\/a><\/p>\n<p><a href=\"http:\/\/jornalcontato.com.br\/home\/wp-content\/uploads\/2012\/10\/DSC_9208.jpg\"><img loading=\"lazy\" decoding=\"async\" class=\"aligncenter size-medium wp-image-2661\" title=\"DSC_9208\" src=\"http:\/\/jornalcontato.com.br\/home\/wp-content\/uploads\/2012\/10\/DSC_9208-300x200.jpg\" alt=\"\" width=\"300\" height=\"200\" srcset=\"https:\/\/jornalcontato.com.br\/home\/wp-content\/uploads\/2012\/10\/DSC_9208-300x200.jpg 300w, https:\/\/jornalcontato.com.br\/home\/wp-content\/uploads\/2012\/10\/DSC_9208-1024x682.jpg 1024w, https:\/\/jornalcontato.com.br\/home\/wp-content\/uploads\/2012\/10\/DSC_9208.jpg 1500w\" sizes=\"auto, (max-width: 300px) 100vw, 300px\" \/><\/a><\/p>\n<p>&nbsp;<\/p>\n","protected":false},"excerpt":{"rendered":"","protected":false},"author":1,"featured_media":2663,"comment_status":"open","ping_status":"open","sticky":false,"template":"","format":"standard","meta":{"footnotes":""},"categories":[7],"tags":[],"class_list":["post-2653","post","type-post","status-publish","format-standard","has-post-thumbnail","hentry","category-reportagem"],"_links":{"self":[{"href":"https:\/\/www.jornalcontato.com.br\/home\/index.php\/wp-json\/wp\/v2\/posts\/2653","targetHints":{"allow":["GET"]}}],"collection":[{"href":"https:\/\/www.jornalcontato.com.br\/home\/index.php\/wp-json\/wp\/v2\/posts"}],"about":[{"href":"https:\/\/www.jornalcontato.com.br\/home\/index.php\/wp-json\/wp\/v2\/types\/post"}],"author":[{"embeddable":true,"href":"https:\/\/www.jornalcontato.com.br\/home\/index.php\/wp-json\/wp\/v2\/users\/1"}],"replies":[{"embeddable":true,"href":"https:\/\/www.jornalcontato.com.br\/home\/index.php\/wp-json\/wp\/v2\/comments?post=2653"}],"version-history":[{"count":3,"href":"https:\/\/www.jornalcontato.com.br\/home\/index.php\/wp-json\/wp\/v2\/posts\/2653\/revisions"}],"predecessor-version":[{"id":2929,"href":"https:\/\/www.jornalcontato.com.br\/home\/index.php\/wp-json\/wp\/v2\/posts\/2653\/revisions\/2929"}],"wp:featuredmedia":[{"embeddable":true,"href":"https:\/\/www.jornalcontato.com.br\/home\/index.php\/wp-json\/wp\/v2\/media\/2663"}],"wp:attachment":[{"href":"https:\/\/www.jornalcontato.com.br\/home\/index.php\/wp-json\/wp\/v2\/media?parent=2653"}],"wp:term":[{"taxonomy":"category","embeddable":true,"href":"https:\/\/www.jornalcontato.com.br\/home\/index.php\/wp-json\/wp\/v2\/categories?post=2653"},{"taxonomy":"post_tag","embeddable":true,"href":"https:\/\/www.jornalcontato.com.br\/home\/index.php\/wp-json\/wp\/v2\/tags?post=2653"}],"curies":[{"name":"wp","href":"https:\/\/api.w.org\/{rel}","templated":true}]}}