{"id":2618,"date":"2012-10-04T12:58:11","date_gmt":"2012-10-04T15:58:11","guid":{"rendered":"http:\/\/jornalcontato.com.br\/home\/?p=2618"},"modified":"2012-10-04T13:01:10","modified_gmt":"2012-10-04T16:01:10","slug":"contacao-de-historia-no-sesc-evento-gratuito","status":"publish","type":"post","link":"https:\/\/www.jornalcontato.com.br\/home\/index.php\/contacao-de-historia-no-sesc-evento-gratuito\/","title":{"rendered":"Conta\u00e7\u00e3o de Hist\u00f3ria no SESC. Evento gratuito"},"content":{"rendered":"<p>Evento gratuito. CONTA\u00c7\u00c3O DE HIST\u00d3RIA NO SESC TAUBAT\u00c9. S\u00e1bado, dia 6, \u00e0s 16h, a conta\u00e7\u00e3o de hist\u00f3ria Chapeuzinho Amarelo com Cia Hist\u00f3rias Inventadas.<\/p>\n<p>A trama gira em torno da personagem, que n\u00e3o sa\u00eda de casa para n\u00e3o se sujar, n\u00e3o tomava banho para n\u00e3o descolar. Para ela, minhoca era cobra e brincar de amarelinha era muito perigoso. Como tinha medo aquela menina.<\/p>\n<p>Aceitar nossos medos e conviver com eles \u00e9 t\u00e3o importante quanto ser corajoso. Enfrentar o pr\u00f3prio medo n\u00e3o \u00e9 f\u00e1cil, mas pode surpreender, como acontece com a menina Chapeuzinho Amarelo.<\/p>\n<p>Ap\u00f3s a hist\u00f3ria narrada, \u00e0s 16h30, acontece uma oficina infantil. A atividade faz parte do projeto Hist\u00f3rias Narradas que estimula a mem\u00f3ria, o conhecimento, a sensibilidade, a forma\u00e7\u00e3o e a experi\u00eancia.<\/p>\n<p>Local: Avenida Milton de Alvarenga Peixoto, 1264, Esplanada Santa Terezinha. Informa\u00e7\u00f5es 3634-4000.<\/p>\n","protected":false},"excerpt":{"rendered":"<p>Evento gratuito. CONTA\u00c7\u00c3O DE HIST\u00d3RIA NO SESC TAUBAT\u00c9. S\u00e1bado, dia 6, \u00e0s 16h, a conta\u00e7\u00e3o de hist\u00f3ria Chapeuzinho Amarelo com Cia Hist\u00f3rias Inventadas. A trama &#8230;<\/p>\n","protected":false},"author":1,"featured_media":2624,"comment_status":"open","ping_status":"open","sticky":false,"template":"","format":"standard","meta":{"footnotes":""},"categories":[7],"tags":[],"class_list":["post-2618","post","type-post","status-publish","format-standard","has-post-thumbnail","hentry","category-reportagem"],"_links":{"self":[{"href":"https:\/\/www.jornalcontato.com.br\/home\/index.php\/wp-json\/wp\/v2\/posts\/2618","targetHints":{"allow":["GET"]}}],"collection":[{"href":"https:\/\/www.jornalcontato.com.br\/home\/index.php\/wp-json\/wp\/v2\/posts"}],"about":[{"href":"https:\/\/www.jornalcontato.com.br\/home\/index.php\/wp-json\/wp\/v2\/types\/post"}],"author":[{"embeddable":true,"href":"https:\/\/www.jornalcontato.com.br\/home\/index.php\/wp-json\/wp\/v2\/users\/1"}],"replies":[{"embeddable":true,"href":"https:\/\/www.jornalcontato.com.br\/home\/index.php\/wp-json\/wp\/v2\/comments?post=2618"}],"version-history":[{"count":4,"href":"https:\/\/www.jornalcontato.com.br\/home\/index.php\/wp-json\/wp\/v2\/posts\/2618\/revisions"}],"predecessor-version":[{"id":2622,"href":"https:\/\/www.jornalcontato.com.br\/home\/index.php\/wp-json\/wp\/v2\/posts\/2618\/revisions\/2622"}],"wp:featuredmedia":[{"embeddable":true,"href":"https:\/\/www.jornalcontato.com.br\/home\/index.php\/wp-json\/wp\/v2\/media\/2624"}],"wp:attachment":[{"href":"https:\/\/www.jornalcontato.com.br\/home\/index.php\/wp-json\/wp\/v2\/media?parent=2618"}],"wp:term":[{"taxonomy":"category","embeddable":true,"href":"https:\/\/www.jornalcontato.com.br\/home\/index.php\/wp-json\/wp\/v2\/categories?post=2618"},{"taxonomy":"post_tag","embeddable":true,"href":"https:\/\/www.jornalcontato.com.br\/home\/index.php\/wp-json\/wp\/v2\/tags?post=2618"}],"curies":[{"name":"wp","href":"https:\/\/api.w.org\/{rel}","templated":true}]}}