{"id":2515,"date":"2012-10-01T17:53:29","date_gmt":"2012-10-01T20:53:29","guid":{"rendered":"http:\/\/jornalcontato.com.br\/home\/?p=2515"},"modified":"2012-10-09T15:33:06","modified_gmt":"2012-10-09T18:33:06","slug":"bernardo-ortiz-nas-ruas-e-o-apoio-do-psdb","status":"publish","type":"post","link":"https:\/\/www.jornalcontato.com.br\/home\/index.php\/bernardo-ortiz-nas-ruas-e-o-apoio-do-psdb\/","title":{"rendered":"Bernardo Ortiz nas ruas e o apoio do PSDB"},"content":{"rendered":"<p><!--more-->Por Marcos Lim\u00e3o \/ Foto Thalita Azevedo<\/p>\n<p>Presidente estadual do PSDB, o deputado estadual Pedro Tobias apareceu na Avenida 9 de Julho, em Taubat\u00e9, na tarde desta segunda-feira, dia 1\u00ba, para refor\u00e7ar a campanha de Ortiz J\u00fanior (PSDB) rumo ao Pal\u00e1cio Bom Conselho. Ele esteve acompanhado pelo ex-prefeito Jos\u00e9 Bernardo Ortiz (PSDB).<\/p>\n<p>Poucas pessoas na terra de Lobato conhecem o deputado estadual, mas a visita dele serviu para refor\u00e7ar o apoio do partido a Ortiz J\u00fanior, acusado pelo Minist\u00e9rio P\u00fablico de colaborar para a forma\u00e7\u00e3o de um suposto cartel na Funda\u00e7\u00e3o para o Desenvolvimento da Educa\u00e7\u00e3o, ent\u00e3o presidida pelo ex-prefeito Jos\u00e9 Bernardo Ortiz (PSDB ), para a compra de mochilas para a rede estadual de ensino. Antes, no dia 25, j\u00e1 haviam estado em Taubat\u00e9 o deputado federal Jos\u00e9 Anibal e o secret\u00e1rio-geral do PSDB em SP Cesar Gontijo.<\/p>\n<p>Afirmando que representava o governador Geraldo Alckmin (PSDB), Pedro Tobias disse que existe uma \u201ccampanha orquestrada\u201d para prejudicar Ortiz J\u00fanior e que o partido representar\u00e1 contra os promotores junto ao Conselho Nacional do Minist\u00e9rio P\u00fablico. \u201cN\u00e3o podemos pisar em cima da moralidade de algu\u00e9m por causa de elei\u00e7\u00e3o\u201d, disse Tobias.<\/p>\n<p>Para Bernardo Ortiz, o MP virou um \u201ccomit\u00ea eleitoral do PT\u201d. Ele atacou duramente os promotores que assinaram a peti\u00e7\u00e3o. \u201cO promotor \u00e9 um canalha. Entregou para a imprensa antes de entregar [a den\u00fancia] para o juiz\u201d, declarou. Sobre o dia-a-dia da campanha, o ex-prefeito afirmou que faz reuni\u00f5es e que nesses encontros o caso da FDE nem chega a ser discutido. Em um eventual segundo turno, para Bernardo Ortiz (PSDB), ser\u00e1 formado uma frente de todas as coliga\u00e7\u00f5es contra Ortiz J\u00fanior, com uma m\u00ednima possibilidade de Ant\u00f4nio M\u00e1rio Ortiz cerrar fileiras com o primo Bernardo Ortiz. \u201cEssa \u00e9 uma campanha que gerou \u00f3dio\u201d, desabafou o ex-prefeito.<\/p>\n<p>Durante o final de semanal, o panfleto ap\u00f3crifo entrou em a\u00e7\u00e3o. Ele falava sobre a FDE. No centro da cidade, CONTATO encontrou diversos deles jogados ao ch\u00e3o.<\/p>\n<p>Fazendo uma campanha sem ataques at\u00e9 agora, \u00a0a coliga\u00e7\u00e3o de Ortiz J\u00fanior iniciou a veicula\u00e7\u00e3o na TV um v\u00eddeo em que o Ex-Presidente Lula pedindo votos a Roberto Peixoto nas elei\u00e7\u00f5es de 2008 e disse o atual prefeito prometeu remover a linha f\u00e9rrea do centro da cidade e cumpriu.<\/p>\n<p><a href=\"http:\/\/jornalcontato.com.br\/home\/wp-content\/uploads\/2012\/10\/DSC_8777.jpg\"><img loading=\"lazy\" decoding=\"async\" class=\"aligncenter size-medium wp-image-2518\" title=\"DSC_8777\" src=\"http:\/\/jornalcontato.com.br\/home\/wp-content\/uploads\/2012\/10\/DSC_8777-200x300.jpg\" alt=\"\" width=\"200\" height=\"300\" srcset=\"https:\/\/jornalcontato.com.br\/home\/wp-content\/uploads\/2012\/10\/DSC_8777-200x300.jpg 200w, https:\/\/jornalcontato.com.br\/home\/wp-content\/uploads\/2012\/10\/DSC_8777-682x1024.jpg 682w, https:\/\/jornalcontato.com.br\/home\/wp-content\/uploads\/2012\/10\/DSC_8777.jpg 1536w\" sizes=\"auto, (max-width: 200px) 100vw, 200px\" \/><\/a><\/p>\n<p><a href=\"http:\/\/jornalcontato.com.br\/home\/wp-content\/uploads\/2012\/10\/DSC_8773.jpg\"><img loading=\"lazy\" decoding=\"async\" class=\"aligncenter size-medium wp-image-2517\" title=\"DSC_8773\" src=\"http:\/\/jornalcontato.com.br\/home\/wp-content\/uploads\/2012\/10\/DSC_8773-300x200.jpg\" alt=\"\" width=\"300\" height=\"200\" srcset=\"https:\/\/jornalcontato.com.br\/home\/wp-content\/uploads\/2012\/10\/DSC_8773-300x200.jpg 300w, https:\/\/jornalcontato.com.br\/home\/wp-content\/uploads\/2012\/10\/DSC_8773-1024x682.jpg 1024w\" sizes=\"auto, (max-width: 300px) 100vw, 300px\" \/><\/a><\/p>\n<p>&nbsp;<\/p>\n<p>&nbsp;<\/p>\n","protected":false},"excerpt":{"rendered":"","protected":false},"author":1,"featured_media":2516,"comment_status":"open","ping_status":"open","sticky":false,"template":"","format":"standard","meta":{"footnotes":""},"categories":[7],"tags":[],"class_list":["post-2515","post","type-post","status-publish","format-standard","has-post-thumbnail","hentry","category-reportagem"],"_links":{"self":[{"href":"https:\/\/www.jornalcontato.com.br\/home\/index.php\/wp-json\/wp\/v2\/posts\/2515","targetHints":{"allow":["GET"]}}],"collection":[{"href":"https:\/\/www.jornalcontato.com.br\/home\/index.php\/wp-json\/wp\/v2\/posts"}],"about":[{"href":"https:\/\/www.jornalcontato.com.br\/home\/index.php\/wp-json\/wp\/v2\/types\/post"}],"author":[{"embeddable":true,"href":"https:\/\/www.jornalcontato.com.br\/home\/index.php\/wp-json\/wp\/v2\/users\/1"}],"replies":[{"embeddable":true,"href":"https:\/\/www.jornalcontato.com.br\/home\/index.php\/wp-json\/wp\/v2\/comments?post=2515"}],"version-history":[{"count":11,"href":"https:\/\/www.jornalcontato.com.br\/home\/index.php\/wp-json\/wp\/v2\/posts\/2515\/revisions"}],"predecessor-version":[{"id":2806,"href":"https:\/\/www.jornalcontato.com.br\/home\/index.php\/wp-json\/wp\/v2\/posts\/2515\/revisions\/2806"}],"wp:featuredmedia":[{"embeddable":true,"href":"https:\/\/www.jornalcontato.com.br\/home\/index.php\/wp-json\/wp\/v2\/media\/2516"}],"wp:attachment":[{"href":"https:\/\/www.jornalcontato.com.br\/home\/index.php\/wp-json\/wp\/v2\/media?parent=2515"}],"wp:term":[{"taxonomy":"category","embeddable":true,"href":"https:\/\/www.jornalcontato.com.br\/home\/index.php\/wp-json\/wp\/v2\/categories?post=2515"},{"taxonomy":"post_tag","embeddable":true,"href":"https:\/\/www.jornalcontato.com.br\/home\/index.php\/wp-json\/wp\/v2\/tags?post=2515"}],"curies":[{"name":"wp","href":"https:\/\/api.w.org\/{rel}","templated":true}]}}