{"id":2365,"date":"2012-09-26T15:40:41","date_gmt":"2012-09-26T18:40:41","guid":{"rendered":"http:\/\/jornalcontato.com.br\/home\/?p=2365"},"modified":"2012-09-26T15:45:37","modified_gmt":"2012-09-26T18:45:37","slug":"acidente-na-avenida-professor-walter-thaumaturgo","status":"publish","type":"post","link":"https:\/\/www.jornalcontato.com.br\/home\/index.php\/acidente-na-avenida-professor-walter-thaumaturgo\/","title":{"rendered":"Acidente na Avenida Professor Walter Thaumaturgo"},"content":{"rendered":"<p>Na ter\u00e7a-feira, dia 25, aconteceu um acidente de tr\u00e2nsito na Avenida Professor Walter Thaumaturgo, envolvendo uma funcion\u00e1ria da Escola Legislativa.\u00a0Quando a servidora Adriana Maria de Oliveira fazia o retorno em frente a C\u00e2mara Municipal, um carro em alta velocidade bateu contra o carro dela.<!--more--> Com o impacto da batida, o carro da funcion\u00e1ria foi arremessado para o outro lado da rua, e veio a colidir com um Palio Prata que teve as rodas danificadas.<\/p>\n<p>O motorista afirmou no Boletim de Ocorr\u00eancia que desmaiou ao volante. O condutor do ve\u00edculo n\u00e3o demonstrou nenhuma rea\u00e7\u00e3o nos minutos ap\u00f3s o acidente e n\u00e3o prestou aux\u00edlios m\u00e9dicos a v\u00edtima. \u201cNa Avenida Prof. Walter Thaumaturgo todos os carros passam correndo demais\u201d, acredita Adriana.<\/p>\n<p>Policiais a paisana que estavam no local no momento do acidente prestaram os primeiros atendimentos. Adriana n\u00e3o foi hospitalizada. Viaturas foram at\u00e9 o local onde fizeram o teste do baf\u00f4metro com o motorista \u00a0e foi constatado que o motorista n\u00e3o estava embriagado.<\/p>\n<p>O acidente, que poderia ter machucado seriamente algu\u00e9m, exp\u00f5e a falta de fiscaliza\u00e7\u00e3o no local para coibir motoristas imprudentes que t\u00eam o costume de andar acima do limite estabelecido pela legisla\u00e7\u00e3o. H\u00e1 pelo menos tr\u00eas anos, vereadores de Taubat\u00e9 pedem por redutores de velocidade e sem\u00e1foro para pedestres nesse trecho da cidade por conta da velocidade que os carros normalmente utilizam ao passar pela Avenida. Fotos de Adriana Maria de Oliveira<\/p>\n<p>&nbsp;<\/p>\n<p><a href=\"http:\/\/jornalcontato.com.br\/home\/wp-content\/uploads\/2012\/09\/Acidente-024.jpg\"><img loading=\"lazy\" decoding=\"async\" class=\"aligncenter size-medium wp-image-2373\" title=\"Acidente 024\" src=\"http:\/\/jornalcontato.com.br\/home\/wp-content\/uploads\/2012\/09\/Acidente-024-300x199.jpg\" alt=\"\" width=\"300\" height=\"199\" srcset=\"https:\/\/jornalcontato.com.br\/home\/wp-content\/uploads\/2012\/09\/Acidente-024-300x199.jpg 300w, https:\/\/jornalcontato.com.br\/home\/wp-content\/uploads\/2012\/09\/Acidente-024-1024x680.jpg 1024w, https:\/\/jornalcontato.com.br\/home\/wp-content\/uploads\/2012\/09\/Acidente-024.jpg 1608w\" sizes=\"auto, (max-width: 300px) 100vw, 300px\" \/><\/a><\/p>\n<p><a href=\"http:\/\/jornalcontato.com.br\/home\/wp-content\/uploads\/2012\/09\/Acidente-0201.jpg\"><img loading=\"lazy\" decoding=\"async\" class=\"aligncenter size-medium wp-image-2375\" title=\"Acidente 020\" src=\"http:\/\/jornalcontato.com.br\/home\/wp-content\/uploads\/2012\/09\/Acidente-0201-300x199.jpg\" alt=\"\" width=\"300\" height=\"199\" srcset=\"https:\/\/jornalcontato.com.br\/home\/wp-content\/uploads\/2012\/09\/Acidente-0201-300x199.jpg 300w, https:\/\/jornalcontato.com.br\/home\/wp-content\/uploads\/2012\/09\/Acidente-0201-1024x680.jpg 1024w, https:\/\/jornalcontato.com.br\/home\/wp-content\/uploads\/2012\/09\/Acidente-0201.jpg 1608w\" sizes=\"auto, (max-width: 300px) 100vw, 300px\" \/><\/a><\/p>\n<p><a href=\"http:\/\/jornalcontato.com.br\/home\/wp-content\/uploads\/2012\/09\/Acidente-0101.jpg\"><img loading=\"lazy\" decoding=\"async\" class=\"aligncenter size-medium wp-image-2377\" title=\"Acidente 010\" src=\"http:\/\/jornalcontato.com.br\/home\/wp-content\/uploads\/2012\/09\/Acidente-0101-300x213.jpg\" alt=\"\" width=\"300\" height=\"213\" srcset=\"https:\/\/jornalcontato.com.br\/home\/wp-content\/uploads\/2012\/09\/Acidente-0101-300x213.jpg 300w, https:\/\/jornalcontato.com.br\/home\/wp-content\/uploads\/2012\/09\/Acidente-0101-1024x729.jpg 1024w, https:\/\/jornalcontato.com.br\/home\/wp-content\/uploads\/2012\/09\/Acidente-0101.jpg 1499w\" sizes=\"auto, (max-width: 300px) 100vw, 300px\" \/><\/a><\/p>\n<p><a href=\"http:\/\/jornalcontato.com.br\/home\/wp-content\/uploads\/2012\/09\/Acidente-0081.jpg\"><img loading=\"lazy\" decoding=\"async\" class=\"aligncenter size-medium wp-image-2378\" title=\"Acidente 008\" src=\"http:\/\/jornalcontato.com.br\/home\/wp-content\/uploads\/2012\/09\/Acidente-0081-300x179.jpg\" alt=\"\" width=\"300\" height=\"179\" srcset=\"https:\/\/jornalcontato.com.br\/home\/wp-content\/uploads\/2012\/09\/Acidente-0081-300x179.jpg 300w, https:\/\/jornalcontato.com.br\/home\/wp-content\/uploads\/2012\/09\/Acidente-0081-1024x611.jpg 1024w, https:\/\/jornalcontato.com.br\/home\/wp-content\/uploads\/2012\/09\/Acidente-0081.jpg 1403w\" sizes=\"auto, (max-width: 300px) 100vw, 300px\" \/><\/a><\/p>\n<p><a href=\"http:\/\/jornalcontato.com.br\/home\/wp-content\/uploads\/2012\/09\/Acidente-0052.jpg\"><img loading=\"lazy\" decoding=\"async\" class=\"aligncenter size-medium wp-image-2379\" title=\"Acidente 005\" src=\"http:\/\/jornalcontato.com.br\/home\/wp-content\/uploads\/2012\/09\/Acidente-0052-300x219.jpg\" alt=\"\" width=\"300\" height=\"219\" srcset=\"https:\/\/jornalcontato.com.br\/home\/wp-content\/uploads\/2012\/09\/Acidente-0052-300x219.jpg 300w, https:\/\/jornalcontato.com.br\/home\/wp-content\/uploads\/2012\/09\/Acidente-0052-1024x748.jpg 1024w, https:\/\/jornalcontato.com.br\/home\/wp-content\/uploads\/2012\/09\/Acidente-0052.jpg 1462w\" sizes=\"auto, (max-width: 300px) 100vw, 300px\" \/><\/a><\/p>\n<p><a href=\"http:\/\/jornalcontato.com.br\/home\/wp-content\/uploads\/2012\/09\/Acidente-0012.jpg\"><img loading=\"lazy\" decoding=\"async\" class=\"aligncenter size-medium wp-image-2380\" title=\"Acidente 001\" src=\"http:\/\/jornalcontato.com.br\/home\/wp-content\/uploads\/2012\/09\/Acidente-0012-300x228.jpg\" alt=\"\" width=\"300\" height=\"228\" srcset=\"https:\/\/jornalcontato.com.br\/home\/wp-content\/uploads\/2012\/09\/Acidente-0012-300x228.jpg 300w, https:\/\/jornalcontato.com.br\/home\/wp-content\/uploads\/2012\/09\/Acidente-0012-1024x781.jpg 1024w, https:\/\/jornalcontato.com.br\/home\/wp-content\/uploads\/2012\/09\/Acidente-0012.jpg 1400w\" sizes=\"auto, (max-width: 300px) 100vw, 300px\" \/><\/a><\/p>\n","protected":false},"excerpt":{"rendered":"<p>Na ter\u00e7a-feira, dia 25, aconteceu um acidente de tr\u00e2nsito na Avenida Professor Walter Thaumaturgo, envolvendo uma funcion\u00e1ria da Escola Legislativa.\u00a0Quando a servidora Adriana Maria de &#8230;<\/p>\n","protected":false},"author":1,"featured_media":2368,"comment_status":"open","ping_status":"open","sticky":false,"template":"","format":"standard","meta":{"footnotes":""},"categories":[7],"tags":[],"class_list":["post-2365","post","type-post","status-publish","format-standard","has-post-thumbnail","hentry","category-reportagem"],"_links":{"self":[{"href":"https:\/\/www.jornalcontato.com.br\/home\/index.php\/wp-json\/wp\/v2\/posts\/2365","targetHints":{"allow":["GET"]}}],"collection":[{"href":"https:\/\/www.jornalcontato.com.br\/home\/index.php\/wp-json\/wp\/v2\/posts"}],"about":[{"href":"https:\/\/www.jornalcontato.com.br\/home\/index.php\/wp-json\/wp\/v2\/types\/post"}],"author":[{"embeddable":true,"href":"https:\/\/www.jornalcontato.com.br\/home\/index.php\/wp-json\/wp\/v2\/users\/1"}],"replies":[{"embeddable":true,"href":"https:\/\/www.jornalcontato.com.br\/home\/index.php\/wp-json\/wp\/v2\/comments?post=2365"}],"version-history":[{"count":3,"href":"https:\/\/www.jornalcontato.com.br\/home\/index.php\/wp-json\/wp\/v2\/posts\/2365\/revisions"}],"predecessor-version":[{"id":2376,"href":"https:\/\/www.jornalcontato.com.br\/home\/index.php\/wp-json\/wp\/v2\/posts\/2365\/revisions\/2376"}],"wp:featuredmedia":[{"embeddable":true,"href":"https:\/\/www.jornalcontato.com.br\/home\/index.php\/wp-json\/wp\/v2\/media\/2368"}],"wp:attachment":[{"href":"https:\/\/www.jornalcontato.com.br\/home\/index.php\/wp-json\/wp\/v2\/media?parent=2365"}],"wp:term":[{"taxonomy":"category","embeddable":true,"href":"https:\/\/www.jornalcontato.com.br\/home\/index.php\/wp-json\/wp\/v2\/categories?post=2365"},{"taxonomy":"post_tag","embeddable":true,"href":"https:\/\/www.jornalcontato.com.br\/home\/index.php\/wp-json\/wp\/v2\/tags?post=2365"}],"curies":[{"name":"wp","href":"https:\/\/api.w.org\/{rel}","templated":true}]}}