{"id":22090,"date":"2026-09-01T19:45:05","date_gmt":"2026-09-01T22:45:05","guid":{"rendered":"https:\/\/www.jornalcontato.com.br\/home\/?p=22090"},"modified":"2026-09-01T19:45:05","modified_gmt":"2026-09-01T22:45:05","slug":"o-circo-pegou-fogo-viva-o-palhaco-paulo-de-tarso","status":"publish","type":"post","link":"https:\/\/www.jornalcontato.com.br\/home\/index.php\/o-circo-pegou-fogo-viva-o-palhaco-paulo-de-tarso\/","title":{"rendered":"O circo pegou fogo: viva o palha\u00e7o!! (Paulo de Tarso)"},"content":{"rendered":"<p>A um m\u00eas do primeiro turno da elei\u00e7\u00e3o nacional, a semana come\u00e7a com pelo menos uma bomba: a quebra de sigilo do processo que envolve o ministro do STF Alexandre de Moraes e o Procurador Geral da Rep\u00fablica (PGR) Paulo Gonet com o Banco Master. Os rumos eleitorais est\u00e3o mais nebulosos. Os pratos e os temperos servidos recentemente tornaram-se indigestos. E os efeitos j\u00e1 podem ser sentidos em toda a capital federal. Nem ouso falar do sabor at\u00e9 porque o odor j\u00e1 est\u00e1 insuport\u00e1vel.<\/p>\n<p>A origem seria a decis\u00e3o do ministro Andr\u00e9 Mendon\u00e7a do STF de pedir ao presidente da Corte Suprema Edson Fachin levar ao plen\u00e1rio o relat\u00f3rio que envolve Alexandre de Moraes e o PGR Paulo Gonet com o Banco Master. E de quebra, o diretor da PF Andrei Rodrigues.<\/p>\n<p>Mensagens tornadas p\u00fablicas nesta ter\u00e7a-feira por ordem do ministro Andr\u00e9 Mendon\u00e7a, do Supremo Tribunal Federal (STF), indicam que o banqueiro Daniel Vorcaro, do Banco Master, era orientado por Alexandre de Moraes durante o auge da crise na institui\u00e7\u00e3o, no fim do ano passado. Em uma delas, Vorcaro perguntou a Moraes se tinha que deixar o pa\u00eds. O texto, em posse da Pol\u00edcia Federal (PF), foi enviado em 15 de novembro de 2025, dois dias antes de Vorcaro ser preso pela primeira vez diante das suspeitas de fraudes.<\/p>\n<p>Vorcaro tamb\u00e9m pediu ajuda a Moraes para intervir junto ao diretor-geral da PF e ao procurador-geral da Rep\u00fablica, Paulo Gonet, na tentativa de interromper as investiga\u00e7\u00f5es que miravam o Master. O jornal Estad\u00e3o foi quem deu o furo. Mendon\u00e7a, relator do caso no STF, derrubou o sigilo do caso posteriormente e indicou que o assunto ser\u00e1 levado ao plen\u00e1rio. Caber\u00e1 ao presidente do STF, Edson Fachin, marcar a data de sess\u00e3o para deliberar sobre eventual investiga\u00e7\u00e3o contra Moraes. Como \u00e9 integrante do STF, Moraes s\u00f3 pode ser formalmente investigado se houver o aval do plen\u00e1rio. Segundo Mendon\u00e7a, caber\u00e1 \u00e0 \u201cinst\u00e2ncia soberana\u201d analisar a situa\u00e7\u00e3o em delibera\u00e7\u00e3o &#8220;p\u00fablica e transparente&#8221;&#8221;.<\/p>\n<p><a href=\"https:\/\/jornalcontato.com.br\/home\/wp-content\/uploads\/2026\/09\/Xandao-e-Mendonca.jpg\"><img loading=\"lazy\" decoding=\"async\" class=\"aligncenter size-large wp-image-22092\" src=\"https:\/\/jornalcontato.com.br\/home\/wp-content\/uploads\/2026\/09\/Xandao-e-Mendonca-450x232.jpg\" alt=\"\" width=\"450\" height=\"232\" srcset=\"https:\/\/jornalcontato.com.br\/home\/wp-content\/uploads\/2026\/09\/Xandao-e-Mendonca-450x232.jpg 450w, https:\/\/jornalcontato.com.br\/home\/wp-content\/uploads\/2026\/09\/Xandao-e-Mendonca-300x155.jpg 300w, https:\/\/jornalcontato.com.br\/home\/wp-content\/uploads\/2026\/09\/Xandao-e-Mendonca.jpg 479w\" sizes=\"auto, (max-width: 450px) 100vw, 450px\" \/><\/a><\/p>\n<p>Apareceu ent\u00e3o, em primeira m\u00e3o, por exemplo, mensagem enviada por Vorcaro em novembro, na qual o banqueiro preso pergunta a Xand\u00e3o: \u201cAcha que segunda j\u00e1 tenho que estar fora?\u201d, em mensagem recuperada pela Pol\u00edcia Federal. As respostas de Moraes n\u00e3o foram reveladas. Na sequ\u00eancia, no mesmo dia, Vorcaro emenda tr\u00eas perguntas. &#8220;Aquele mesmo juiz Ricardo? E o Gal\u00edpolo t\u00e1 sabendo? Conseguimos fazer algo?&#8221;. As refer\u00eancias s\u00e3o ao presidente do Banco Central, Gabriel Gal\u00edpolo, institui\u00e7\u00e3o que fechava o cerco \u00e0s irregularidades do Master, e ao juiz Ricardo Leite, juiz da 10\u00aa Vara Federal de Bras\u00edlia, onde tramitava na \u00e9poca o inqu\u00e9rito sigiloso que levou banqueiro \u00e0 cadeia. Em outro momento, Vorcaro diz: &#8220;Que loucura, bem na semana que estou resolvendo tudo&#8221;; &#8220;Conseguimos fazer algo?<\/p>\n<p>No dia seguinte, 16 de novembro, Vorcaro voltou a consultar Moraes. \u201cVoc\u00ea acha que existe alguma chance disso acontecer amanh\u00e3 de manh\u00e3?\u201d. Na noite do dia 17, Vorcaro foi detido no Aeroporto Internacional de Guarulhos quando tentava sair do Brasil em um jato particular que voaria para Dubai. At\u00e9 agora n\u00e3o se sabe se estava fugindo ou a neg\u00f3cio. Pouco antes da pris\u00e3o, Vorcaro disse ao ministro: \u201cConseguiu ter not\u00edcia ou bloquear?\u201d. Essa mensagem foi revelada em mar\u00e7o pela colunista do GLOBO Malu Gaspar.<\/p>\n<p><a href=\"https:\/\/jornalcontato.com.br\/home\/wp-content\/uploads\/2026\/09\/DANIEL-VORCARO-FICHADO.jpg\"><img loading=\"lazy\" decoding=\"async\" class=\"aligncenter size-large wp-image-22093\" src=\"https:\/\/jornalcontato.com.br\/home\/wp-content\/uploads\/2026\/09\/DANIEL-VORCARO-FICHADO-450x253.jpg\" alt=\"\" width=\"450\" height=\"253\" srcset=\"https:\/\/jornalcontato.com.br\/home\/wp-content\/uploads\/2026\/09\/DANIEL-VORCARO-FICHADO-450x253.jpg 450w, https:\/\/jornalcontato.com.br\/home\/wp-content\/uploads\/2026\/09\/DANIEL-VORCARO-FICHADO-300x169.jpg 300w, https:\/\/jornalcontato.com.br\/home\/wp-content\/uploads\/2026\/09\/DANIEL-VORCARO-FICHADO-768x432.jpg 768w, https:\/\/jornalcontato.com.br\/home\/wp-content\/uploads\/2026\/09\/DANIEL-VORCARO-FICHADO-750x420.jpg 750w, https:\/\/jornalcontato.com.br\/home\/wp-content\/uploads\/2026\/09\/DANIEL-VORCARO-FICHADO-1140x641.jpg 1140w, https:\/\/jornalcontato.com.br\/home\/wp-content\/uploads\/2026\/09\/DANIEL-VORCARO-FICHADO.jpg 1280w\" sizes=\"auto, (max-width: 450px) 100vw, 450px\" \/><\/a><\/p>\n<p>As mensagens foram extra\u00eddas do celular de Vorcaro, mas as respostas do ministro n\u00e3o puderam ser recuperadas pelos investigadores. As mensagens eram trocadas por meio de textos escritos no bloco de nota do celular e enviadas por WhatsApp como imagens de visualiza\u00e7\u00e3o \u00fanica.<\/p>\n<p><strong>PF e PGR<\/strong><\/p>\n<p>No dia 30 de outubro, Vorcaro diz a Moraes que ia alterar a data de uma viagem na tentativa de encontr\u00e1-lo. O banqueiro relata ter recebido informa\u00e7\u00f5es de maneira &#8220;informal&#8221; que Gal\u00edpolo estava recebendo press\u00e3o para adotar uma medida contra o Master. Vorcaro pede ajuda com &#8220;Andrei e Paulo&#8221; (diretor-geral da PF, Andrei Rodrigues e o procurador-geral da Rep\u00fablica, Paulo Gonet. &#8220;O Bacen est\u00e1 sendo muito pressionado pela PF e MP, alegando que far\u00e3o algo contra mim. \u00c9 importante refor\u00e7ar com Andrei e Paulo para n\u00e3o deixar ningu\u00e9m de baixo fazer uma sacanagem, que a\u00ed vai tudo pro saco. Estou dispon\u00edvel para tratar e explicar qualquer coisa, s\u00f3 n\u00e3o pode ter sacanagem&#8221;, diz a mensagem enviada por Vorcaro.<\/p>\n<p>A advogada Viviane Barci de Moraes, mulher de Moraes, afirmou que o marido foi consultado sobre o contrato assinado entre o seu escrit\u00f3rio e Vorcaro, do Master, que previa o pagamento de R$ 131 milh\u00f5es em tr\u00eas anos. Em nota, confirmou que &#8220;solicitou informa\u00e7\u00f5es&#8221; por meio da \u00e1rea de compliance do seu escrit\u00f3rio a Moraes sobre &#8220;eventuais impedimentos legais para a contrata\u00e7\u00e3o nos termos propostos na minuta contratual&#8221;.<\/p>\n<p><a href=\"https:\/\/jornalcontato.com.br\/home\/wp-content\/uploads\/2026\/09\/Gonet-e-adv-de-Vprcaro-jpeg.jpg\"><img loading=\"lazy\" decoding=\"async\" class=\"aligncenter size-large wp-image-22094\" src=\"https:\/\/jornalcontato.com.br\/home\/wp-content\/uploads\/2026\/09\/Gonet-e-adv-de-Vprcaro-jpeg-332x450.jpg\" alt=\"\" width=\"332\" height=\"450\" srcset=\"https:\/\/jornalcontato.com.br\/home\/wp-content\/uploads\/2026\/09\/Gonet-e-adv-de-Vprcaro-jpeg-332x450.jpg 332w, https:\/\/jornalcontato.com.br\/home\/wp-content\/uploads\/2026\/09\/Gonet-e-adv-de-Vprcaro-jpeg-221x300.jpg 221w, https:\/\/jornalcontato.com.br\/home\/wp-content\/uploads\/2026\/09\/Gonet-e-adv-de-Vprcaro-jpeg.jpg 380w\" sizes=\"auto, (max-width: 332px) 100vw, 332px\" \/><\/a><\/p>\n<p style=\"text-align: center;\">\u00a0\u00a0\u00a0\u00a0\u00a0\u00a0\u00a0\u00a0\u00a0\u00a0\u00a0\u00a0\u00a0\u00a0\u00a0\u00a0\u00a0\u00a0 <em><strong>O advogado Ciro Soares enviou foto ao lado do procurador-geral da Rep\u00fablica, Paulo Gonet, segundos antes de intermediar uma liga\u00e7\u00e3o telef\u00f4nica entre ele e o banqueiro Daniel Vorcaro<\/strong><\/em><\/p>\n<p>\u00a0 \u00a0 \u00a0 \u00a0 \u00a0 \u00a0 \u00a0 \u00a0 \u00a0 \u00a0 Metadados do arquivo do contrato, enviado por WhatsApp a Vorcaro, mostram que o documento foi editado por um usu\u00e1rio identificado como &#8220;Ministro Alexandre de Moraes&#8221;. A informa\u00e7\u00e3o foi revelada inicialmente pelo Estad\u00e3o. Segundo afirma Viviane, por\u00e9m, o contrato s\u00f3 foi assinado depois que se comprovou a &#8220;inexist\u00eancia&#8221; de &#8220;qualquer impedimento legal&#8221; por ela ser esposa do ministro do Supremo. &#8220;Diante da inexist\u00eancia de previs\u00e3o de atua\u00e7\u00e3o no STF ou de qualquer impedimento legal, uma vez que o Ministro Alexandre de Moraes jamais julgou qualquer causa envolvendo o Banco Master, o contrato foi assinado e os servi\u00e7os advocat\u00edcios devidamente prestados&#8221;, diz o texto.<\/p>\n<p>Em outras mensagens interceptadas pela PF, de 15 de mar\u00e7o de 2024, o ex-ministro das Comunica\u00e7\u00f5es F\u00e1bio Faria fala a um subordinado de Vorcaro sobre um atraso de pagamento referente ao contrato. \u201cO careca n\u00e3o pode atrasar\u201d, disse Faria a Angelo Silva, que foi s\u00f3cio do Master.<\/p>\n<p><a href=\"https:\/\/jornalcontato.com.br\/home\/wp-content\/uploads\/2026\/09\/Anfrei-Rodrigues-diretor-PF.jpg\"><img loading=\"lazy\" decoding=\"async\" class=\"aligncenter size-large wp-image-22095\" src=\"https:\/\/jornalcontato.com.br\/home\/wp-content\/uploads\/2026\/09\/Anfrei-Rodrigues-diretor-PF-450x300.jpg\" alt=\"\" width=\"450\" height=\"300\" srcset=\"https:\/\/jornalcontato.com.br\/home\/wp-content\/uploads\/2026\/09\/Anfrei-Rodrigues-diretor-PF-450x300.jpg 450w, https:\/\/jornalcontato.com.br\/home\/wp-content\/uploads\/2026\/09\/Anfrei-Rodrigues-diretor-PF-300x200.jpg 300w, https:\/\/jornalcontato.com.br\/home\/wp-content\/uploads\/2026\/09\/Anfrei-Rodrigues-diretor-PF-768x512.jpg 768w, https:\/\/jornalcontato.com.br\/home\/wp-content\/uploads\/2026\/09\/Anfrei-Rodrigues-diretor-PF.jpg 1200w\" sizes=\"auto, (max-width: 450px) 100vw, 450px\" \/><\/a><\/p>\n<p style=\"text-align: center;\"><em><strong>Andrei Rodrigues, diretor da Pol\u00edcia Federal<\/strong><\/em><\/p>\n<p>\u00a0\u00a0\u00a0\u00a0\u00a0\u00a0\u00a0\u00a0\u00a0\u00a0\u00a0\u00a0\u00a0\u00a0\u00a0\u00a0\u00a0\u00a0\u00a0 O pr\u00f3prio banqueiro tamb\u00e9m foi alertado por Faria sobre a demora na transfer\u00eancia. Vorcaro, ent\u00e3o, demonstrou enorme irrita\u00e7\u00e3o com a demora no pagamento para o escrit\u00f3rio Viviane, e ordena a Angelo Silva: &#8220;Pqp. N\u00e3o pagaram Barci de Moraes. N\u00e3o t\u00f4 entendendo isso. Contrato mais importante que temos. Te pedi para n\u00e3o falhar. Surreal. Vamos ter problemas&#8221; e, \u00e0s 15h06, ordena: &#8220;Manda pagar agora&#8221;.<\/p>\n<p><strong>&#8220;Estamos juntos sempre&#8221;<\/strong><\/p>\n<p>Outras mensagens obtidas pela PF, em 14 de novembro, tr\u00eas dias antes de ser detido, Vorcaro escreveu ao ministro: \u201cEstamos juntos sempre. Voc\u00ea sabe que tenho gratid\u00e3o da minha vida a voc\u00ea. Toda minha fam\u00edlia, funcion\u00e1rios, parceiros, amigos que dependem de n\u00f3s tem uma d\u00edvida de vida contigo e com a sua fam\u00edlia. Muito obrigado por tudo. Agora \u00e9 continuar na pegada pra conseguir concluir, se Deus quiser\u201d.<\/p>\n<p><strong>O circo pegou fogo<\/strong><\/p>\n<p>O resumo acima cont\u00e9m apenas alguns detalhes do que a PF j\u00e1 recuperou dos celulares de Daniel Vorcaro. Xand\u00e3o continua em sil\u00eancio. Andrei, diretor da Pol\u00edcia Federal estaria expelindo fogo pelos olhos provocado pelo \u00f3dio ao Andr\u00e9 Mendon\u00e7a. Foi o ministro do STF, relator do processo que resultou no relat\u00f3rio tornado p\u00fablico, quem derrubou o sigilo que o cercava e impedia que os palha\u00e7os gargalhassem junto com o p\u00fablico.<\/p>\n<p>A resposta s\u00f3 saberemos com o que sobrar no m\u00eas de outubro.<\/p>\n<p>&nbsp;<\/p>\n<p>&nbsp;<\/p>\n<p>&nbsp;<\/p>\n","protected":false},"excerpt":{"rendered":"<p>A um m\u00eas do primeiro turno da elei\u00e7\u00e3o nacional, a semana come\u00e7a com pelo menos uma bomba: a quebra de sigilo do processo que envolve &#8230;<\/p>\n","protected":false},"author":1,"featured_media":22091,"comment_status":"open","ping_status":"open","sticky":false,"template":"","format":"standard","meta":{"footnotes":""},"categories":[1],"tags":[],"class_list":["post-22090","post","type-post","status-publish","format-standard","has-post-thumbnail","hentry","category-nacional"],"_links":{"self":[{"href":"https:\/\/www.jornalcontato.com.br\/home\/index.php\/wp-json\/wp\/v2\/posts\/22090","targetHints":{"allow":["GET"]}}],"collection":[{"href":"https:\/\/www.jornalcontato.com.br\/home\/index.php\/wp-json\/wp\/v2\/posts"}],"about":[{"href":"https:\/\/www.jornalcontato.com.br\/home\/index.php\/wp-json\/wp\/v2\/types\/post"}],"author":[{"embeddable":true,"href":"https:\/\/www.jornalcontato.com.br\/home\/index.php\/wp-json\/wp\/v2\/users\/1"}],"replies":[{"embeddable":true,"href":"https:\/\/www.jornalcontato.com.br\/home\/index.php\/wp-json\/wp\/v2\/comments?post=22090"}],"version-history":[{"count":1,"href":"https:\/\/www.jornalcontato.com.br\/home\/index.php\/wp-json\/wp\/v2\/posts\/22090\/revisions"}],"predecessor-version":[{"id":22096,"href":"https:\/\/www.jornalcontato.com.br\/home\/index.php\/wp-json\/wp\/v2\/posts\/22090\/revisions\/22096"}],"wp:featuredmedia":[{"embeddable":true,"href":"https:\/\/www.jornalcontato.com.br\/home\/index.php\/wp-json\/wp\/v2\/media\/22091"}],"wp:attachment":[{"href":"https:\/\/www.jornalcontato.com.br\/home\/index.php\/wp-json\/wp\/v2\/media?parent=22090"}],"wp:term":[{"taxonomy":"category","embeddable":true,"href":"https:\/\/www.jornalcontato.com.br\/home\/index.php\/wp-json\/wp\/v2\/categories?post=22090"},{"taxonomy":"post_tag","embeddable":true,"href":"https:\/\/www.jornalcontato.com.br\/home\/index.php\/wp-json\/wp\/v2\/tags?post=22090"}],"curies":[{"name":"wp","href":"https:\/\/api.w.org\/{rel}","templated":true}]}}