{"id":22084,"date":"2026-08-30T10:17:33","date_gmt":"2026-08-30T13:17:33","guid":{"rendered":"https:\/\/www.jornalcontato.com.br\/home\/?p=22084"},"modified":"2026-08-30T10:17:33","modified_gmt":"2026-08-30T13:17:33","slug":"quem-tem-medo-da-inteligencia-artificial-jc-sebe-bom-meihy","status":"publish","type":"post","link":"https:\/\/www.jornalcontato.com.br\/home\/index.php\/quem-tem-medo-da-inteligencia-artificial-jc-sebe-bom-meihy\/","title":{"rendered":"Quem tem medo da Intelig\u00eancia Artificial? (JC Sebe Bom Meihy)"},"content":{"rendered":"<p>Toda gera\u00e7\u00e3o tem o seu bicho-pap\u00e3o tecnol\u00f3gico. Muda a fantasia, mas o grito \u00e9 sempre o mesmo: &#8220;isso vai acabar com tudo!&#8221; E toda gera\u00e7\u00e3o, passado o susto, olha para tr\u00e1s e ri perguntando: como se vivia sem isso?<\/p>\n<p>Foi assim com o fog\u00e3o el\u00e9trico, que minha av\u00f3 jurava que ia explodir e o mesmo se repetiu com minha m\u00e3e que chegou a pensar que o fog\u00e3o \u00e0 g\u00e1s era fatal. Foi assim com a luz el\u00e9trica, acusada de cegar quem ousasse acend\u00ea-la em casa. O micro-ondas foi condenado como arma de destrui\u00e7\u00e3o em massa disfar\u00e7ada de eletrodom\u00e9stico de cozinha compacta, e o trem, coitado, foi temido por supostamente derreter passageiros expostos a 50 km\/h.<\/p>\n<p>Os computadores prometiam acabar com o emprego e com o racioc\u00ednio humano nos anos 1970; hoje cabem no bolso. A televis\u00e3o foi anunciada como coveira do cinema \u2014 e o cinema, al\u00e9m de sobreviver, ainda cobra car\u00edssimo pela pipoca. O livro eletr\u00f4nico ia fechar todas as livrarias; duas d\u00e9cadas depois, o Kindle dorme na bolsa ao lado de um livro de capa dura comprado por impulso, os dois em paz, sem ci\u00fames.<\/p>\n<p><a href=\"https:\/\/jornalcontato.com.br\/home\/wp-content\/uploads\/2026\/08\/Fogao-perigoso.jpg\"><img loading=\"lazy\" decoding=\"async\" class=\"aligncenter size-large wp-image-22086\" src=\"https:\/\/jornalcontato.com.br\/home\/wp-content\/uploads\/2026\/08\/Fogao-perigoso-253x450.jpg\" alt=\"\" width=\"253\" height=\"450\" srcset=\"https:\/\/jornalcontato.com.br\/home\/wp-content\/uploads\/2026\/08\/Fogao-perigoso-253x450.jpg 253w, https:\/\/jornalcontato.com.br\/home\/wp-content\/uploads\/2026\/08\/Fogao-perigoso-168x300.jpg 168w, https:\/\/jornalcontato.com.br\/home\/wp-content\/uploads\/2026\/08\/Fogao-perigoso.jpg 335w\" sizes=\"auto, (max-width: 253px) 100vw, 253px\" \/><\/a><\/p>\n<p>Ou seja: a humanidade tem um hist\u00f3rico invej\u00e1vel de prever o apocalipse errado. E o padr\u00e3o, olhando com um pouco mais de dist\u00e2ncia, n\u00e3o \u00e9 coincid\u00eancia: tecnologia disruptiva raramente destr\u00f3i o ecossistema social \u2014 ela o reconfigura, aposentando fun\u00e7\u00f5es obsoletas e criando, no lugar delas, din\u00e2micas de trabalho e de consumo que ningu\u00e9m tinha como imaginar antes.<\/p>\n<p>Agora \u00e9 a vez da intelig\u00eancia artificial sentar na cadeira do r\u00e9u. E, diferente dos casos anteriores, aqui talvez o susto tenha raz\u00e3o de ser \u2014 s\u00f3 que n\u00e3o pelo motivo de sempre. A IA n\u00e3o vai explodir a cozinha nem cegar ningu\u00e9m, mas ela \u00e9 uma tecnologia de prop\u00f3sito geral, com uma diferen\u00e7a crucial em rela\u00e7\u00e3o \u00e0s ondas de p\u00e2nico do passado: dessa vez a automa\u00e7\u00e3o n\u00e3o mira s\u00f3 o bra\u00e7o, mira tamb\u00e9m o racioc\u00ednio. Isso j\u00e1 provoca deslocamento real de fun\u00e7\u00f5es tradicionais e exige requalifica\u00e7\u00e3o profissional em escala \u2014 e vem por a\u00ed, sim, uma revis\u00e3o e tanto de como se ensina, como se aprende, como se trabalha, e at\u00e9 de como as pessoas se relacionam, porque j\u00e1 tem gente conversando mais com chatbot do que com vizinho (assunto para outra cr\u00f4nica).<\/p>\n<p>Ent\u00e3o sim: \u00e9 hora de se preparar para mudan\u00e7as radicais \u2014 inclusive discutir a regula\u00e7\u00e3o necess\u00e1ria para atravess\u00e1-las sem atropelo \u2014 e n\u00e3o de fechar os olhos torcendo para que passe como susto de fog\u00e3o el\u00e9trico.<\/p>\n<p><a href=\"https:\/\/jornalcontato.com.br\/home\/wp-content\/uploads\/2026\/08\/TV-Box-perigo.jpg\"><img loading=\"lazy\" decoding=\"async\" class=\"aligncenter size-large wp-image-22087\" src=\"https:\/\/jornalcontato.com.br\/home\/wp-content\/uploads\/2026\/08\/TV-Box-perigo-450x338.jpg\" alt=\"\" width=\"450\" height=\"338\" srcset=\"https:\/\/jornalcontato.com.br\/home\/wp-content\/uploads\/2026\/08\/TV-Box-perigo-450x338.jpg 450w, https:\/\/jornalcontato.com.br\/home\/wp-content\/uploads\/2026\/08\/TV-Box-perigo-300x225.jpg 300w, https:\/\/jornalcontato.com.br\/home\/wp-content\/uploads\/2026\/08\/TV-Box-perigo.jpg 640w\" sizes=\"auto, (max-width: 450px) 100vw, 450px\" \/><\/a><\/p>\n<p>Mas calma, que ainda d\u00e1 para dormir tranquilo. A intelig\u00eancia artificial opera com reconhecimento de padr\u00f5es e estat\u00edstica em escala industrial; ela n\u00e3o tem consci\u00eancia, intencionalidade, nem sensibilidade subjetiva. Por mais inteligente que finja ser, n\u00e3o sente saudade, n\u00e3o se emociona com final de novela, n\u00e3o erra a m\u00e3o numa declara\u00e7\u00e3o de amor \u00e0s tr\u00eas da manh\u00e3, n\u00e3o tem ci\u00fame, n\u00e3o faz as pazes depois de uma briga boba \u2014 e, convenhamos, tamb\u00e9m n\u00e3o faz sexo (fa\u00e7am o favor de tirar essa ideia da cabe\u00e7a, e sim, algu\u00e9m certamente j\u00e1 perguntou pro ChatGPT). O discernimento \u00e9tico, a empatia, a criatividade que nasce do contexto e o julgamento diante da ambiguidade continuam sendo, por enquanto, um territ\u00f3rio exclusivamente nosso.<\/p>\n<p>Talvez o verdadeiro exerc\u00edcio n\u00e3o seja temer a intelig\u00eancia artificial nem idolatr\u00e1-la, mas fazer o que a humanidade sempre soube fazer melhor do que qualquer m\u00e1quina: aprender a conviver com o novo sem perder de vista o que s\u00f3 o humano ainda sabe fazer.<\/p>\n","protected":false},"excerpt":{"rendered":"<p>Toda gera\u00e7\u00e3o tem o seu bicho-pap\u00e3o tecnol\u00f3gico. Muda a fantasia, mas o grito \u00e9 sempre o mesmo: &#8220;isso vai acabar com tudo!&#8221; E toda gera\u00e7\u00e3o, &#8230;<\/p>\n","protected":false},"author":1,"featured_media":22085,"comment_status":"open","ping_status":"open","sticky":false,"template":"","format":"standard","meta":{"footnotes":""},"categories":[1],"tags":[],"class_list":["post-22084","post","type-post","status-publish","format-standard","has-post-thumbnail","hentry","category-nacional"],"_links":{"self":[{"href":"https:\/\/www.jornalcontato.com.br\/home\/index.php\/wp-json\/wp\/v2\/posts\/22084","targetHints":{"allow":["GET"]}}],"collection":[{"href":"https:\/\/www.jornalcontato.com.br\/home\/index.php\/wp-json\/wp\/v2\/posts"}],"about":[{"href":"https:\/\/www.jornalcontato.com.br\/home\/index.php\/wp-json\/wp\/v2\/types\/post"}],"author":[{"embeddable":true,"href":"https:\/\/www.jornalcontato.com.br\/home\/index.php\/wp-json\/wp\/v2\/users\/1"}],"replies":[{"embeddable":true,"href":"https:\/\/www.jornalcontato.com.br\/home\/index.php\/wp-json\/wp\/v2\/comments?post=22084"}],"version-history":[{"count":1,"href":"https:\/\/www.jornalcontato.com.br\/home\/index.php\/wp-json\/wp\/v2\/posts\/22084\/revisions"}],"predecessor-version":[{"id":22088,"href":"https:\/\/www.jornalcontato.com.br\/home\/index.php\/wp-json\/wp\/v2\/posts\/22084\/revisions\/22088"}],"wp:featuredmedia":[{"embeddable":true,"href":"https:\/\/www.jornalcontato.com.br\/home\/index.php\/wp-json\/wp\/v2\/media\/22085"}],"wp:attachment":[{"href":"https:\/\/www.jornalcontato.com.br\/home\/index.php\/wp-json\/wp\/v2\/media?parent=22084"}],"wp:term":[{"taxonomy":"category","embeddable":true,"href":"https:\/\/www.jornalcontato.com.br\/home\/index.php\/wp-json\/wp\/v2\/categories?post=22084"},{"taxonomy":"post_tag","embeddable":true,"href":"https:\/\/www.jornalcontato.com.br\/home\/index.php\/wp-json\/wp\/v2\/tags?post=22084"}],"curies":[{"name":"wp","href":"https:\/\/api.w.org\/{rel}","templated":true}]}}