{"id":22078,"date":"2026-08-30T09:27:44","date_gmt":"2026-08-30T12:27:44","guid":{"rendered":"https:\/\/www.jornalcontato.com.br\/home\/?p=22078"},"modified":"2026-08-30T09:27:44","modified_gmt":"2026-08-30T12:27:44","slug":"el-nino-politico-sobre-a-campanha-eleitoral-paulo-de-tarso","status":"publish","type":"post","link":"https:\/\/www.jornalcontato.com.br\/home\/index.php\/el-nino-politico-sobre-a-campanha-eleitoral-paulo-de-tarso\/","title":{"rendered":"El Ni\u00f1o pol\u00edtico sobre a campanha eleitoral (Paulo de Tarso)"},"content":{"rendered":"<p style=\"text-align: center;\"><em><strong>Presidente Lula chamou de &#8220;pilantra&#8221; Roberta Luchsinger que seria amiga e s\u00f3cia do filho Lulinha<\/strong><\/em><\/p>\n<p>Estava tudo certo. A paz teria voltado a reinar em Bras\u00edlia. Lula, Davi Alcolumbre (presidente do Senado) e Hugo Mota (presidente da C\u00e2mara) trocaram afagos em p\u00fablico. Tudo devidamente registrado pela grande imprensa. O interior n\u00e3o foi esquecido pelo generoso Pal\u00e1cio do Planalto que distribuiu a quem pediu e a todos que geralmente s\u00e3o esquecidos as imagens profissionais registradas por Ricardo Stucker, fot\u00f3grafo oficial da pessoa f\u00edsica e institucional do presidente Lula.<\/p>\n<p>Ledo engano!!<\/p>\n<p>Mesmo os mais vividos e preparados se enganam. Ou s\u00e3o enganados pela boca que, sem controle, se torna uma poderosa arma. Para o ataque ou para a defesa. O palco foi o est\u00fadio da rede Globo na noite de quinta-feira 27. Durante a entrevista, Lula disse nunca ter se encontrado com a lobista Roberta Luchsinger, s\u00f3cia de seu filho, Lulinha. Acontece que existem pelo menos dois registros p\u00fablicos dos dois.<\/p>\n<p>No come\u00e7o da entrevista, Tralli, jornalista da Globo, informa que em um inqu\u00e9rito da Pol\u00edcia Federal h\u00e1 ind\u00edcios de que seu filho teria atuado junto ao Pal\u00e1cio do Planalto para agendar uma reuni\u00e3o entre essa lobista e o ent\u00e3o secret\u00e1rio executivo do Minist\u00e9rio da Sa\u00fade. E \u201ca lobista avisa seu filho que chegou a Bras\u00edlia e ele responde, que \u00f3timo, vai com tudo. \u00c9 uma rela\u00e7\u00e3o adequada, candidato?\u201d<\/p>\n<p>Lula responde: (&#8230;) \u201cO que uma pilantra pode fazer no telefone? (&#8230;) Eu estou dizendo para voc\u00ea que o fato de ter pego conversa no telefone n\u00e3o justifica a absolutamente nada\u201d. Estava armada a confus\u00e3o.<\/p>\n<p><a href=\"https:\/\/jornalcontato.com.br\/home\/wp-content\/uploads\/2026\/08\/Lula-na-Globo-jpeg.jpg\"><img loading=\"lazy\" decoding=\"async\" class=\"aligncenter size-large wp-image-22080\" src=\"https:\/\/jornalcontato.com.br\/home\/wp-content\/uploads\/2026\/08\/Lula-na-Globo-jpeg-450x300.jpg\" alt=\"\" width=\"450\" height=\"300\" srcset=\"https:\/\/jornalcontato.com.br\/home\/wp-content\/uploads\/2026\/08\/Lula-na-Globo-jpeg-450x300.jpg 450w, https:\/\/jornalcontato.com.br\/home\/wp-content\/uploads\/2026\/08\/Lula-na-Globo-jpeg-300x200.jpg 300w, https:\/\/jornalcontato.com.br\/home\/wp-content\/uploads\/2026\/08\/Lula-na-Globo-jpeg-768x512.jpg 768w, https:\/\/jornalcontato.com.br\/home\/wp-content\/uploads\/2026\/08\/Lula-na-Globo-jpeg.jpg 1000w\" sizes=\"auto, (max-width: 450px) 100vw, 450px\" \/><\/a><\/p>\n<p style=\"text-align: center;\"><em><strong>Lula presidente e candidato na entrevista \u00e0 Rede Globo na quinta-feira 27<\/strong><\/em><\/p>\n<p>No s\u00e1bado 29, a jornalista Bela Megale do jornal O Globo manchetou \u201caliados de Lula tentam conter lobista ap\u00f3s Lula cham\u00e1-la de \u201cpilantra\u201d\u201d. Megale continua: \u201cA lobista se sentiu como o \u00fanico nome rifado por Lula, que defendeu o filho F\u00e1bio Lu\u00eds, o ex-l\u00edder do governo Jaques Wagner e tamb\u00e9m fez gestos em dire\u00e7\u00e3o ao seu ex-chefe de gabinete Marco Aur\u00e9lio Santana Ribeiro, o Marcola. Por ora, os aliados de Lula tentam evitar que a lobista d\u00ea uma entrevista para falar das acusa\u00e7\u00f5es que pesam sobre ela, de sua rela\u00e7\u00e3o com o governo federal e com o filho do presidente\u201d.<\/p>\n<p>Afinal, quem \u00e9 a lobista Roberta Luchsinger que h\u00e1 anos transita descontra\u00edda pelo mundo pol\u00edtico em Bras\u00edlia, Rio, Sampa, Europa e por a\u00ed vai. E n\u00e3o \u00e9 de hoje. H\u00e1 quase 20 anos ela se casou com Prot\u00f3genes de Queiroz, ent\u00e3o delegado da Pol\u00edcia Federal respons\u00e1vel pelo inqu\u00e9rito que envolvia Daniel Dantas, banqueiro e empres\u00e1rio brasileiro, fundador do Banco Opportunity, uma institui\u00e7\u00e3o especializada em gest\u00e3o de ativos. Foi um esc\u00e2ndalo monumental que envolvia a disputa empresas como a Telecom. As bigtechs estavam come\u00e7ando a sair dos ninhos no Brasil. Briga de cachorro grande.<\/p>\n<p>Prot\u00f3genes passou a desconfiar da pr\u00f3pria PF. Pediu apoio ao Governo Federal presidido pelo mesmo Lula em seu segundo mandato que teria disponibilizado os recursos humanos e t\u00e9cnicos da ABIN (Ag\u00eancia Brasileira de Intelig\u00eancia). Esse fato provocou uma disputa dentro da pr\u00f3pria PF como a ramifica\u00e7\u00e3o e apoio de outras \u00e1reas como o pr\u00f3prio STF que teria sido \u201cv\u00edtima\u201d de grava\u00e7\u00f5es clandestinas.<\/p>\n<p><a href=\"https:\/\/jornalcontato.com.br\/home\/wp-content\/uploads\/2026\/08\/Lula-e-Roberta-Luchsinger-jpeg.jpg\"><img loading=\"lazy\" decoding=\"async\" class=\"aligncenter size-large wp-image-22081\" src=\"https:\/\/jornalcontato.com.br\/home\/wp-content\/uploads\/2026\/08\/Lula-e-Roberta-Luchsinger-jpeg-450x303.jpg\" alt=\"\" width=\"450\" height=\"303\" srcset=\"https:\/\/jornalcontato.com.br\/home\/wp-content\/uploads\/2026\/08\/Lula-e-Roberta-Luchsinger-jpeg-450x303.jpg 450w, https:\/\/jornalcontato.com.br\/home\/wp-content\/uploads\/2026\/08\/Lula-e-Roberta-Luchsinger-jpeg-300x202.jpg 300w, https:\/\/jornalcontato.com.br\/home\/wp-content\/uploads\/2026\/08\/Lula-e-Roberta-Luchsinger-jpeg-768x518.jpg 768w, https:\/\/jornalcontato.com.br\/home\/wp-content\/uploads\/2026\/08\/Lula-e-Roberta-Luchsinger-jpeg.jpg 1000w\" sizes=\"auto, (max-width: 450px) 100vw, 450px\" \/><\/a><\/p>\n<p style=\"text-align: center;\"><em><strong>Candidato Lula com a socialite Roberta na campanha de 2022<\/strong><\/em><\/p>\n<p>Prot\u00f3genes foi afastado da PF e posteriormente expulso. Nessa fase casou-se com Roberta ainda jovenzinha, foi eleito deputado federal por S\u00e3o Paulo e vive como exilado pol\u00edtico h\u00e1 mais de 10 anos na Su\u00ed\u00e7a. Esteve em Taubat\u00e9 e foi entrevistado por mim e pelo ent\u00e3o rep\u00f3rter Marcos Lim\u00e3o, hoje conceituado advogado especializado em direito eleitoral.<\/p>\n<p>Roberta Luchsinger \u00e9 a grande inc\u00f3gnita. Qual ser\u00e1 a rea\u00e7\u00e3o da banqueira de esquerda, neta de um dos acionistas do Banque Suisse, que teria doado R$500,00 em joias e outros bens valiosos em agosto de 2017 quando Lula, ent\u00e3o ex-presidente estava com os bens bloqueados pela Opera\u00e7\u00e3o Lava Jato. Roberta tirou de dentro de uma bolsa Herm\u00e8s (francesa) um cheque ao portador no valor de 28 mil francos su\u00ed\u00e7os. Em seguida, ela separou um Rolex (su\u00ed\u00e7o), uma mala Rimowa (alem\u00e3), um vestido Dolce &amp; Gabbana (italiano) e um anel de diamantes da grife brasileira Emar Batalha. Tudo para Lula penhorar ou leiloar.<\/p>\n<p>Lenda ou n\u00e3o, essa \u00e9 a vers\u00e3o que circula na pra\u00e7a. Fica aqui minha primeira contribui\u00e7\u00e3o para tentar ajudar entender um pouco a confus\u00e3o anunciada com a chegada desse El Ni\u00f1o pol\u00edtico. Como diria minha saudosa dona Jurema: OREMUS!!<\/p>\n","protected":false},"excerpt":{"rendered":"<p>Presidente Lula chamou de &#8220;pilantra&#8221; Roberta Luchsinger que seria amiga e s\u00f3cia do filho Lulinha Estava tudo certo. A paz teria voltado a reinar em &#8230;<\/p>\n","protected":false},"author":1,"featured_media":22079,"comment_status":"open","ping_status":"open","sticky":false,"template":"","format":"standard","meta":{"footnotes":""},"categories":[1],"tags":[],"class_list":["post-22078","post","type-post","status-publish","format-standard","has-post-thumbnail","hentry","category-nacional"],"_links":{"self":[{"href":"https:\/\/www.jornalcontato.com.br\/home\/index.php\/wp-json\/wp\/v2\/posts\/22078","targetHints":{"allow":["GET"]}}],"collection":[{"href":"https:\/\/www.jornalcontato.com.br\/home\/index.php\/wp-json\/wp\/v2\/posts"}],"about":[{"href":"https:\/\/www.jornalcontato.com.br\/home\/index.php\/wp-json\/wp\/v2\/types\/post"}],"author":[{"embeddable":true,"href":"https:\/\/www.jornalcontato.com.br\/home\/index.php\/wp-json\/wp\/v2\/users\/1"}],"replies":[{"embeddable":true,"href":"https:\/\/www.jornalcontato.com.br\/home\/index.php\/wp-json\/wp\/v2\/comments?post=22078"}],"version-history":[{"count":1,"href":"https:\/\/www.jornalcontato.com.br\/home\/index.php\/wp-json\/wp\/v2\/posts\/22078\/revisions"}],"predecessor-version":[{"id":22082,"href":"https:\/\/www.jornalcontato.com.br\/home\/index.php\/wp-json\/wp\/v2\/posts\/22078\/revisions\/22082"}],"wp:featuredmedia":[{"embeddable":true,"href":"https:\/\/www.jornalcontato.com.br\/home\/index.php\/wp-json\/wp\/v2\/media\/22079"}],"wp:attachment":[{"href":"https:\/\/www.jornalcontato.com.br\/home\/index.php\/wp-json\/wp\/v2\/media?parent=22078"}],"wp:term":[{"taxonomy":"category","embeddable":true,"href":"https:\/\/www.jornalcontato.com.br\/home\/index.php\/wp-json\/wp\/v2\/categories?post=22078"},{"taxonomy":"post_tag","embeddable":true,"href":"https:\/\/www.jornalcontato.com.br\/home\/index.php\/wp-json\/wp\/v2\/tags?post=22078"}],"curies":[{"name":"wp","href":"https:\/\/api.w.org\/{rel}","templated":true}]}}