{"id":2198,"date":"2012-09-21T16:55:34","date_gmt":"2012-09-21T19:55:34","guid":{"rendered":"http:\/\/jornalcontato.com.br\/home\/?p=2198"},"modified":"2012-09-21T16:55:34","modified_gmt":"2012-09-21T19:55:34","slug":"nervos-a-flor-da-pele","status":"publish","type":"post","link":"https:\/\/www.jornalcontato.com.br\/home\/index.php\/nervos-a-flor-da-pele\/","title":{"rendered":"Nervos a flor da pele"},"content":{"rendered":"<p>O clima esquentou na C\u00e2mara Municipal ao final do debate promovido pela TV C\u00e2mara com os candidatos a prefeito na noite de quinta-feira, dia 20. Durante as discuss\u00f5es, o candidato do PSD Ant\u00f4nio M\u00e1rio Ortiz questionou o candidato do PT Isaac do Carmo sobre o apoio recebido de Ary Kara Jos\u00e9, coordenador regional do PMDB, como se o petista estivesse escondendo o peemedebista da campanha.<!--more--> Quando todos deixavam o Legislativo, Ary Kara teria amea\u00e7ado M\u00e1rio Ortiz, que registrou um Boletim de Ocorr\u00eancia. CONTATO n\u00e3o conseguiu falar com o candidato do PSD. J\u00e1 Ary Kara, disse que tamb\u00e9m registrou um Boletim de Ocorr\u00eancia porque tamb\u00e9m diz ter se sentido amea\u00e7ado. Em breve, mais informa\u00e7\u00f5es sobre o caso.<\/p>\n<p><a href=\"http:\/\/jornalcontato.com.br\/home\/wp-content\/uploads\/2012\/09\/DSC_09441.jpg\"><img loading=\"lazy\" decoding=\"async\" class=\"aligncenter size-medium wp-image-2199\" title=\"DSC_0944\" src=\"http:\/\/jornalcontato.com.br\/home\/wp-content\/uploads\/2012\/09\/DSC_09441-254x300.jpg\" alt=\"\" width=\"254\" height=\"300\" srcset=\"https:\/\/jornalcontato.com.br\/home\/wp-content\/uploads\/2012\/09\/DSC_09441-254x300.jpg 254w, https:\/\/jornalcontato.com.br\/home\/wp-content\/uploads\/2012\/09\/DSC_09441-869x1024.jpg 869w, https:\/\/jornalcontato.com.br\/home\/wp-content\/uploads\/2012\/09\/DSC_09441.jpg 1116w\" sizes=\"auto, (max-width: 254px) 100vw, 254px\" \/><\/a><\/p>\n<p>&nbsp;<\/p>\n","protected":false},"excerpt":{"rendered":"<p>O clima esquentou na C\u00e2mara Municipal ao final do debate promovido pela TV C\u00e2mara com os candidatos a prefeito na noite de quinta-feira, dia 20. &#8230;<\/p>\n","protected":false},"author":1,"featured_media":2199,"comment_status":"open","ping_status":"open","sticky":false,"template":"","format":"standard","meta":{"footnotes":""},"categories":[7],"tags":[],"class_list":["post-2198","post","type-post","status-publish","format-standard","has-post-thumbnail","hentry","category-reportagem"],"_links":{"self":[{"href":"https:\/\/www.jornalcontato.com.br\/home\/index.php\/wp-json\/wp\/v2\/posts\/2198","targetHints":{"allow":["GET"]}}],"collection":[{"href":"https:\/\/www.jornalcontato.com.br\/home\/index.php\/wp-json\/wp\/v2\/posts"}],"about":[{"href":"https:\/\/www.jornalcontato.com.br\/home\/index.php\/wp-json\/wp\/v2\/types\/post"}],"author":[{"embeddable":true,"href":"https:\/\/www.jornalcontato.com.br\/home\/index.php\/wp-json\/wp\/v2\/users\/1"}],"replies":[{"embeddable":true,"href":"https:\/\/www.jornalcontato.com.br\/home\/index.php\/wp-json\/wp\/v2\/comments?post=2198"}],"version-history":[{"count":1,"href":"https:\/\/www.jornalcontato.com.br\/home\/index.php\/wp-json\/wp\/v2\/posts\/2198\/revisions"}],"predecessor-version":[{"id":2200,"href":"https:\/\/www.jornalcontato.com.br\/home\/index.php\/wp-json\/wp\/v2\/posts\/2198\/revisions\/2200"}],"wp:featuredmedia":[{"embeddable":true,"href":"https:\/\/www.jornalcontato.com.br\/home\/index.php\/wp-json\/wp\/v2\/media\/2199"}],"wp:attachment":[{"href":"https:\/\/www.jornalcontato.com.br\/home\/index.php\/wp-json\/wp\/v2\/media?parent=2198"}],"wp:term":[{"taxonomy":"category","embeddable":true,"href":"https:\/\/www.jornalcontato.com.br\/home\/index.php\/wp-json\/wp\/v2\/categories?post=2198"},{"taxonomy":"post_tag","embeddable":true,"href":"https:\/\/www.jornalcontato.com.br\/home\/index.php\/wp-json\/wp\/v2\/tags?post=2198"}],"curies":[{"name":"wp","href":"https:\/\/api.w.org\/{rel}","templated":true}]}}