{"id":21880,"date":"2026-03-14T09:26:55","date_gmt":"2026-03-14T12:26:55","guid":{"rendered":"https:\/\/www.jornalcontato.com.br\/home\/?p=21880"},"modified":"2026-03-14T12:32:39","modified_gmt":"2026-03-14T15:32:39","slug":"feminismo-se-cala-esquerda-lincha-malu-gaspar-e-poupa-moraes-thais-oyama-oglobo","status":"publish","type":"post","link":"https:\/\/www.jornalcontato.com.br\/home\/index.php\/feminismo-se-cala-esquerda-lincha-malu-gaspar-e-poupa-moraes-thais-oyama-oglobo\/","title":{"rendered":"Feminismo se cala.  Esquerda lincha Malu Gaspar e poupa Moraes (Tha\u00eds Oyama\/OGlobo)"},"content":{"rendered":"<p style=\"text-align: center;\"><em><strong>Ataques a jornalista s\u00e3o o que grupos feministas chamam de \u2018viol\u00eancia pol\u00edtica de g\u00eanero\u2019, e nenhum desses grupos defendeu Malu Gaspar<\/strong><\/em><\/p>\n<p>Malu Gaspar \u00e9 at\u00e9 aqui a jornalista respons\u00e1vel pelas revela\u00e7\u00f5es mais relevantes sobre o esc\u00e2ndalo do Banco Master. Desde que passou a expor no GLOBO as liga\u00e7\u00f5es do ministro do STF Alexandre de Moraes e de sua fam\u00edlia com o ex-dono do banco, Daniel Vorcaro, tornou-se alvo de ataques abjetos, maci\u00e7os e incessantes nas redes sociais.<\/p>\n<p style=\"text-align: center;\">Pelo exerc\u00edcio de <em><strong>seu<\/strong><\/em> of\u00edcio, vem recebendo amea\u00e7as e insultos que tentam constrang\u00ea-la e humilh\u00e1-la, muitas vezes com base em refer\u00eancias a sua condi\u00e7\u00e3o de mulher. Tais ataques configuram precisamente o que grupos feministas chamam de \u201cviol\u00eancia pol\u00edtica de g\u00eanero\u201d. Ainda assim, nenhum desses grupos veio a p\u00fablico defend\u00ea-la. Nenhuma nota ou carta aberta \u2014 nem mesmo um reles v\u00eddeo no TikTok.<\/p>\n<p>Trata-se de sil\u00eancio que n\u00e3o se observou quando outras igualmente valorosas profissionais da imprensa expuseram malfeitos de bolsonaristas e foram por eles atacadas. Nesses casos, as jornalistas receberam um un\u00edssono coro de solidariedade vindo de coletivos feministas e organiza\u00e7\u00f5es de mulheres que n\u00e3o soltam a m\u00e3o de ningu\u00e9m e consideram um ataque a uma jornalista mulher como ataque a todas as jornalistas mulheres. Desta vez \u2014 em que o foco das reportagens \u00e9 n\u00e3o um presidente de direita, mas um juiz eleito her\u00f3i da resist\u00eancia pela esquerda \u2014, por\u00e9m, nenhum desses grupos encontrou algo para dizer em defesa de Malu Gaspar.<\/p>\n<p style=\"text-align: center;\"><em><strong>Entrevista com Malu Gaspar\u00a0 no youtube: https:\/\/www.youtube.com\/watch?v=yW5N0b9aU_g<\/strong><\/em><\/p>\n<p>Mais que n\u00e3o ser defendida, ela vem sendo atacada por setores da esquerda. Militantes petistas pedem abertamente sua demiss\u00e3o, e sites de esquerda estimulam a persegui\u00e7\u00e3o a ela (n\u00e3o por coincid\u00eancia, alguns desses sites figuram nos autos do inqu\u00e9rito Master como fregueses da generosidade suspeita de Vorcaro, mas essa j\u00e1 \u00e9 uma conversa que transcende a hipocrisia ideol\u00f3gica \u2014 \u00e9 assunto de pol\u00edcia).<\/p>\n<p>Dos teclados desses militantes saem as mais s\u00f3rdidas fake news \u2014 e tamb\u00e9m as mais hilariantes desculpas para o indesculp\u00e1vel (o trof\u00e9u cara de pau fica com a feminista que invocou o imperativo do respeito \u00e0 \u201cindepend\u00eancia profissional das mulheres\u201d para justificar o contrato milion\u00e1rio de Viviane de Moraes com Vorcaro, numa mostra de que, ao contr\u00e1rio de quase tudo na vida, o cinismo e a capacidade de autoengano n\u00e3o conhecem limites).<\/p>\n<p>Nada disso chega a surpreender. Historicamente, a esquerda fundamentalista, sempre indulgente com modelos totalit\u00e1rios, n\u00e3o se vexa em trocar seus alegados princ\u00edpios pela prote\u00e7\u00e3o de seus vil\u00f5es preferidos \u2014 como podem confirmar, das profundezas do inferno, camaradas de m\u00e3os ensanguentadas e um punhado de aiatol\u00e1s rec\u00e9m-chegados. A mesma condescend\u00eancia, essa esquerda dedica a seus suspeitos de estima\u00e7\u00e3o.<\/p>\n<p>Um ministro do STF tinha encontros recreativos com um banqueiro adepto de pr\u00e1ticas financeiras heterodoxas? Foi flagrado pela Pol\u00edcia Federal trocando mensagens com esse banqueiro no dia de sua pris\u00e3o? Respondeu com mensagem de visualiza\u00e7\u00e3o \u00fanica \u00e0 pergunta \u201cConseguiu ter not\u00edcias ou bloquear\u201d? Sua mulher tinha um contrato de R$ 130 milh\u00f5es com o agora ex-banqueiro-presidi\u00e1rio? N\u00e3o tem import\u00e2ncia. Salvo-conduto moral para os her\u00f3is da turma, e que ardam nas redes aqueles que ousarem coloc\u00e1-los sob m\u00e1 luz.<\/p>\n<p><a href=\"https:\/\/jornalcontato.com.br\/home\/wp-content\/uploads\/2026\/03\/Malu-Gaspar.jpg\"><img loading=\"lazy\" decoding=\"async\" class=\"aligncenter size-large wp-image-21883\" src=\"https:\/\/jornalcontato.com.br\/home\/wp-content\/uploads\/2026\/03\/Malu-Gaspar-345x450.jpg\" alt=\"\" width=\"345\" height=\"450\" srcset=\"https:\/\/jornalcontato.com.br\/home\/wp-content\/uploads\/2026\/03\/Malu-Gaspar-345x450.jpg 345w, https:\/\/jornalcontato.com.br\/home\/wp-content\/uploads\/2026\/03\/Malu-Gaspar-230x300.jpg 230w, https:\/\/jornalcontato.com.br\/home\/wp-content\/uploads\/2026\/03\/Malu-Gaspar.jpg 460w\" sizes=\"auto, (max-width: 345px) 100vw, 345px\" \/><\/a><\/p>\n<p style=\"text-align: center;\"><em><strong>Malu Gaspar, jornalista profissional no sangue<\/strong><\/em><\/p>\n<p>Foi o que fez Malu Gaspar como consequ\u00eancia de uma apura\u00e7\u00e3o profissional rigorosa. A jornalista n\u00e3o precisa que ningu\u00e9m a defenda \u2014 sua trajet\u00f3ria e reputa\u00e7\u00e3o cumprem com sobra esse papel. Mas \u00e9 desolador constatar que, para os fundamentalistas da esquerda brasileira, nas revolu\u00e7\u00f5es como nos esc\u00e2ndalos, princ\u00edpios s\u00f3 valem quando servem para atacar o inimigo; \u00e9 l\u00edcito e leg\u00edtimo linchar quem aponta o dedo para um aliado; e todos os fatos merecem ser revelados, \u00e0 exce\u00e7\u00e3o dos inconvenientes.<\/p>\n<p>Ataques a Malu Gaspar s\u00e3o o que grupos feministas chamam de \u2018viol\u00eancia pol\u00edtica de g\u00eanero\u2019, e nenhum desses grupos a defendeu.<\/p>\n","protected":false},"excerpt":{"rendered":"<p>Ataques a jornalista s\u00e3o o que grupos feministas chamam de \u2018viol\u00eancia pol\u00edtica de g\u00eanero\u2019, e nenhum desses grupos defendeu Malu Gaspar Malu Gaspar \u00e9 at\u00e9 &#8230;<\/p>\n","protected":false},"author":1,"featured_media":21884,"comment_status":"open","ping_status":"open","sticky":false,"template":"","format":"standard","meta":{"footnotes":""},"categories":[1],"tags":[],"class_list":["post-21880","post","type-post","status-publish","format-standard","has-post-thumbnail","hentry","category-nacional"],"_links":{"self":[{"href":"https:\/\/www.jornalcontato.com.br\/home\/index.php\/wp-json\/wp\/v2\/posts\/21880","targetHints":{"allow":["GET"]}}],"collection":[{"href":"https:\/\/www.jornalcontato.com.br\/home\/index.php\/wp-json\/wp\/v2\/posts"}],"about":[{"href":"https:\/\/www.jornalcontato.com.br\/home\/index.php\/wp-json\/wp\/v2\/types\/post"}],"author":[{"embeddable":true,"href":"https:\/\/www.jornalcontato.com.br\/home\/index.php\/wp-json\/wp\/v2\/users\/1"}],"replies":[{"embeddable":true,"href":"https:\/\/www.jornalcontato.com.br\/home\/index.php\/wp-json\/wp\/v2\/comments?post=21880"}],"version-history":[{"count":3,"href":"https:\/\/www.jornalcontato.com.br\/home\/index.php\/wp-json\/wp\/v2\/posts\/21880\/revisions"}],"predecessor-version":[{"id":21887,"href":"https:\/\/www.jornalcontato.com.br\/home\/index.php\/wp-json\/wp\/v2\/posts\/21880\/revisions\/21887"}],"wp:featuredmedia":[{"embeddable":true,"href":"https:\/\/www.jornalcontato.com.br\/home\/index.php\/wp-json\/wp\/v2\/media\/21884"}],"wp:attachment":[{"href":"https:\/\/www.jornalcontato.com.br\/home\/index.php\/wp-json\/wp\/v2\/media?parent=21880"}],"wp:term":[{"taxonomy":"category","embeddable":true,"href":"https:\/\/www.jornalcontato.com.br\/home\/index.php\/wp-json\/wp\/v2\/categories?post=21880"},{"taxonomy":"post_tag","embeddable":true,"href":"https:\/\/www.jornalcontato.com.br\/home\/index.php\/wp-json\/wp\/v2\/tags?post=21880"}],"curies":[{"name":"wp","href":"https:\/\/api.w.org\/{rel}","templated":true}]}}