{"id":21784,"date":"2025-12-14T08:37:51","date_gmt":"2025-12-14T11:37:51","guid":{"rendered":"https:\/\/www.jornalcontato.com.br\/home\/?p=21784"},"modified":"2025-12-14T08:53:03","modified_gmt":"2025-12-14T11:53:03","slug":"do-presepio-a-presepada-jc-sebe-bom-meihy","status":"publish","type":"post","link":"https:\/\/www.jornalcontato.com.br\/home\/index.php\/do-presepio-a-presepada-jc-sebe-bom-meihy\/","title":{"rendered":"DO PRES\u00c9PIO \u00c0 PRESEPADA&#8230;(JC Sebe Bom Meihy)"},"content":{"rendered":"<p>Outro dia, numa discuss\u00e3o acalorada daquelas em que ningu\u00e9m escuta ningu\u00e9m, um sujeito soltou para o outro: \u201cpare com essa presepada!\u201d. A frase cortou o ar, desafiando a mem\u00f3ria. Na hora, deixei de prestar aten\u00e7\u00e3o na briga e fiquei s\u00f3 com a palavra rolando na cabe\u00e7a: <em>presepada&#8230;<\/em> Quase ouvi minha inf\u00e2ncia me chamando pelo nome. Sa\u00ed de perto, guardei a express\u00e3o no bolso da saudade e, quando cheguei em casa, e como era dezembro, deixei a lembran\u00e7a trabalhar, porque em mim, a recorda\u00e7\u00e3o \u00e9 a \u00fanica funcion\u00e1ria que nunca pede f\u00e9rias.<\/p>\n<p>Veio ent\u00e3o o vento leve dos velhos natais em fam\u00edlia, de um tempo em que dezembro come\u00e7ava quando minha m\u00e3e tirava do arm\u00e1rio uma caixa velha, forrada com papel que j\u00e1 tinha desistido de ser colorido. L\u00e1 dentro morava o pres\u00e9pio. Era o grande momento. Mam\u00e3e, sempre zelosa, nos preparava como quem prepara um ritual. Nada de pressa, todo cuidado. Havia data marcada, ordem estabelecida, fun\u00e7\u00e3o para cada um. Cada pe\u00e7a era retirada com a solenidade de um tesouro arqueol\u00f3gico. E n\u00f3s, pequenos, v\u00edamos naquilo n\u00e3o s\u00f3 bonecos, mas personagens vivos de um ritual que parecia nos enraizar na fam\u00edlia, no tempo e no mundo.<\/p>\n<p>O pres\u00e9pio, convenhamos, \u00e9 o s\u00edmbolo mais solene e ao mesmo tempo mais comovente do Natal. Ele representava a simplicidade absoluta: um casal pobre, um est\u00e1bulo quase improvisado, animais de fazenda. E era, em muitas casas, cuidadosamente montado com miniaturas \u00e0s vezes car\u00edssimas de cer\u00e2mica, \u00e0s vez de barro ou resina, de gesso, madeira. E at\u00e9 o musgo de mentira se compunha com uma estrela solit\u00e1ria. Tudo isso para enfeitar uma cena que, por onze meses do ano, dormia embolorada no arm\u00e1rio, espremida entre caixas de fantasias velhas e uma cole\u00e7\u00e3o de enfeites que ningu\u00e9m sabe de onde veio.<\/p>\n<p><a href=\"https:\/\/jornalcontato.com.br\/home\/wp-content\/uploads\/2025\/12\/Pecas-de-Natal-limpa.jpg\"><img loading=\"lazy\" decoding=\"async\" class=\"aligncenter size-large wp-image-21790\" src=\"https:\/\/jornalcontato.com.br\/home\/wp-content\/uploads\/2025\/12\/Pecas-de-Natal-limpa-450x353.jpg\" alt=\"\" width=\"450\" height=\"353\" srcset=\"https:\/\/jornalcontato.com.br\/home\/wp-content\/uploads\/2025\/12\/Pecas-de-Natal-limpa-450x353.jpg 450w, https:\/\/jornalcontato.com.br\/home\/wp-content\/uploads\/2025\/12\/Pecas-de-Natal-limpa-300x235.jpg 300w, https:\/\/jornalcontato.com.br\/home\/wp-content\/uploads\/2025\/12\/Pecas-de-Natal-limpa.jpg 761w\" sizes=\"auto, (max-width: 450px) 100vw, 450px\" \/><\/a><\/p>\n<p>Havia algo de m\u00e1gico na montagem. A cada pe\u00e7a colocada, mam\u00e3e narrava a hist\u00f3ria com gravidade. Jos\u00e9 sempre parecia cansado, Maria sempre calma, e o Menino Jesus surgia s\u00f3 na hora certa, o \u00faltimo a entrar em cena e, por incr\u00edvel que pare\u00e7a, o primeiro a sumir de novo assim que janeiro chegava ao meio. Talvez fosse t\u00edmido, talvez fosse levado, ou talvez preferisse guardar sua santidade longe da nossa bagun\u00e7a. E havia complemento: os Reis Magos. Esses eram um caso \u00e0 parte. Atrasados, met\u00f3dicos, quase burocr\u00e1ticos: apareciam s\u00f3 no dia 6 de janeiro. Mas, na nossa inf\u00e2ncia, essa espera fazia parte do encanto. Eles vinham do fundo da caixa, envoltos em papel-jornal, com cara de quem atravessou o Oriente inteiro para chegar at\u00e9 nossa sala.<\/p>\n<p>O pres\u00e9pio \u00e9, no fundo, uma pequena crise existencial montada em cima de palha artificial. Ele nos obriga, mesmo que de leve, mesmo que sem querer, a contemplar, por algumas semanas, um rec\u00e9m-nascido deitado num ber\u00e7o de feno. Enquanto isso, ao redor do pres\u00e9pio real da sala, a vida moderna levanta sua tenda: la\u00e7os dourados, fritura no \u00f3leo, \u00e1rvore de pl\u00e1stico.<\/p>\n<p><a href=\"https:\/\/jornalcontato.com.br\/home\/wp-content\/uploads\/2025\/12\/Figuras-Reis-Magos.jpg\"><img loading=\"lazy\" decoding=\"async\" class=\"aligncenter size-large wp-image-21786\" src=\"https:\/\/jornalcontato.com.br\/home\/wp-content\/uploads\/2025\/12\/Figuras-Reis-Magos-450x342.jpg\" alt=\"\" width=\"450\" height=\"342\" srcset=\"https:\/\/jornalcontato.com.br\/home\/wp-content\/uploads\/2025\/12\/Figuras-Reis-Magos-450x342.jpg 450w, https:\/\/jornalcontato.com.br\/home\/wp-content\/uploads\/2025\/12\/Figuras-Reis-Magos-300x228.jpg 300w, https:\/\/jornalcontato.com.br\/home\/wp-content\/uploads\/2025\/12\/Figuras-Reis-Magos.jpg 500w\" sizes=\"auto, (max-width: 450px) 100vw, 450px\" \/><\/a><\/p>\n<p>\u00c9 uma esp\u00e9cie de contraste po\u00e9tico: celebramos a humildade enquanto compramos presentes caros, celebramos o sil\u00eancio da noite enquanto disputamos vaga no shopping, celebramos a pobreza volunt\u00e1ria enquanto brigamos por aquele peru que insistimos em chamar de \u201ctradi\u00e7\u00e3o\u201d.<\/p>\n<p>Mas o que realmente me encantou, naquele momento em que ouvi \u201cpresepada\u201d como quem ouve um sino distante, foi perceber a beleza da l\u00edngua, essa danada que pega um ritual dom\u00e9stico, carregado de afeto, e o transforma numa palavra de bronca, quase um palavr\u00e3o raivoso. \u00c9 como se o portugu\u00eas, com sua mania de fazer bagun\u00e7a, tivesse decidido que o pres\u00e9pio, t\u00e3o central no Natal, t\u00e3o meticuloso, t\u00e3o cheio de detalhes\u2026 seria tamb\u00e9m o nome de qualquer trapalhada humana. O pres\u00e9pio \u00e9 isso: um retrato da simplicidade que nunca conseguimos reproduzir, mas que continuamos tentando, pe\u00e7a por pe\u00e7a, ano ap\u00f3s ano.<\/p>\n","protected":false},"excerpt":{"rendered":"<p>Outro dia, numa discuss\u00e3o acalorada daquelas em que ningu\u00e9m escuta ningu\u00e9m, um sujeito soltou para o outro: \u201cpare com essa presepada!\u201d. A frase cortou o &#8230;<\/p>\n","protected":false},"author":1,"featured_media":21787,"comment_status":"open","ping_status":"open","sticky":false,"template":"","format":"standard","meta":{"footnotes":""},"categories":[1],"tags":[],"class_list":["post-21784","post","type-post","status-publish","format-standard","has-post-thumbnail","hentry","category-nacional"],"_links":{"self":[{"href":"https:\/\/www.jornalcontato.com.br\/home\/index.php\/wp-json\/wp\/v2\/posts\/21784","targetHints":{"allow":["GET"]}}],"collection":[{"href":"https:\/\/www.jornalcontato.com.br\/home\/index.php\/wp-json\/wp\/v2\/posts"}],"about":[{"href":"https:\/\/www.jornalcontato.com.br\/home\/index.php\/wp-json\/wp\/v2\/types\/post"}],"author":[{"embeddable":true,"href":"https:\/\/www.jornalcontato.com.br\/home\/index.php\/wp-json\/wp\/v2\/users\/1"}],"replies":[{"embeddable":true,"href":"https:\/\/www.jornalcontato.com.br\/home\/index.php\/wp-json\/wp\/v2\/comments?post=21784"}],"version-history":[{"count":3,"href":"https:\/\/www.jornalcontato.com.br\/home\/index.php\/wp-json\/wp\/v2\/posts\/21784\/revisions"}],"predecessor-version":[{"id":21791,"href":"https:\/\/www.jornalcontato.com.br\/home\/index.php\/wp-json\/wp\/v2\/posts\/21784\/revisions\/21791"}],"wp:featuredmedia":[{"embeddable":true,"href":"https:\/\/www.jornalcontato.com.br\/home\/index.php\/wp-json\/wp\/v2\/media\/21787"}],"wp:attachment":[{"href":"https:\/\/www.jornalcontato.com.br\/home\/index.php\/wp-json\/wp\/v2\/media?parent=21784"}],"wp:term":[{"taxonomy":"category","embeddable":true,"href":"https:\/\/www.jornalcontato.com.br\/home\/index.php\/wp-json\/wp\/v2\/categories?post=21784"},{"taxonomy":"post_tag","embeddable":true,"href":"https:\/\/www.jornalcontato.com.br\/home\/index.php\/wp-json\/wp\/v2\/tags?post=21784"}],"curies":[{"name":"wp","href":"https:\/\/api.w.org\/{rel}","templated":true}]}}