{"id":21757,"date":"2025-11-25T12:43:08","date_gmt":"2025-11-25T15:43:08","guid":{"rendered":"https:\/\/www.jornalcontato.com.br\/home\/?p=21757"},"modified":"2025-11-25T12:43:08","modified_gmt":"2025-11-25T15:43:08","slug":"mau-cheiro-no-ar-paulo-de-tarso","status":"publish","type":"post","link":"https:\/\/www.jornalcontato.com.br\/home\/index.php\/mau-cheiro-no-ar-paulo-de-tarso\/","title":{"rendered":"Mau cheiro no ar (Paulo de Tarso)"},"content":{"rendered":"<p style=\"text-align: center;\"><em><strong>As chuvas de ver\u00e3o desentocam os i\u00e7\u00e1s, as crises pol\u00edticas revelam detalhes que os pobres mortais desconheciam<\/strong><\/em><\/p>\n<p>No domingo, 23, assisti uma postagem de Jos\u00e9 Dirceu, no Instagram, alertando (quem? governo Lula? a sociedade? autoridades?) sobre a necessidade de se apurar a responsabilidade (cumplicidade?) do Banco Central no esc\u00e2ndalo da liquida\u00e7\u00e3o do banco Master e a estranh\u00edssima participa\u00e7\u00e3o do BRB, banco estatal do Distrito Federal, nesse epis\u00f3dio.<\/p>\n<p>As primeiras perguntas que me vieram \u00e0 cabe\u00e7a: Z\u00e9 Dirceu tem informa\u00e7\u00f5es privilegiadas? Se tem, qual seria a fonte? Quem seriam seus aliados? O que estaria por tr\u00e1s? O alvo \u00e9 o BC, o Gal\u00edpolo ou o pr\u00f3prio governo? Seria parte de sua estrat\u00e9gia eleitoral? Ou apenas seu descontentamento com a elevada taxa da Selic (juros)?<\/p>\n<p>Conhe\u00e7o um pouco o modo de agir desse pessoal. Z\u00e9 Dirceu n\u00e3o tem mais idade para novas aventuras. Lula, como sempre, n\u00e3o sabe de nada (coitadinho&#8230;). O fanatismo petista concorre com o bolsonarismo e por isso mesmo ningu\u00e9m duvida da vers\u00e3o oficial de um ex-dirigente petista, mas dirigente de fato. Uma situa\u00e7\u00e3o bem mais confort\u00e1vel do que a do Bozo, mas com desdobramentos inimagin\u00e1veis para os pobres mortais, como \u00e9 o meu caso.<\/p>\n<p>A situa\u00e7\u00e3o fica confusa quando Dirceu critica o BC por n\u00e3o fiscalizar. N\u00e3o \u00e9 o que acontece (ou parece). Por exemplo: segundo o pr\u00f3prio BC as investiga\u00e7\u00f5es internas n\u00e3o v\u00e3o se restringir apenas \u00e0s fraudes j\u00e1 constatadas pelo Minist\u00e9rio P\u00fablico pela PF e que levaram \u00e0s pris\u00f5es.<\/p>\n<p><a href=\"https:\/\/jornalcontato.com.br\/home\/wp-content\/uploads\/2025\/11\/Daniel-Vorcaro.jpg\"><img loading=\"lazy\" decoding=\"async\" class=\"aligncenter size-large wp-image-21758\" src=\"https:\/\/jornalcontato.com.br\/home\/wp-content\/uploads\/2025\/11\/Daniel-Vorcaro-450x310.jpg\" alt=\"\" width=\"450\" height=\"310\" srcset=\"https:\/\/jornalcontato.com.br\/home\/wp-content\/uploads\/2025\/11\/Daniel-Vorcaro-450x310.jpg 450w, https:\/\/jornalcontato.com.br\/home\/wp-content\/uploads\/2025\/11\/Daniel-Vorcaro-300x207.jpg 300w, https:\/\/jornalcontato.com.br\/home\/wp-content\/uploads\/2025\/11\/Daniel-Vorcaro.jpg 721w\" sizes=\"auto, (max-width: 450px) 100vw, 450px\" \/><\/a><\/p>\n<p style=\"text-align: center;\"><em><strong>Daniel Vorcaro, CEO do banco Master, seria um m\u00e1gico das finan\u00e7as?<\/strong><\/em><\/p>\n<p>Na mira do BC, entre outros, est\u00e3o ainda o fundo Bravo, um fundo de investimentos do Master administrado pela Reag \u2013 alvo de outra opera\u00e7\u00e3o da PF, a Carbono Oculto, que investigou elos de fintechs e gestoras de recursos com o PCC (Primeiro Comando da Capital).<\/p>\n<p>A Justi\u00e7a investiga o Master e o BRB que &#8216;fabricaram&#8217; contratos para justificar desvio de R$ 12,2 bilh\u00f5es, diz investiga\u00e7\u00e3o. A mesma Justi\u00e7a v\u00ea ind\u00edcios \u2018robustos\u2019 de organiza\u00e7\u00e3o criminosa e aponta preju\u00edzo de mais de R$ 10 bi. O Bravo, que \u00e9 um Fundo de Investimento em Direitos Credit\u00f3rios (FDIC), declarava ter patrim\u00f4nio de R$ 8 bilh\u00f5es, mas nunca publicou nenhum documento detalhando esses investimentos. Foi aberto em julho de 2023 e encerrado em novembro de 2024.<\/p>\n<p>Curiosamente, os advogados do Master argumentam que a pris\u00e3o do CEO teria sido desarrazoada por n\u00e3o haver nem sequer uma investiga\u00e7\u00e3o interna no Banco Central em curso. Seria a fonte do Z\u00e9 Dirceu?<\/p>\n","protected":false},"excerpt":{"rendered":"<p>As chuvas de ver\u00e3o desentocam os i\u00e7\u00e1s, as crises pol\u00edticas revelam detalhes que os pobres mortais desconheciam No domingo, 23, assisti uma postagem de Jos\u00e9 &#8230;<\/p>\n","protected":false},"author":1,"featured_media":21759,"comment_status":"open","ping_status":"open","sticky":false,"template":"","format":"standard","meta":{"footnotes":""},"categories":[1],"tags":[],"class_list":["post-21757","post","type-post","status-publish","format-standard","has-post-thumbnail","hentry","category-nacional"],"_links":{"self":[{"href":"https:\/\/www.jornalcontato.com.br\/home\/index.php\/wp-json\/wp\/v2\/posts\/21757","targetHints":{"allow":["GET"]}}],"collection":[{"href":"https:\/\/www.jornalcontato.com.br\/home\/index.php\/wp-json\/wp\/v2\/posts"}],"about":[{"href":"https:\/\/www.jornalcontato.com.br\/home\/index.php\/wp-json\/wp\/v2\/types\/post"}],"author":[{"embeddable":true,"href":"https:\/\/www.jornalcontato.com.br\/home\/index.php\/wp-json\/wp\/v2\/users\/1"}],"replies":[{"embeddable":true,"href":"https:\/\/www.jornalcontato.com.br\/home\/index.php\/wp-json\/wp\/v2\/comments?post=21757"}],"version-history":[{"count":1,"href":"https:\/\/www.jornalcontato.com.br\/home\/index.php\/wp-json\/wp\/v2\/posts\/21757\/revisions"}],"predecessor-version":[{"id":21760,"href":"https:\/\/www.jornalcontato.com.br\/home\/index.php\/wp-json\/wp\/v2\/posts\/21757\/revisions\/21760"}],"wp:featuredmedia":[{"embeddable":true,"href":"https:\/\/www.jornalcontato.com.br\/home\/index.php\/wp-json\/wp\/v2\/media\/21759"}],"wp:attachment":[{"href":"https:\/\/www.jornalcontato.com.br\/home\/index.php\/wp-json\/wp\/v2\/media?parent=21757"}],"wp:term":[{"taxonomy":"category","embeddable":true,"href":"https:\/\/www.jornalcontato.com.br\/home\/index.php\/wp-json\/wp\/v2\/categories?post=21757"},{"taxonomy":"post_tag","embeddable":true,"href":"https:\/\/www.jornalcontato.com.br\/home\/index.php\/wp-json\/wp\/v2\/tags?post=21757"}],"curies":[{"name":"wp","href":"https:\/\/api.w.org\/{rel}","templated":true}]}}