{"id":21652,"date":"2025-09-06T08:36:07","date_gmt":"2025-09-06T11:36:07","guid":{"rendered":"https:\/\/www.jornalcontato.com.br\/home\/?p=21652"},"modified":"2025-09-06T08:36:07","modified_gmt":"2025-09-06T11:36:07","slug":"debaixo-da-cama-luis-fernando-verissimo-1983","status":"publish","type":"post","link":"https:\/\/www.jornalcontato.com.br\/home\/index.php\/debaixo-da-cama-luis-fernando-verissimo-1983\/","title":{"rendered":"Debaixo da cama (Lu\u00eds Fernando Ver\u00edssimo &#8211; 1983)"},"content":{"rendered":"<p style=\"text-align: center;\"><em><strong>Esse conto em &#8220;A Velhinha de Taubat\u00e9&#8221; diz tudo e mais alguma coisa. Exagero? Leiam e confiram como \u00e9 poss\u00edvel fazer hist\u00f3ria com humor. Estamos no m\u00eas do amarelo. Campanha para enfrentar o suic\u00eddio que assola cada vez mais o mundo ocidental, em especial o imp\u00e9rio que um louco insiste em ser coroado<\/strong><\/em><em><strong> como primeiro imperador. Em Taubat\u00e9 dos velhos tempos havia muito jacar\u00e9 em baixo da cama.\u00a0 Muitos amigos pagaram caro. Deixa pra l\u00e1. Vamos l\u00e1. Uma pequena homenagem aos que partiram<\/strong><\/em><\/p>\n<p style=\"text-align: center;\"><strong>*****<\/strong><\/p>\n<p>Uma cama larga, simbolizando o pa\u00eds. Sobre a cama, n\u00e3o me pergunte como, um reacion\u00e1rio, simbolizando as classes dominantes, sua mulher fr\u00edvola e infiel, simbolizando a inconsci\u00eancia nacional, e um doido, simbolizando um doido. Fala o doido:<br \/>\n\u2013 Esse ru\u00eddo&#8230;<br \/>\n\u2013 Que ru\u00eddo? \u2013 pergunta o reacion\u00e1rio.<br \/>\n\u2013 Debaixo da cama.<br \/>\n\u2013 N\u00e3o ouvi ru\u00eddo nenhum.<br \/>\n\u2013 Exatamente. N\u00e3o \u00e9 estranho? O jacar\u00e9 est\u00e1 quieto.<br \/>\n\u2013 Que jacar\u00e9?<br \/>\n\u2013 O jacar\u00e9 embaixo da cama.<br \/>\nA mulher fr\u00edvola e infiel d\u00e1 um grito abafado. O reacion\u00e1rio diz:<br \/>\n\u2013 N\u00e3o h\u00e1 jacar\u00e9 nenhum embaixo da cama.<\/p>\n<p><a href=\"https:\/\/jornalcontato.com.br\/home\/wp-content\/uploads\/2025\/09\/Jacare-menor-1.jpg\"><img loading=\"lazy\" decoding=\"async\" class=\"aligncenter size-large wp-image-21654\" src=\"https:\/\/jornalcontato.com.br\/home\/wp-content\/uploads\/2025\/09\/Jacare-menor-1-450x263.jpg\" alt=\"\" width=\"450\" height=\"263\" srcset=\"https:\/\/jornalcontato.com.br\/home\/wp-content\/uploads\/2025\/09\/Jacare-menor-1-450x263.jpg 450w, https:\/\/jornalcontato.com.br\/home\/wp-content\/uploads\/2025\/09\/Jacare-menor-1-300x175.jpg 300w, https:\/\/jornalcontato.com.br\/home\/wp-content\/uploads\/2025\/09\/Jacare-menor-1.jpg 745w\" sizes=\"auto, (max-width: 450px) 100vw, 450px\" \/><\/a><\/p>\n<p>O doido faz uma cara triunfante e pergunta:<br \/>\n\u2013 Se n\u00e3o h\u00e1 um jacar\u00e9 embaixo da cama, ent\u00e3o o que \u00e9 que est\u00e1 em sil\u00eancio?<br \/>\nA l\u00f3gica do argumento \u00e9 inatac\u00e1vel. E, a julgar pelo tamanho do sil\u00eancio, o jacar\u00e9 \u00e9 enorme.<br \/>\n\u2013 Por que ser\u00e1 que ele est\u00e1 quieto? \u2013 pergunta o reacion\u00e1rio.<br \/>\n\u2013 N\u00e3o sei \u2013 diz o doido. \u2013 A n\u00e3o ser que ele tenha comido algu\u00e9m&#8230;<br \/>\nA mulher fr\u00edvola e infiel leva as m\u00e3os \u00e0 boca mas deixa escapar um nome:<br \/>\n\u2013 Danilo!<br \/>\n\u2013 O qu\u00ea? \u2013 dizem o reacion\u00e1rio e o doido juntos.<br \/>\n\u2013 Nada, nada&#8230;<br \/>\nMas ela desaparece sob o len\u00e7ol para chorar seu amante. Danilo, comido por um jacar\u00e9 embaixo da cama! E com o pijama novo que ela lhe deu.<br \/>\n\u2013 O jacar\u00e9 deve ter comido o comunista \u2013 diz o reacion\u00e1rio.<br \/>\n\u2013 Que comunista?<br \/>\n\u2013 Tem sempre um comunista debaixo da cama.<br \/>\n\u2013 Depois eu \u00e9 que sou doido&#8230;N\u00e3o tem comunista nenhum debaixo da cama.<br \/>\n\u2013 Se o jacar\u00e9 comeu, n\u00e3o tem mesmo.<br \/>\n\u2013 S\u00f3 h\u00e1 uma maneira de sabermos o que realmente aconteceu \u2013 diz o doido, sensatamente. Olharmos debaixo da cama.<br \/>\nOs dois espiam embaixo da cama e v\u00eaem um mo\u00e7o de pijama novo, que sorri sem jeito.<\/p>\n<p><a href=\"https:\/\/jornalcontato.com.br\/home\/wp-content\/uploads\/2025\/09\/Livro.jpg\"><img loading=\"lazy\" decoding=\"async\" class=\"aligncenter size-full wp-image-21655\" src=\"https:\/\/jornalcontato.com.br\/home\/wp-content\/uploads\/2025\/09\/Livro.jpg\" alt=\"\" width=\"182\" height=\"277\" \/><\/a><br \/>\nO reacion\u00e1rio endireita-se na cama e come\u00e7a a refletir. Olha para o doido, depois olha para sua mulher que chora. Aos poucos, vai se dando conta da situa\u00e7\u00e3o.<br \/>\n\u2013 Meu Deus! \u2013 exclama.<br \/>\n\u2013 O qu\u00ea? \u2013 diz o doido, pensando que \u00e9 com ele.<br \/>\n\u2013 O comunista comeu o jacar\u00e9.<\/p>\n<p><em><strong>DEBAIXO DA CAMA, de Luiz Fernando Ver\u00edssimo, em &#8216;A Velhinha de Taubat\u00e9 &#8211; Novas Hist\u00f3rias do Analista de Bag\u00e9&#8217; (1983)<\/strong><\/em><\/p>\n","protected":false},"excerpt":{"rendered":"<p>Esse conto em &#8220;A Velhinha de Taubat\u00e9&#8221; diz tudo e mais alguma coisa. Exagero? Leiam e confiram como \u00e9 poss\u00edvel fazer hist\u00f3ria com humor. Estamos &#8230;<\/p>\n","protected":false},"author":1,"featured_media":21656,"comment_status":"open","ping_status":"open","sticky":false,"template":"","format":"standard","meta":{"footnotes":""},"categories":[1],"tags":[],"class_list":["post-21652","post","type-post","status-publish","format-standard","has-post-thumbnail","hentry","category-nacional"],"_links":{"self":[{"href":"https:\/\/www.jornalcontato.com.br\/home\/index.php\/wp-json\/wp\/v2\/posts\/21652","targetHints":{"allow":["GET"]}}],"collection":[{"href":"https:\/\/www.jornalcontato.com.br\/home\/index.php\/wp-json\/wp\/v2\/posts"}],"about":[{"href":"https:\/\/www.jornalcontato.com.br\/home\/index.php\/wp-json\/wp\/v2\/types\/post"}],"author":[{"embeddable":true,"href":"https:\/\/www.jornalcontato.com.br\/home\/index.php\/wp-json\/wp\/v2\/users\/1"}],"replies":[{"embeddable":true,"href":"https:\/\/www.jornalcontato.com.br\/home\/index.php\/wp-json\/wp\/v2\/comments?post=21652"}],"version-history":[{"count":1,"href":"https:\/\/www.jornalcontato.com.br\/home\/index.php\/wp-json\/wp\/v2\/posts\/21652\/revisions"}],"predecessor-version":[{"id":21657,"href":"https:\/\/www.jornalcontato.com.br\/home\/index.php\/wp-json\/wp\/v2\/posts\/21652\/revisions\/21657"}],"wp:featuredmedia":[{"embeddable":true,"href":"https:\/\/www.jornalcontato.com.br\/home\/index.php\/wp-json\/wp\/v2\/media\/21656"}],"wp:attachment":[{"href":"https:\/\/www.jornalcontato.com.br\/home\/index.php\/wp-json\/wp\/v2\/media?parent=21652"}],"wp:term":[{"taxonomy":"category","embeddable":true,"href":"https:\/\/www.jornalcontato.com.br\/home\/index.php\/wp-json\/wp\/v2\/categories?post=21652"},{"taxonomy":"post_tag","embeddable":true,"href":"https:\/\/www.jornalcontato.com.br\/home\/index.php\/wp-json\/wp\/v2\/tags?post=21652"}],"curies":[{"name":"wp","href":"https:\/\/api.w.org\/{rel}","templated":true}]}}