{"id":21645,"date":"2025-08-31T08:54:02","date_gmt":"2025-08-31T11:54:02","guid":{"rendered":"https:\/\/www.jornalcontato.com.br\/home\/?p=21645"},"modified":"2025-08-31T08:54:02","modified_gmt":"2025-08-31T11:54:02","slug":"mensagem-aos-dendroclastas-jc-sebe-bom-meihy","status":"publish","type":"post","link":"https:\/\/www.jornalcontato.com.br\/home\/index.php\/mensagem-aos-dendroclastas-jc-sebe-bom-meihy\/","title":{"rendered":"MENSAGEM AOS DENDROCLASTAS! (JC Sebe Bom Meihy)"},"content":{"rendered":"<p style=\"text-align: center;\"><em><strong>A Prefeitura informa que disp\u00f5e de um laudo, mas n\u00e3o consegue explicar o registro feito por cidad\u00e3os<\/strong><\/em><\/p>\n<p>Escrever cr\u00f4nicas por of\u00edcio equivale a um ritual de prazos e impress\u00f5es a serem produzidas no rito de dias marcados. Apesar disso, para mim, por mais desafiador que seja, esse \u00e9 um dos momentos de maior realiza\u00e7\u00e3o. H\u00e1, contudo, certos textos que n\u00e3o nascem da obriga\u00e7\u00e3o e do compromisso, mas da urg\u00eancia da alma, escritos com a vol\u00fapia da vontade e a seiva da paix\u00e3o. Explico-me: ando comovido, com uma dor surda na mem\u00f3ria, pelo corte de frondosa \u00e1rvore que, por mais de cem anos, era um pilar verde na hist\u00f3ria da minha cidade. Em um repente cego de progresso modernizador, a Prefeitura resolveu p\u00f4-la abaixo. H\u00e1 um laudo j\u00e1 mostrado, mas carente de contra laudo que valeria como lenitivo. Ali\u00e1s, questiona-se a compet\u00eancia do signat\u00e1rio do referido documento, apagado \u00e0 luz das regras da ABNT. Nesse sentido, seria t\u00e3o virtuoso se o projeto de remodela\u00e7\u00e3o do logradouro fosse discutido com especialistas e com a comunidade.<\/p>\n<p>De toda forma, n\u00e3o me contive vendo as fotos. Como tantos outros inconformados com proximidade de dois pr\u00e9dios tombados pelo CONDEPHAAT, me lancei a resmungar contra o tal atitude que se curvava em favor de uma firma em processo de instala\u00e7\u00e3o. Minha indigna\u00e7\u00e3o, de t\u00e3o sentida, ecoou chegando a uma amiga, que, com a sabedoria dos que guardam a hist\u00f3ria no cora\u00e7\u00e3o, lembrou-me de um coment\u00e1rio de Monteiro Lobato sobre o crime de derrubar \u00e1rvores centen\u00e1rias.<\/p>\n<p><a href=\"https:\/\/jornalcontato.com.br\/home\/wp-content\/uploads\/2025\/08\/Oracao-da-arvore-jpeg.jpg\"><img loading=\"lazy\" decoding=\"async\" class=\"aligncenter size-large wp-image-21647\" src=\"https:\/\/jornalcontato.com.br\/home\/wp-content\/uploads\/2025\/08\/Oracao-da-arvore-jpeg-358x450.jpg\" alt=\"\" width=\"358\" height=\"450\" srcset=\"https:\/\/jornalcontato.com.br\/home\/wp-content\/uploads\/2025\/08\/Oracao-da-arvore-jpeg-358x450.jpg 358w, https:\/\/jornalcontato.com.br\/home\/wp-content\/uploads\/2025\/08\/Oracao-da-arvore-jpeg-239x300.jpg 239w, https:\/\/jornalcontato.com.br\/home\/wp-content\/uploads\/2025\/08\/Oracao-da-arvore-jpeg.jpg 528w\" sizes=\"auto, (max-width: 358px) 100vw, 358px\" \/><\/a><\/p>\n<p>Fui, ent\u00e3o, a Lobato nas \u201cCartas escolhidas\u201d, como quem busca consolo. E, por uma daquelas for\u00e7as do destino que parecem alinhar os tempos, encontrei exatamente refer\u00eancias a Taubat\u00e9, a cidade dele e minha. Ouso incontido repetir a mesma revolta que ele sentiu &#8220;<em>em Taubat\u00e9, uma velha paineira que havia no Largo do Teatro foi cortada por um prefeito da Ditadura <\/em>(Vargas)<em>. O homem chegou \u00e0quela cidade com uma grande f\u00faria <\/em>faciendi<em>. Precisava fazer algo que o elevasse no conceito do Ditador \u2013 e deitou a velha paineira que eu conheci desde menino<\/em>&#8220;.<\/p>\n<p>E Lobato, o missivista indignado, enumerou outras investidas contra a sanha do concreto e do asfalto, uma em S\u00e3o Jos\u00e9 dos Campos, outra em Piracicaba. Mas deteve-se, em como\u00e7\u00e3o, no sens\u00edvel caso de Ca\u00e7apava, onde um funcion\u00e1rio, em ato de rebeldia, salvou uma dessas \u00e1rvores d\u2019antanho. A carta, escrita a Paulo Duarte em 26 de setembro de 1947 progride para reflex\u00f5es sobre outras derrubadas escandalosas, como \u201c<em>feridas abertas em nossa terra<\/em>\u201d.<\/p>\n<p>Por aquele ano, em 1947, Lobato estava na Argentina e, encantado com a cultura portenha, emendou sua reflex\u00e3o em um caso de amor, onde, em contraste, identificou uma postura de &#8220;<em>grande respeito pelas velhas \u00e1rvores<\/em>&#8220;. A cena que o comoveu em Buenos Aires, remetia a \u201c<em>um ceibo\u201d<\/em> com uma placa comemorativa, como se a \u00e1rvore fosse um her\u00f3i: &#8220;<em>Flor de ceibo trazida em 1876 pela Sociedade de Fomento Don Torquato de Avenas, o primeiro intendente de Buenos Aires<\/em>&#8220;. Entusiasmado, Lobato, referindo-se \u00e0 placa como \u201c<em>a mais bela inscri\u00e7\u00e3o que li em minha vida<\/em>\u201d pois saudava Sarmiento, o grande mestre e Presidente argentino. A frase, retirada do poema <em>Ora\u00e7\u00e3o da \u00e1rvore<\/em>, de autoria desconhecida, referia-se a eventuais amea\u00e7adores: &#8220;<em>tu que passas e levantas contra mim teus bra\u00e7os, antes de fazer-me mal, olha-me bem<\/em>&#8220;.<\/p>\n<p><a href=\"https:\/\/jornalcontato.com.br\/home\/wp-content\/uploads\/2025\/08\/Figueira-caindo.jpg\"><img loading=\"lazy\" decoding=\"async\" class=\"aligncenter size-large wp-image-21648\" src=\"https:\/\/jornalcontato.com.br\/home\/wp-content\/uploads\/2025\/08\/Figueira-caindo-324x450.jpg\" alt=\"\" width=\"324\" height=\"450\" srcset=\"https:\/\/jornalcontato.com.br\/home\/wp-content\/uploads\/2025\/08\/Figueira-caindo-324x450.jpg 324w, https:\/\/jornalcontato.com.br\/home\/wp-content\/uploads\/2025\/08\/Figueira-caindo-216x300.jpg 216w, https:\/\/jornalcontato.com.br\/home\/wp-content\/uploads\/2025\/08\/Figueira-caindo.jpg 476w\" sizes=\"auto, (max-width: 324px) 100vw, 324px\" \/><\/a><\/p>\n<p style=\"text-align: center;\"><em><strong>Figueira sendo abatida na frente do F\u00f3ruma Criminal na pra\u00e7a do Bosque<\/strong><\/em><\/p>\n<p>Sarmiento que advogava em favor da escola p\u00fablica, havia ensinado o seu povo a n\u00e3o tratar as \u00e1rvores com a brutalidade com que n\u00f3s, um pa\u00eds que nunca teve um Sarmiento com tal eloqu\u00eancia, as tratamos. E d\u00f3i, de certa forma, ver como Lobato termina a carta, num desabafo de quem n\u00e3o encontra resposta: &#8220;<em>ningu\u00e9m sabe. Ningu\u00e9m consegue descobrir a raz\u00e3o de certos crimes cometidos neste pa\u00eds. Muita meningite em crian\u00e7a? Tara racial? N\u00e3o sei<\/em>&#8230;&#8221;. E, de maneira prof\u00e9tica, ele nos conclama ao fim dessa danada \u201c<em>dendroclastia que parasita nossa cultura<\/em>\u201d.<\/p>\n<p>A dendroclastia, lembremos, n\u00e3o \u00e9 apenas o ato de cortar \u00e1rvores, \u00e9 um crime contra a mem\u00f3ria, uma tara pela destrui\u00e7\u00e3o do que \u00e9 velho, do que tem ra\u00edzes e hist\u00f3ria. O dendroclasta, Lobato insiste, \u00e9 aquele que, por indiferen\u00e7a ou ignor\u00e2ncia, ou por um pragmatismo est\u00fapido, \u00e9 incapaz de ver a vida que pulsa na seiva, o tempo que se franze nas rugas da casca. A dendroclastia \u00e9 a manifesta\u00e7\u00e3o de um esp\u00edrito que arranca as p\u00e1ginas do livro que somos, um crime contra a identidade que se constr\u00f3i lentamente.<\/p>\n<p>Ah, que as palavras de Lobato ressoem como o eco permanente do tronco derrubado. Que elas nos lembrem que a viol\u00eancia contra a \u00e1rvore que se ergue sobre nossas pra\u00e7as \u00e9 a mesma viol\u00eancia que se pratica contra a hist\u00f3ria, contra o legado, contra a beleza da vida que floresce para al\u00e9m da utilidade. A dendroclastia \u00e9 um mal que nos parasita. Que sejamos n\u00f3s, daqui em diante, a for\u00e7a que se rebela e salva as \u00e1rvores que nos salvam: MORTE AOS DENDROCLASTAS QUE NOS HABITAM!<\/p>\n<p style=\"text-align: center;\"><strong>*****<\/strong><\/p>\n<p>E se \u00e9 leg\u00edtimo o laudo condenat\u00f3rio, depois de comprovado por \u00f3rg\u00e3os competentes, que se exercitem as leis das compensa\u00e7\u00f5es segundo a Resolu\u00e7\u00e3o CONAMA n\u00ba 369\/2006 inclu\u00edda no C\u00f3digo Florestal de 2012. E que bom seria se a Prefeitura liderasse o replantio compensat\u00f3rio. E como seria simp\u00e1tico se o Prefeito levasse a s\u00e9rio a assinatura do TERMO DE COMPOROMISSO DE RECUPERA\u00c7\u00c3O AMBIENTAL (TCREA). Estou certo que sua excel\u00eancia o Prefeito Municipal redimiria Lobato na sauda\u00e7\u00e3o a Sarmiento.<\/p>\n","protected":false},"excerpt":{"rendered":"<p>A Prefeitura informa que disp\u00f5e de um laudo, mas n\u00e3o consegue explicar o registro feito por cidad\u00e3os Escrever cr\u00f4nicas por of\u00edcio equivale a um ritual &#8230;<\/p>\n","protected":false},"author":1,"featured_media":21649,"comment_status":"open","ping_status":"open","sticky":false,"template":"","format":"standard","meta":{"footnotes":""},"categories":[1],"tags":[],"class_list":["post-21645","post","type-post","status-publish","format-standard","has-post-thumbnail","hentry","category-nacional"],"_links":{"self":[{"href":"https:\/\/www.jornalcontato.com.br\/home\/index.php\/wp-json\/wp\/v2\/posts\/21645","targetHints":{"allow":["GET"]}}],"collection":[{"href":"https:\/\/www.jornalcontato.com.br\/home\/index.php\/wp-json\/wp\/v2\/posts"}],"about":[{"href":"https:\/\/www.jornalcontato.com.br\/home\/index.php\/wp-json\/wp\/v2\/types\/post"}],"author":[{"embeddable":true,"href":"https:\/\/www.jornalcontato.com.br\/home\/index.php\/wp-json\/wp\/v2\/users\/1"}],"replies":[{"embeddable":true,"href":"https:\/\/www.jornalcontato.com.br\/home\/index.php\/wp-json\/wp\/v2\/comments?post=21645"}],"version-history":[{"count":1,"href":"https:\/\/www.jornalcontato.com.br\/home\/index.php\/wp-json\/wp\/v2\/posts\/21645\/revisions"}],"predecessor-version":[{"id":21650,"href":"https:\/\/www.jornalcontato.com.br\/home\/index.php\/wp-json\/wp\/v2\/posts\/21645\/revisions\/21650"}],"wp:featuredmedia":[{"embeddable":true,"href":"https:\/\/www.jornalcontato.com.br\/home\/index.php\/wp-json\/wp\/v2\/media\/21649"}],"wp:attachment":[{"href":"https:\/\/www.jornalcontato.com.br\/home\/index.php\/wp-json\/wp\/v2\/media?parent=21645"}],"wp:term":[{"taxonomy":"category","embeddable":true,"href":"https:\/\/www.jornalcontato.com.br\/home\/index.php\/wp-json\/wp\/v2\/categories?post=21645"},{"taxonomy":"post_tag","embeddable":true,"href":"https:\/\/www.jornalcontato.com.br\/home\/index.php\/wp-json\/wp\/v2\/tags?post=21645"}],"curies":[{"name":"wp","href":"https:\/\/api.w.org\/{rel}","templated":true}]}}