{"id":21443,"date":"2025-04-19T11:57:33","date_gmt":"2025-04-19T14:57:33","guid":{"rendered":"https:\/\/www.jornalcontato.com.br\/home\/?p=21443"},"modified":"2025-04-20T08:30:24","modified_gmt":"2025-04-20T11:30:24","slug":"porque-ler-nietzsche-evaldo-amaro-vieira","status":"publish","type":"post","link":"https:\/\/www.jornalcontato.com.br\/home\/index.php\/porque-ler-nietzsche-evaldo-amaro-vieira\/","title":{"rendered":"PORQUE LER NIETZSCHE (Evaldo Amaro Vieira)"},"content":{"rendered":"<p style=\"text-align: center;\"><em><strong>Abordagem complementar sobre o fil\u00f3sofo alem\u00e3o feita por JC Sebe em 23 de mar\u00e7o (https:\/\/www.jornalcontato.com.br\/home\/index.php\/a-irma-de-nietzsche-jc-sebe-bom-meihy\/) quando destacou o mau uso pela sua irm\u00e3 Elizabeth, Evaldo faz resumo da abrang\u00eancia da obra de Nietzsche<\/strong><\/em><\/p>\n<p>De fato, a irm\u00e3 de Friedrich Nietzsche serviu-se dele para obter favores de Hitler, durante o regime nazista na Alemanha, indicando o falecido fil\u00f3sofo como se fora favor\u00e1vel a ele. De fato, tal afirma\u00e7\u00e3o de sua irm\u00e3 n\u00e3o era verdadeira.<\/p>\n<p>Nietzsche \u00e9 um dos filhos da \u00e9poca da transi\u00e7\u00e3o do capitalismo liberal ao capitalismo imperialista. A derrota da revolu\u00e7\u00e3o oper\u00e1ria em prol da igualdade e da liberdade na Fran\u00e7a, em 1848, na \u00e9poca do surgimento do capitalismo imperialista, acarretou a nega\u00e7\u00e3o da raz\u00e3o humana, do futuro hist\u00f3rico, de progresso humano, da a\u00e7\u00e3o individual e social. A derrota significou n\u00e3o somente a descren\u00e7a na raz\u00e3o humana, como ainda a descren\u00e7a na vida humana. Abriu-se o per\u00edodo da filosofia de crise, da celebra\u00e7\u00e3o da morte, da indecis\u00e3o, do nada, do niilismo, dos t\u00e9cnicos burocratas (simplesmente v\u00e1 a um cart\u00f3rio p\u00fablico), do taylorismo, da mercadologia, do consumismo, da viol\u00eancia de todo tipo, do <u>irracionalismo enfim, que Nietzsche representa com brilhantismo.<\/u><\/p>\n<p>Para ilustrar, lembre-se a afirma\u00e7\u00e3o do mais famoso desses fil\u00f3sofos, Jean-Paul Sartre: <em>\u201c\u00c9 absurdo que tenhamos nascido, \u00e9 absurdo que tenhamos de morrer\u201d (J.-P. Sartre, L\u00b4\u00eatre et le n\u00e9ant). <\/em>A raz\u00e3o, ess\u00eancia das grandes teorias do conhecimento, dos sujeitos sociais, da pr\u00f3pria vida humana, \u00e9 substitu\u00edda pelo irracionalismo, pela exalta\u00e7\u00e3o do absurdo, da ang\u00fastia, base e ess\u00eancia das microteorias e do individualismo isolado e egoc\u00eantrico. O homem transformado em coisa, em mercadoria, vive s\u00f3 para si, pouco v\u00ea o pr\u00f3ximo e a trag\u00e9dia acontece apenas com o outro.<\/p>\n<p><a href=\"https:\/\/jornalcontato.com.br\/home\/wp-content\/uploads\/2025\/04\/JP-Sartre.png\"><img loading=\"lazy\" decoding=\"async\" class=\"aligncenter size-large wp-image-21444\" src=\"https:\/\/jornalcontato.com.br\/home\/wp-content\/uploads\/2025\/04\/JP-Sartre-336x450.png\" alt=\"\" width=\"336\" height=\"450\" srcset=\"https:\/\/jornalcontato.com.br\/home\/wp-content\/uploads\/2025\/04\/JP-Sartre-336x450.png 336w, https:\/\/jornalcontato.com.br\/home\/wp-content\/uploads\/2025\/04\/JP-Sartre-224x300.png 224w, https:\/\/jornalcontato.com.br\/home\/wp-content\/uploads\/2025\/04\/JP-Sartre.png 351w\" sizes=\"auto, (max-width: 336px) 100vw, 336px\" \/><\/a><\/p>\n<p style=\"text-align: center;\"><em><strong>JP Sartre, autor de O ser e o nada, in\u00edcio do existencialismo<\/strong><\/em><\/p>\n<p>Um mundo dominado pela concorr\u00eancia internacional, pela baixa taxa de acumula\u00e7\u00e3o do capital, em crise desde a d\u00e9cada de 1970, agora convertido em capitalismo financeiro, com o predom\u00ednio da tecnologia sobre o capital vivo (que \u00e9 o trabalhador), com a globaliza\u00e7\u00e3o, conduz o eleitor votar contra ele e at\u00e9 mesmo o homem m\u00e9dio (conforme aconteceu no nazifascismo) ao absurdo de vestir como um bando e defecar em cadeiras, em exposi\u00e7\u00e3o ao p\u00fablico.<\/p>\n<p>Na Alemanha nazista, os servi\u00e7os de informa\u00e7\u00e3o da Fran\u00e7a, da Inglaterra, da Uni\u00e3o Sovi\u00e9tica, calcularam em mais de um milh\u00e3o os criminosos de guerra, que mataram a popula\u00e7\u00e3o dos pa\u00edses ocupados, em especial pelos judeus.<\/p>\n<p><a href=\"https:\/\/jornalcontato.com.br\/home\/wp-content\/uploads\/2025\/04\/Rinocerotes.jpg\"><img loading=\"lazy\" decoding=\"async\" class=\"aligncenter size-large wp-image-21445\" src=\"https:\/\/jornalcontato.com.br\/home\/wp-content\/uploads\/2025\/04\/Rinocerotes-450x269.jpg\" alt=\"\" width=\"450\" height=\"269\" srcset=\"https:\/\/jornalcontato.com.br\/home\/wp-content\/uploads\/2025\/04\/Rinocerotes-450x269.jpg 450w, https:\/\/jornalcontato.com.br\/home\/wp-content\/uploads\/2025\/04\/Rinocerotes-300x179.jpg 300w, https:\/\/jornalcontato.com.br\/home\/wp-content\/uploads\/2025\/04\/Rinocerotes.jpg 750w\" sizes=\"auto, (max-width: 450px) 100vw, 450px\" \/><\/a><\/p>\n<p style=\"text-align: center;\"><em><strong>Ionesco, autor de Os rinocerontes, tamb\u00e9m bebeu na fonte de Nietzsche<\/strong><\/em><\/p>\n<p>Nietzsche n\u00e3o nasceu de Nietzsche. O irracionalismo \u00e9 assumido no pensamento filos\u00f3fico, de forma sistematizada, nas obras de S\u00f6ren Kierkegaard (Conceito de Ang\u00fastia &#8211; 1844), Temor e Tremor \u2013 1845); de Arthur Schopenhauer (O mundo como vontade e como representa\u00e7\u00e3o); de Friedrich Nietzsche (Al\u00e9m do bem e do mal, Deus est\u00e1 morto, Assim falou Zaratustra, O anticristo); de Martin Heidegger (O ser e o tempo, 1927, foi indicado reitor de universidade por Hitler); de Jean-Paul Sartre (dentre outras obras, O ser e o nada, A n\u00e1usea, O existencialismo \u00e9 humanismo); de Albert Camus (O mito de S\u00edsifo, O estrangeiro, A peste); de pe\u00e7as teatrais do Teatro do Absurdo, como as de Eug\u00e8ne Ionesco (O rinoceronte); as de Samuel Beckett (Esperando Godot) e assim por diante.<\/p>\n<p>Eis porque ler Nietzsche.<\/p>\n<p>Disse o poeta ingl\u00eas John Donne (1572-1631): \u201cFor whom the bell tolls\u201d.<\/p>\n","protected":false},"excerpt":{"rendered":"<p>Abordagem complementar sobre o fil\u00f3sofo alem\u00e3o feita por JC Sebe em 23 de mar\u00e7o (https:\/\/www.jornalcontato.com.br\/home\/index.php\/a-irma-de-nietzsche-jc-sebe-bom-meihy\/) quando destacou o mau uso pela sua irm\u00e3 Elizabeth, Evaldo &#8230;<\/p>\n","protected":false},"author":1,"featured_media":21446,"comment_status":"open","ping_status":"open","sticky":false,"template":"","format":"standard","meta":{"footnotes":""},"categories":[1],"tags":[],"class_list":["post-21443","post","type-post","status-publish","format-standard","has-post-thumbnail","hentry","category-nacional"],"_links":{"self":[{"href":"https:\/\/www.jornalcontato.com.br\/home\/index.php\/wp-json\/wp\/v2\/posts\/21443","targetHints":{"allow":["GET"]}}],"collection":[{"href":"https:\/\/www.jornalcontato.com.br\/home\/index.php\/wp-json\/wp\/v2\/posts"}],"about":[{"href":"https:\/\/www.jornalcontato.com.br\/home\/index.php\/wp-json\/wp\/v2\/types\/post"}],"author":[{"embeddable":true,"href":"https:\/\/www.jornalcontato.com.br\/home\/index.php\/wp-json\/wp\/v2\/users\/1"}],"replies":[{"embeddable":true,"href":"https:\/\/www.jornalcontato.com.br\/home\/index.php\/wp-json\/wp\/v2\/comments?post=21443"}],"version-history":[{"count":1,"href":"https:\/\/www.jornalcontato.com.br\/home\/index.php\/wp-json\/wp\/v2\/posts\/21443\/revisions"}],"predecessor-version":[{"id":21447,"href":"https:\/\/www.jornalcontato.com.br\/home\/index.php\/wp-json\/wp\/v2\/posts\/21443\/revisions\/21447"}],"wp:featuredmedia":[{"embeddable":true,"href":"https:\/\/www.jornalcontato.com.br\/home\/index.php\/wp-json\/wp\/v2\/media\/21446"}],"wp:attachment":[{"href":"https:\/\/www.jornalcontato.com.br\/home\/index.php\/wp-json\/wp\/v2\/media?parent=21443"}],"wp:term":[{"taxonomy":"category","embeddable":true,"href":"https:\/\/www.jornalcontato.com.br\/home\/index.php\/wp-json\/wp\/v2\/categories?post=21443"},{"taxonomy":"post_tag","embeddable":true,"href":"https:\/\/www.jornalcontato.com.br\/home\/index.php\/wp-json\/wp\/v2\/tags?post=21443"}],"curies":[{"name":"wp","href":"https:\/\/api.w.org\/{rel}","templated":true}]}}