{"id":21428,"date":"2025-04-13T09:39:54","date_gmt":"2025-04-13T12:39:54","guid":{"rendered":"https:\/\/www.jornalcontato.com.br\/home\/?p=21428"},"modified":"2025-04-13T09:40:19","modified_gmt":"2025-04-13T12:40:19","slug":"o-lobato-intimo-entre-pinceis-e-palavras-a-arte-secreta-de-um-polemista-jc-sebe-bom-meihy","status":"publish","type":"post","link":"https:\/\/www.jornalcontato.com.br\/home\/index.php\/o-lobato-intimo-entre-pinceis-e-palavras-a-arte-secreta-de-um-polemista-jc-sebe-bom-meihy\/","title":{"rendered":"O Lobato \u00cdntimo: Entre Pinc\u00e9is e Palavras &#8211; A Arte Secreta de um Polemista (JC Sebe Bom Meihy)"},"content":{"rendered":"<p>\u00c9 abril e outra vez o desafio de falar sobre Monteiro Lobato se apresenta. Transformado em pol\u00eamico autor, sua inquestion\u00e1vel obra se apresenta como pomo de disc\u00f3rdias. Sabe-se que sempre foi assim, que tens\u00f5es jamais deixaram descansar a vida e a obra do \u201cpai da literatura infantil brasileira\u201d. Pol\u00eamicas a parte, vale recobrar aspectos menos conhecidos da biografia do \u201ctaubateano rebelde\u201d e entre tantos aspectos um come\u00e7a chamar a aten\u00e7\u00e3o: a intimidade de sua pintura.<\/p>\n<p>A figura p\u00fablica de Monteiro Lobato \u2014 escritor combativo, editor vision\u00e1rio, militante incans\u00e1vel \u2014 ofuscou por d\u00e9cadas sua faceta mais reservada de artista pl\u00e1stico. Enquanto sua literatura solar e suas campanhas nacionais ecoavam estridentes, uma produ\u00e7\u00e3o pict\u00f3rica melanc\u00f3lica e discreta flu\u00eda em paralelo, como contraponto necess\u00e1rio ao barulho do mundo. Essa dualidade revela um Lobato mais complexo do que sugere sua imagem can\u00f4nica, um criador dividido entre o engajamento p\u00fablico e a necessidade de recolhimento criativo.<\/p>\n<p><a href=\"https:\/\/jornalcontato.com.br\/home\/wp-content\/uploads\/2025\/04\/Aquarela-de-Lobato.jpg\"><img loading=\"lazy\" decoding=\"async\" class=\"aligncenter size-large wp-image-21429\" src=\"https:\/\/jornalcontato.com.br\/home\/wp-content\/uploads\/2025\/04\/Aquarela-de-Lobato-450x320.jpg\" alt=\"\" width=\"450\" height=\"320\" srcset=\"https:\/\/jornalcontato.com.br\/home\/wp-content\/uploads\/2025\/04\/Aquarela-de-Lobato-450x320.jpg 450w, https:\/\/jornalcontato.com.br\/home\/wp-content\/uploads\/2025\/04\/Aquarela-de-Lobato-300x213.jpg 300w, https:\/\/jornalcontato.com.br\/home\/wp-content\/uploads\/2025\/04\/Aquarela-de-Lobato-768x546.jpg 768w, https:\/\/jornalcontato.com.br\/home\/wp-content\/uploads\/2025\/04\/Aquarela-de-Lobato-1536x1091.jpg 1536w, https:\/\/jornalcontato.com.br\/home\/wp-content\/uploads\/2025\/04\/Aquarela-de-Lobato-2048x1455.jpg 2048w\" sizes=\"auto, (max-width: 450px) 100vw, 450px\" \/><\/a><\/p>\n<p style=\"text-align: center;\"><em><strong>Aquarela da casa onde nasceu em 1982, hoje um museu<\/strong><\/em><\/p>\n<p>Nascido em Taubat\u00e9 dia 18 de abril de 1882, Jos\u00e9 Bento, o &#8220;neto bastardo&#8221; do Visconde do Trememb\u00e9, carregava desde a inf\u00e2ncia o peso de expectativas contradit\u00f3rias. Se por um lado tinha acesso privilegiado a livros e educa\u00e7\u00e3o, por outro via sua voca\u00e7\u00e3o art\u00edstica \u2014 manifesta aos dez anos em desenhos oferecidos \u00e0 av\u00f3 \u2014 ser tolhida pelas obriga\u00e7\u00f5es da primogenitura. Esse conflito entre dever e desejo moldaria para sempre sua rela\u00e7\u00e3o com a arte: se a escrita se tornou seu instrumento p\u00fablico, a pintura permaneceu como ref\u00fagio \u00edntimo, territ\u00f3rio onde podia reconciliar-se com as paisagens perdidas de sua inf\u00e2ncia no Vale do Para\u00edba.<\/p>\n<p>Curiosamente, enquanto contempor\u00e2neos taubateanos como Clodomiro Amazonas (pintor de temas hist\u00f3ricos e retratos oficiais) e Georgina de Albuquerque (pioneira feminina nas artes pl\u00e1sticas brasileiras) seguiam carreiras art\u00edsticas convencionais, Lobato trilhava caminho inverso. Seus companheiros de inf\u00e2ncia tornaram-se artistas profissionais reconhecidos, enquanto ele, talvez o mais talentoso do grupo, via a pintura ser relegada a atividade marginal \u2014 embora nunca abandonada. A compara\u00e7\u00e3o com Almeida J\u00fanior, mestre da pintura caipira que capturou com rigor t\u00e9cnico o interior paulista, revela caminhos divergentes: enquanto aquele se dedicou exclusivamente \u00e0s artes visuais, Lobato fragmentou-se entre m\u00faltiplas voca\u00e7\u00f5es, deixando sua produ\u00e7\u00e3o pict\u00f3rica como testamento \u00edntimo de um talento que optou por outras arenas.<\/p>\n<p>Na maturidade, esse paradoxo se acentuou. Enquanto sua literatura abandonava progressivamente temas rurais em favor de projetos nacionalistas, suas telas insistiam em cenas buc\u00f3licas \u2014 fazendas, riachos, porteiras solit\u00e1rias \u2014 como quem preservava em segredo o mundo que ajudava a transformar publicamente. Mesmo em paisagens urbanas de S\u00e3o Paulo ou Nova York, seu olhar isolava a arquitetura da agita\u00e7\u00e3o humana, observando a modernidade \u00e0 dist\u00e2ncia, com a nostalgia de quem j\u00e1 se sabia estrangeiro em seu pr\u00f3prio tempo.<\/p>\n<p><a href=\"https:\/\/jornalcontato.com.br\/home\/wp-content\/uploads\/2025\/04\/Porteira-aberta-dedicada-a-Purezinha.jpg\"><img loading=\"lazy\" decoding=\"async\" class=\"aligncenter size-full wp-image-21430\" src=\"https:\/\/jornalcontato.com.br\/home\/wp-content\/uploads\/2025\/04\/Porteira-aberta-dedicada-a-Purezinha.jpg\" alt=\"\" width=\"450\" height=\"335\" srcset=\"https:\/\/jornalcontato.com.br\/home\/wp-content\/uploads\/2025\/04\/Porteira-aberta-dedicada-a-Purezinha.jpg 450w, https:\/\/jornalcontato.com.br\/home\/wp-content\/uploads\/2025\/04\/Porteira-aberta-dedicada-a-Purezinha-300x223.jpg 300w\" sizes=\"auto, (max-width: 450px) 100vw, 450px\" \/><\/a><\/p>\n<p style=\"text-align: center;\"><em><strong>Porteira aberta, aquarela dedicada a Dona Purezinha<\/strong><\/em><\/p>\n<p>As mais de duzentas obras sobreviventes \u2014 entre elas o tocante retrato de Purezinha, naturezas-mortas discretas e paisagens serenas \u2014 revelam um artista tecnicamente conservador, filiado \u00e0 tradi\u00e7\u00e3o acad\u00eamica do s\u00e9culo XIX, mas profundamente pessoal na escolha tem\u00e1tica. Executadas em materiais prec\u00e1rios (papel\u00f5es reaproveitados de caixas de chap\u00e9u, peda\u00e7os de madeira descartados), essas pe\u00e7as sugerem menos um <em>hobby<\/em> que um ritual necess\u00e1rio de equil\u00edbrio interior, pr\u00e1tica quase confessional que acompanhou Lobato por toda a vida.<\/p>\n<p>O verdadeiro valor dessa produ\u00e7\u00e3o n\u00e3o est\u00e1 no que poderia ter sido, mas no que revela sobre o homem por tr\u00e1s do mito. Nas pinceladas calmas que contrastam com seu verbo inflamado, nos temas nost\u00e1lgicos que dialogam com seu projeto modernizador, descobrimos um Lobato mais humano e contradit\u00f3rio. Se sua literatura foi o grito que ecoou no Brasil, sua pintura foi o sussurro reservado \u00e0 pr\u00f3pria alma, linguagem \u00edntima onde podia ser apenas Juca, o menino de Taubat\u00e9 que sonhava com pinc\u00e9is antes de carregar o peso de um sobrenome e de uma na\u00e7\u00e3o.<\/p>\n<p>Nos anos finais, quando desilus\u00f5es pol\u00edticas se acumulavam e o Brasil que ajudara a imaginar parecia fugir entre seus dedos, esses momentos de cria\u00e7\u00e3o silenciosa talvez tenham sido seu verdadeiro porto seguro. As telas sobreviventes s\u00e3o testemunhas mudas de uma batalha \u00edntima entre o artista que foi e o polemista que precisou ser. Entre o ru\u00eddo das pol\u00eamicas e o sil\u00eancio do ateli\u00ea caseiro, Lobato pintou n\u00e3o para a posteridade, mas para si mesmo \u2014 e nessa recusa \u00e0 grandiloqu\u00eancia, nessa fidelidade ao olhar pessoal sobre o mundo, reside sua mais comovente li\u00e7\u00e3o de autenticidade criativa.<\/p>\n","protected":false},"excerpt":{"rendered":"<p>\u00c9 abril e outra vez o desafio de falar sobre Monteiro Lobato se apresenta. Transformado em pol\u00eamico autor, sua inquestion\u00e1vel obra se apresenta como pomo &#8230;<\/p>\n","protected":false},"author":1,"featured_media":21431,"comment_status":"open","ping_status":"open","sticky":false,"template":"","format":"standard","meta":{"footnotes":""},"categories":[1],"tags":[],"class_list":["post-21428","post","type-post","status-publish","format-standard","has-post-thumbnail","hentry","category-nacional"],"_links":{"self":[{"href":"https:\/\/www.jornalcontato.com.br\/home\/index.php\/wp-json\/wp\/v2\/posts\/21428","targetHints":{"allow":["GET"]}}],"collection":[{"href":"https:\/\/www.jornalcontato.com.br\/home\/index.php\/wp-json\/wp\/v2\/posts"}],"about":[{"href":"https:\/\/www.jornalcontato.com.br\/home\/index.php\/wp-json\/wp\/v2\/types\/post"}],"author":[{"embeddable":true,"href":"https:\/\/www.jornalcontato.com.br\/home\/index.php\/wp-json\/wp\/v2\/users\/1"}],"replies":[{"embeddable":true,"href":"https:\/\/www.jornalcontato.com.br\/home\/index.php\/wp-json\/wp\/v2\/comments?post=21428"}],"version-history":[{"count":1,"href":"https:\/\/www.jornalcontato.com.br\/home\/index.php\/wp-json\/wp\/v2\/posts\/21428\/revisions"}],"predecessor-version":[{"id":21432,"href":"https:\/\/www.jornalcontato.com.br\/home\/index.php\/wp-json\/wp\/v2\/posts\/21428\/revisions\/21432"}],"wp:featuredmedia":[{"embeddable":true,"href":"https:\/\/www.jornalcontato.com.br\/home\/index.php\/wp-json\/wp\/v2\/media\/21431"}],"wp:attachment":[{"href":"https:\/\/www.jornalcontato.com.br\/home\/index.php\/wp-json\/wp\/v2\/media?parent=21428"}],"wp:term":[{"taxonomy":"category","embeddable":true,"href":"https:\/\/www.jornalcontato.com.br\/home\/index.php\/wp-json\/wp\/v2\/categories?post=21428"},{"taxonomy":"post_tag","embeddable":true,"href":"https:\/\/www.jornalcontato.com.br\/home\/index.php\/wp-json\/wp\/v2\/tags?post=21428"}],"curies":[{"name":"wp","href":"https:\/\/api.w.org\/{rel}","templated":true}]}}