{"id":21361,"date":"2025-02-23T08:45:03","date_gmt":"2025-02-23T11:45:03","guid":{"rendered":"https:\/\/www.jornalcontato.com.br\/home\/?p=21361"},"modified":"2025-02-23T08:49:28","modified_gmt":"2025-02-23T11:49:28","slug":"o-carnaval-e-a-farra-pos-pandemica-jc-sebe-bom-meihy","status":"publish","type":"post","link":"https:\/\/www.jornalcontato.com.br\/home\/index.php\/o-carnaval-e-a-farra-pos-pandemica-jc-sebe-bom-meihy\/","title":{"rendered":"O CARNAVAL E A FARRA P\u00d3S-PAND\u00caMICA (JC Sebe Bom Meihy)"},"content":{"rendered":"<p style=\"text-align: center;\"><em><strong>O Rio est\u00e1 mais barulhento, mais agitado e mais insano do que nunca<\/strong><\/em><\/p>\n<p>Lembro-me das primeiras surpresas como estudante de Hist\u00f3ria. \u00c9 quase um rito de passagem ouvir os professores afirmarem, com ares de mist\u00e9rio, que fazer a hist\u00f3ria do tempo presente \u00e9 mais dif\u00edcil do que evocar as civiliza\u00e7\u00f5es antigas. Como assim? Quer dizer que estudar eg\u00edpcios mumificados e mesopot\u00e2micos rabiscando tabuletas \u00e9 mais f\u00e1cil do que analisar um mundo onde temos registros digitais de absolutamente tudo? Parece brincadeira. Mas o tempo \u2013 esse cronista impiedoso \u2013 confirma que os velhos mestres t\u00eam raz\u00e3o.<\/p>\n<p>Olhando ao redor, me pergunto: como entender este mundo fren\u00e9tico? A l\u00f3gica parece ter sa\u00eddo de f\u00e9rias sem previs\u00e3o de volta, e estamos todos \u00e0 merc\u00ea de um roteiro escrito por um roteirista particularmente inspirado \u2013 e provavelmente mal-intencionado. Guerras acontecem como se fossem ofertas de liquida\u00e7\u00e3o, desastres ecol\u00f3gicos s\u00e3o tratados como notas de rodap\u00e9 e l\u00edderes pol\u00edticos mais parecem personagens de com\u00e9dia pastel\u00e3o. E, como se n\u00e3o bastasse, ainda lidamos com um fen\u00f4meno adicional: a ressaca p\u00f3s-pand\u00eamica, essa entidade estranha que tomou conta do mundo depois do apocalipse sanit\u00e1rio que nos trancafiou em casa por anos.<\/p>\n<p><a href=\"https:\/\/jornalcontato.com.br\/home\/wp-content\/uploads\/2025\/02\/representacao-do-processo-de-mumificacao-no-egito-antigo.webp\"><img loading=\"lazy\" decoding=\"async\" class=\"aligncenter size-large wp-image-21362\" src=\"https:\/\/jornalcontato.com.br\/home\/wp-content\/uploads\/2025\/02\/representacao-do-processo-de-mumificacao-no-egito-antigo-450x225.webp\" alt=\"\" width=\"450\" height=\"225\" srcset=\"https:\/\/jornalcontato.com.br\/home\/wp-content\/uploads\/2025\/02\/representacao-do-processo-de-mumificacao-no-egito-antigo-450x225.webp 450w, https:\/\/jornalcontato.com.br\/home\/wp-content\/uploads\/2025\/02\/representacao-do-processo-de-mumificacao-no-egito-antigo-300x150.webp 300w, https:\/\/jornalcontato.com.br\/home\/wp-content\/uploads\/2025\/02\/representacao-do-processo-de-mumificacao-no-egito-antigo.webp 600w\" sizes=\"auto, (max-width: 450px) 100vw, 450px\" \/><\/a><\/p>\n<p style=\"text-align: center;\"><strong>Estudar eg\u00edpcios mumificados seria mais f\u00e1cil do que analisar um mundo<\/strong><\/p>\n<p>Se algu\u00e9m me pergunta qual \u00e9 a maior consequ\u00eancia da pandemia, respondo sem hesitar: a urg\u00eancia em recuperar o tempo perdido. E como essa pressa se manifesta? Em farras colossais, viagens desenfreadas, est\u00e1dios lotados e, claro, no retorno triunfal da maior manifesta\u00e7\u00e3o de insanidade coletiva j\u00e1 registrada: o Carnaval.<\/p>\n<p>Primeiro, veio a febre das viagens. Com o fim das restri\u00e7\u00f5es sanit\u00e1rias, parece que o mundo inteiro resolve se aventurar ao mesmo tempo. As companhias a\u00e9reas, que at\u00e9 outro dia estavam \u00e0 beira da fal\u00eancia, agora vendem passagens a pre\u00e7os que fariam Marco Polo desistir da Rota da Seda. &#8220;F\u00e9rias da vingan\u00e7a&#8221;, chamam.<\/p>\n<p>Mas h\u00e1 outro setor onde a euforia p\u00f3s-pand\u00eamica encontrou terreno f\u00e9rtil: o futebol. Durante o isolamento, ver um est\u00e1dio vazio era deprimente \u2013 parecia um ensaio para um filme dist\u00f3pico de quinta categoria. Agora, os torcedores voltam como se tivessem sido libertados de um cativeiro subterr\u00e2neo.<\/p>\n<p>Os megashows tamb\u00e9m surfam nessa onda. Festivais como o Rock in Rio e o Lollapalooza vendem ingressos em tempo recorde. Cantores que passaram anos sem turn\u00ea s\u00e3o recebidos por plateias ensandecidas, e n\u00e3o \u00e9 incomum ver artistas chorando no palco, emocionados com a energia do p\u00fablico.<\/p>\n<p>Mas, se h\u00e1 uma express\u00e3o m\u00e1xima do p\u00f3s-pandemia, ela atende por um nome: Carnaval. O Carnaval sempre foi um evento grandioso, mas agora a festa ressurge com um vigor jamais visto. Parece que todo o excesso represado por anos \u00e9 despejado de uma s\u00f3 vez. Os blocos de rua, que j\u00e1 desafiavam os limites da sanidade humana, dobram de tamanho. No Rio de Janeiro, a cidade inteira vira folia ambulante. Salvador pulsa com uma energia que faz um gerador termonuclear parecer fraco.<\/p>\n<p><a href=\"https:\/\/jornalcontato.com.br\/home\/wp-content\/uploads\/2025\/02\/Estadios-vazios.jpg\"><img loading=\"lazy\" decoding=\"async\" class=\"aligncenter size-large wp-image-21363\" src=\"https:\/\/jornalcontato.com.br\/home\/wp-content\/uploads\/2025\/02\/Estadios-vazios-450x245.jpg\" alt=\"\" width=\"450\" height=\"245\" srcset=\"https:\/\/jornalcontato.com.br\/home\/wp-content\/uploads\/2025\/02\/Estadios-vazios-450x245.jpg 450w, https:\/\/jornalcontato.com.br\/home\/wp-content\/uploads\/2025\/02\/Estadios-vazios-300x164.jpg 300w, https:\/\/jornalcontato.com.br\/home\/wp-content\/uploads\/2025\/02\/Estadios-vazios.jpg 660w\" sizes=\"auto, (max-width: 450px) 100vw, 450px\" \/><\/a><\/p>\n<p style=\"text-align: center;\"><em>Est\u00e1dios vazios de p\u00fablico durante a pandemia<\/em><\/p>\n<p>As escolas de samba se preparam para um verdadeiro show de grandeza. Desfiles que j\u00e1 eram espetaculares agora t\u00eam um n\u00edvel de produ\u00e7\u00e3o digna de Hollywood. Enredos s\u00e3o pensados como nunca, fantasias brilham mais e os carros aleg\u00f3ricos desafiam todas as leis da f\u00edsica e do bom senso. Tudo para celebrar uma coisa: a sobreviv\u00eancia. O Carnaval deste ano n\u00e3o \u00e9 apenas uma festa \u2013 \u00e9 um exorcismo coletivo, uma cerim\u00f4nia de gratid\u00e3o, uma declara\u00e7\u00e3o de que estamos vivos e pretendemos aproveitar cada segundo dessa nova chance.<\/p>\n<p>Sempre acompanho a movimenta\u00e7\u00e3o carnavalesca, mas confesso: o que antes parecia exagero agora \u00e9 fichinha perto do que vejo. O Rio continua lindo, mas tamb\u00e9m est\u00e1 mais barulhento, mais agitado e mais insano do que nunca. Diria, sem medo de errar, que este p\u00f3s-pandemia ser\u00e1 estudado por historiadores do futuro como um fen\u00f4meno \u00fanico. E a n\u00f3s, no presente, incapazes de explica\u00e7\u00f5es cabe apenas exortar a festa e produzir mais elementos para a legenda que h\u00e1 de ser feita no futuro.<\/p>\n<p><a href=\"https:\/\/jornalcontato.com.br\/home\/wp-content\/uploads\/2025\/02\/Folias-de-carnaval.jpg\"><img loading=\"lazy\" decoding=\"async\" class=\"aligncenter size-large wp-image-21364\" src=\"https:\/\/jornalcontato.com.br\/home\/wp-content\/uploads\/2025\/02\/Folias-de-carnaval-450x300.jpg\" alt=\"\" width=\"450\" height=\"300\" srcset=\"https:\/\/jornalcontato.com.br\/home\/wp-content\/uploads\/2025\/02\/Folias-de-carnaval-450x300.jpg 450w, https:\/\/jornalcontato.com.br\/home\/wp-content\/uploads\/2025\/02\/Folias-de-carnaval-300x200.jpg 300w, https:\/\/jornalcontato.com.br\/home\/wp-content\/uploads\/2025\/02\/Folias-de-carnaval-768x512.jpg 768w, https:\/\/jornalcontato.com.br\/home\/wp-content\/uploads\/2025\/02\/Folias-de-carnaval.jpg 1100w\" sizes=\"auto, (max-width: 450px) 100vw, 450px\" \/><\/a><\/p>\n<p style=\"text-align: center;\"><em><strong>O que antes parecia exagero agora \u00e9 fichinha perto do que vejo<\/strong><\/em><\/p>\n<p>Mas, no fim das contas, o que resta \u00e9 uma sensa\u00e7\u00e3o predominante de gratid\u00e3o. Depois de tempos t\u00e3o dif\u00edceis, poder estar no meio de uma multid\u00e3o, gritar um gol no est\u00e1dio, cantar em um show lotado ou pular Carnaval com os amigos n\u00e3o \u00e9 apenas divers\u00e3o \u2013 \u00e9 um ato de resist\u00eancia, uma celebra\u00e7\u00e3o da vida. O mundo volta a girar, e ningu\u00e9m quer perder um segundo sequer dessa nova fase. Afinal, se aprendemos algo nos \u00faltimos anos, \u00e9 que o tempo \u00e9 valioso demais para ser desperdi\u00e7ado. Ent\u00e3o, que venham os blocos, os sambas, os abra\u00e7os apertados e os confetes jogados ao vento \u2013 porque a vida, agora mais do que nunca, pede passagem. Evo\u00e9 Baco&#8230; Ax\u00e9, minha gente&#8230;<\/p>\n","protected":false},"excerpt":{"rendered":"<p>O Rio est\u00e1 mais barulhento, mais agitado e mais insano do que nunca Lembro-me das primeiras surpresas como estudante de Hist\u00f3ria. \u00c9 quase um rito &#8230;<\/p>\n","protected":false},"author":1,"featured_media":21365,"comment_status":"open","ping_status":"open","sticky":false,"template":"","format":"standard","meta":{"footnotes":""},"categories":[1],"tags":[],"class_list":["post-21361","post","type-post","status-publish","format-standard","has-post-thumbnail","hentry","category-nacional"],"_links":{"self":[{"href":"https:\/\/www.jornalcontato.com.br\/home\/index.php\/wp-json\/wp\/v2\/posts\/21361","targetHints":{"allow":["GET"]}}],"collection":[{"href":"https:\/\/www.jornalcontato.com.br\/home\/index.php\/wp-json\/wp\/v2\/posts"}],"about":[{"href":"https:\/\/www.jornalcontato.com.br\/home\/index.php\/wp-json\/wp\/v2\/types\/post"}],"author":[{"embeddable":true,"href":"https:\/\/www.jornalcontato.com.br\/home\/index.php\/wp-json\/wp\/v2\/users\/1"}],"replies":[{"embeddable":true,"href":"https:\/\/www.jornalcontato.com.br\/home\/index.php\/wp-json\/wp\/v2\/comments?post=21361"}],"version-history":[{"count":3,"href":"https:\/\/www.jornalcontato.com.br\/home\/index.php\/wp-json\/wp\/v2\/posts\/21361\/revisions"}],"predecessor-version":[{"id":21368,"href":"https:\/\/www.jornalcontato.com.br\/home\/index.php\/wp-json\/wp\/v2\/posts\/21361\/revisions\/21368"}],"wp:featuredmedia":[{"embeddable":true,"href":"https:\/\/www.jornalcontato.com.br\/home\/index.php\/wp-json\/wp\/v2\/media\/21365"}],"wp:attachment":[{"href":"https:\/\/www.jornalcontato.com.br\/home\/index.php\/wp-json\/wp\/v2\/media?parent=21361"}],"wp:term":[{"taxonomy":"category","embeddable":true,"href":"https:\/\/www.jornalcontato.com.br\/home\/index.php\/wp-json\/wp\/v2\/categories?post=21361"},{"taxonomy":"post_tag","embeddable":true,"href":"https:\/\/www.jornalcontato.com.br\/home\/index.php\/wp-json\/wp\/v2\/tags?post=21361"}],"curies":[{"name":"wp","href":"https:\/\/api.w.org\/{rel}","templated":true}]}}