{"id":21319,"date":"2025-02-02T08:43:39","date_gmt":"2025-02-02T11:43:39","guid":{"rendered":"https:\/\/www.jornalcontato.com.br\/home\/?p=21319"},"modified":"2025-02-02T08:43:39","modified_gmt":"2025-02-02T11:43:39","slug":"anatomia-de-um-bom-feriado-jc-sebe-bom-meihy","status":"publish","type":"post","link":"https:\/\/www.jornalcontato.com.br\/home\/index.php\/anatomia-de-um-bom-feriado-jc-sebe-bom-meihy\/","title":{"rendered":"ANATOMIA DE UM BOM FERIADO! (JC Sebe Bom Meihy)"},"content":{"rendered":"<p style=\"text-align: center;\"><em><strong>Um fim de semana &#8220;tranquilo&#8221; na praia Grande em Ubatuba<\/strong><\/em><\/p>\n<p>Com a virada do ano e a euforia do Carnaval se aproximando, resolvi juntar as duas datas para refletir sobre um tema eterno: feriados! A pergunta que n\u00e3o quer calar \u00e9: como conseguimos equilibrar o trabalho e o \u00f3cio sem parecer que estamos sempre correndo de um para o outro? A linha entre eles \u00e9 t\u00e3o fina que mais parece um fio de cabelo, e tentamos atravess\u00e1-la com a gra\u00e7a de um equilibrista sem treino.<\/p>\n<p>O trabalho, em teoria, deveria ser aquele momento produtivo da nossa rotina, em que, como super-her\u00f3is, garantimos que o mundo continue girando. Mas, ao investigarmos a origem da palavra \u201ctrabalho\u201d (um lembrete do latim, com o tripalium, um instrumento de tortura), a coisa come\u00e7a a parecer suspeita. Sim, era um dispositivo medieval usado para prender escravos! Desde os tempos antigos, trabalho era sin\u00f4nimo de sobreviv\u00eancia, suor e, muitas vezes, sofrimento. Convenhamos: n\u00e3o \u00e9 exatamente nossa defini\u00e7\u00e3o moderna de prazer, certo?<\/p>\n<p><a href=\"https:\/\/jornalcontato.com.br\/home\/wp-content\/uploads\/2025\/02\/Tripalium.jpeg\"><img loading=\"lazy\" decoding=\"async\" class=\"aligncenter size-large wp-image-21320\" src=\"https:\/\/jornalcontato.com.br\/home\/wp-content\/uploads\/2025\/02\/Tripalium-377x450.jpeg\" alt=\"\" width=\"377\" height=\"450\" srcset=\"https:\/\/jornalcontato.com.br\/home\/wp-content\/uploads\/2025\/02\/Tripalium-377x450.jpeg 377w, https:\/\/jornalcontato.com.br\/home\/wp-content\/uploads\/2025\/02\/Tripalium-251x300.jpeg 251w, https:\/\/jornalcontato.com.br\/home\/wp-content\/uploads\/2025\/02\/Tripalium.jpeg 475w\" sizes=\"auto, (max-width: 377px) 100vw, 377px\" \/><\/a><\/p>\n<p>Se o trabalho pode ser um peso (ainda que, vez ou outra, tenha suas vantagens), o \u00f3cio surge como uma esp\u00e9cie de salvador \u2014 ou, pelo menos, tenta. No mundo antigo, o \u00f3cio, chamado de <em>skhol\u00e8<\/em> em grego (sim, de onde vem \u201cescola\u201d), era um privil\u00e9gio dos intelectuais, que sabiam aproveitar esse tempo para pensar, descansar e ter ideias geniais. Hoje, um dia de \u00f3cio \u00e9 praticamente um luxo supremo. Quem nunca sonhou com um feriado perfeito \u2014 aquele dia que come\u00e7a com caf\u00e9 na cama e termina com a mente flutuando, livre de preocupa\u00e7\u00f5es?<\/p>\n<p>O problema \u00e9 que temos um talento especial para transformar feriados em pequenos infernos log\u00edsticos. Decidimos ir \u00e0 praia no \u00fanico dia em que metade da cidade teve a mesma ideia; enfrentamos filas quilom\u00e9tricas para shows nos quais mal conseguimos enxergar o palco; ou planejamos viagens rel\u00e2mpago que se transformam em maratonas de estresse e perrengues. Parece que confundimos descanso com cumprir um cronograma de divers\u00e3o exaustiva.<\/p>\n<p>Talvez o segredo de um feriado realmente proveitoso esteja menos nos planos grandiosos e mais na capacidade de desacelerar. N\u00e3o h\u00e1 nada de errado em ficar em casa, curtindo a tranquilidade, lendo um bom livro ou fazendo um passeio sem pressa pelo bairro. O verdadeiro luxo do \u00f3cio moderno talvez seja esse: aprender a resistir \u00e0 tenta\u00e7\u00e3o de encher o dia de compromissos e descobrir que, \u00e0s vezes, n\u00e3o fazer nada \u00e9 fazer tudo.<\/p>\n<p><a href=\"https:\/\/jornalcontato.com.br\/home\/wp-content\/uploads\/2025\/02\/Passeio-pelo-bairro.webp\"><img loading=\"lazy\" decoding=\"async\" class=\"aligncenter size-full wp-image-21321\" src=\"https:\/\/jornalcontato.com.br\/home\/wp-content\/uploads\/2025\/02\/Passeio-pelo-bairro.webp\" alt=\"\" width=\"400\" height=\"278\" srcset=\"https:\/\/jornalcontato.com.br\/home\/wp-content\/uploads\/2025\/02\/Passeio-pelo-bairro.webp 400w, https:\/\/jornalcontato.com.br\/home\/wp-content\/uploads\/2025\/02\/Passeio-pelo-bairro-300x209.webp 300w\" sizes=\"auto, (max-width: 400px) 100vw, 400px\" \/><\/a><\/p>\n<p>E os feriados? Ah, esses vivem no centro dessa batalha entre trabalho e descanso. S\u00e3o como um intervalo estrat\u00e9gico no jogo da vida: curtos o suficiente para sentirmos falta e longos o bastante para reaprendermos a descansar. Mas a\u00ed vem a pergunta: ser\u00e1 que realmente usamos essas pausas para desconectar? Ou estamos apenas substituindo uma correria por outra?<\/p>\n<p>Infelizmente, para muitos, feriado \u00e9 sin\u00f4nimo de &#8220;colocar tarefas em dia&#8221;. Parece fuga da rotina, mas, no fundo, acaba sendo mais trabalho. Isso levanta uma quest\u00e3o existencial: estamos realmente descansando ou apenas adiando o inevit\u00e1vel?<\/p>\n<p>E se o descanso se estendesse indefinidamente? Embora a ideia de f\u00e9rias eternas pare\u00e7a tentadora, sabemos que o equil\u00edbrio \u00e9 a chave. O trabalho precisa do \u00f3cio para fazer sentido, e o \u00f3cio depende do trabalho para ser saboreado. Imagine se a vida fosse s\u00f3 trabalho \u2014 terr\u00edvel, n\u00e3o? Por outro lado, viver apenas no descanso tamb\u00e9m n\u00e3o funciona. O segredo est\u00e1 em encontrar um ritmo e, de vez em quando, dar um passinho extra na dire\u00e7\u00e3o do descanso sem culpa.<\/p>\n<p><a href=\"https:\/\/jornalcontato.com.br\/home\/wp-content\/uploads\/2025\/02\/Seneca-Sobre-o-ocio.jpg\"><img loading=\"lazy\" decoding=\"async\" class=\"aligncenter size-large wp-image-21322\" src=\"https:\/\/jornalcontato.com.br\/home\/wp-content\/uploads\/2025\/02\/Seneca-Sobre-o-ocio-338x450.jpg\" alt=\"\" width=\"338\" height=\"450\" srcset=\"https:\/\/jornalcontato.com.br\/home\/wp-content\/uploads\/2025\/02\/Seneca-Sobre-o-ocio-338x450.jpg 338w, https:\/\/jornalcontato.com.br\/home\/wp-content\/uploads\/2025\/02\/Seneca-Sobre-o-ocio-225x300.jpg 225w, https:\/\/jornalcontato.com.br\/home\/wp-content\/uploads\/2025\/02\/Seneca-Sobre-o-ocio.jpg 750w\" sizes=\"auto, (max-width: 338px) 100vw, 338px\" \/><\/a><\/p>\n<p>Por isso, feriados s\u00e3o mais do que pausas na rotina acelerada. S\u00e3o lembretes de que, por mais necess\u00e1rio que seja o trabalho, o \u00f3cio tem seu valor. Quem sabe, ao fazer as pazes com esse equil\u00edbrio, possamos viver com mais leveza, humor e, por que n\u00e3o, esperan\u00e7a? Afinal, viver bem n\u00e3o \u00e9 s\u00f3 ser produtivo. \u00c9 saber quando parar, descansar e se reconectar com a simplicidade do &#8220;n\u00e3o fazer nada&#8221; \u2014 e fazer isso com estilo!<\/p>\n","protected":false},"excerpt":{"rendered":"<p>Um fim de semana &#8220;tranquilo&#8221; na praia Grande em Ubatuba Com a virada do ano e a euforia do Carnaval se aproximando, resolvi juntar as &#8230;<\/p>\n","protected":false},"author":1,"featured_media":21323,"comment_status":"open","ping_status":"open","sticky":false,"template":"","format":"standard","meta":{"footnotes":""},"categories":[1],"tags":[],"class_list":["post-21319","post","type-post","status-publish","format-standard","has-post-thumbnail","hentry","category-nacional"],"_links":{"self":[{"href":"https:\/\/www.jornalcontato.com.br\/home\/index.php\/wp-json\/wp\/v2\/posts\/21319","targetHints":{"allow":["GET"]}}],"collection":[{"href":"https:\/\/www.jornalcontato.com.br\/home\/index.php\/wp-json\/wp\/v2\/posts"}],"about":[{"href":"https:\/\/www.jornalcontato.com.br\/home\/index.php\/wp-json\/wp\/v2\/types\/post"}],"author":[{"embeddable":true,"href":"https:\/\/www.jornalcontato.com.br\/home\/index.php\/wp-json\/wp\/v2\/users\/1"}],"replies":[{"embeddable":true,"href":"https:\/\/www.jornalcontato.com.br\/home\/index.php\/wp-json\/wp\/v2\/comments?post=21319"}],"version-history":[{"count":1,"href":"https:\/\/www.jornalcontato.com.br\/home\/index.php\/wp-json\/wp\/v2\/posts\/21319\/revisions"}],"predecessor-version":[{"id":21324,"href":"https:\/\/www.jornalcontato.com.br\/home\/index.php\/wp-json\/wp\/v2\/posts\/21319\/revisions\/21324"}],"wp:featuredmedia":[{"embeddable":true,"href":"https:\/\/www.jornalcontato.com.br\/home\/index.php\/wp-json\/wp\/v2\/media\/21323"}],"wp:attachment":[{"href":"https:\/\/www.jornalcontato.com.br\/home\/index.php\/wp-json\/wp\/v2\/media?parent=21319"}],"wp:term":[{"taxonomy":"category","embeddable":true,"href":"https:\/\/www.jornalcontato.com.br\/home\/index.php\/wp-json\/wp\/v2\/categories?post=21319"},{"taxonomy":"post_tag","embeddable":true,"href":"https:\/\/www.jornalcontato.com.br\/home\/index.php\/wp-json\/wp\/v2\/tags?post=21319"}],"curies":[{"name":"wp","href":"https:\/\/api.w.org\/{rel}","templated":true}]}}