{"id":21189,"date":"2024-10-21T14:03:13","date_gmt":"2024-10-21T17:03:13","guid":{"rendered":"https:\/\/www.jornalcontato.com.br\/home\/?p=21189"},"modified":"2024-10-21T14:03:13","modified_gmt":"2024-10-21T17:03:13","slug":"encruzilhada-invisivel-mas-previsivel-paulo-de-tarso","status":"publish","type":"post","link":"https:\/\/www.jornalcontato.com.br\/home\/index.php\/encruzilhada-invisivel-mas-previsivel-paulo-de-tarso\/","title":{"rendered":"Encruzilhada invis\u00edvel mas previs\u00edvel (Paulo de Tarso)"},"content":{"rendered":"<p style=\"text-align: center;\"><em><strong>A derrota anunciada de Guilherme Boulos poder\u00e1 marcar o in\u00edcio de um novo tempo. Nunca \u00e9 tarde demais. Mas insistir nos erros e fracassos pode ser um grave sintoma de burrice pol\u00edtica. Pablo Mar\u00e7al pode ajudar a encontrar novos rumos. Tomara que os novos rumos n\u00e3o sejam apenas um traque.<\/strong><\/em><\/p>\n<p>\u00a0\u00a0\u00a0\u00a0\u00a0\u00a0\u00a0\u00a0\u00a0\u00a0\u00a0\u00a0\u00a0\u00a0 A semana que antecede o segundo turno na elei\u00e7\u00e3o paulistana traz um alerta com uma pergunta espinhosa: ser\u00e1 que n\u00e3o teria chegado atrasada a autocr\u00edtica ensaiada por Boulos quando afirmou: \u201cN\u00f3s n\u00e3o dialogamos com um setor importante dos trabalhadores (&#8230;) a esquerda \u201cdeixou de falar\u201d com eleitores que desistiram do emprego formal para \u201cbuscar sua prosperidade de outra forma, por conta pr\u00f3pria\u201d. \u201cNa aus\u00eancia de di\u00e1logo com este segmento, a extrema direita ocupou o espa\u00e7o\u201d (Bernardo Mello Franco, O Globo 20 outubro)<\/p>\n<p>Os sintomas detectados desde as elei\u00e7\u00f5es de 2016 eram t\u00e3o evidentes que as cabe\u00e7as mais pensantes do Partido dos Trabalhadores aprovaram a realiza\u00e7\u00e3o da pesquisa \u201cPercep\u00e7\u00f5es e valores pol\u00edticos nas periferias de S\u00e3o Paulo\u201d pela Funda\u00e7\u00e3o Perseu Abramo. O mundo mudou. Os conceitos marxistas como luta de classes, proletariado, entre outros precisam ser atualizados. A base social da esquerda n\u00e3o \u00e9 mais formada por oper\u00e1rios da grande ind\u00fastria.<\/p>\n<p style=\"text-align: center;\"><a href=\"https:\/\/jornalcontato.com.br\/home\/wp-content\/uploads\/2024\/10\/Antonio-Gramsci.webp\"><img loading=\"lazy\" decoding=\"async\" class=\"aligncenter size-large wp-image-21191\" src=\"https:\/\/jornalcontato.com.br\/home\/wp-content\/uploads\/2024\/10\/Antonio-Gramsci-450x236.webp\" alt=\"\" width=\"450\" height=\"236\" srcset=\"https:\/\/jornalcontato.com.br\/home\/wp-content\/uploads\/2024\/10\/Antonio-Gramsci-450x236.webp 450w, https:\/\/jornalcontato.com.br\/home\/wp-content\/uploads\/2024\/10\/Antonio-Gramsci-300x157.webp 300w, https:\/\/jornalcontato.com.br\/home\/wp-content\/uploads\/2024\/10\/Antonio-Gramsci-768x402.webp 768w, https:\/\/jornalcontato.com.br\/home\/wp-content\/uploads\/2024\/10\/Antonio-Gramsci.webp 1200w\" sizes=\"auto, (max-width: 450px) 100vw, 450px\" \/><\/a>\u00a0 \u00a0 \u00a0 \u00a0 \u00a0 \u00a0<em><strong>Antonio Gramsci virou leitura obrigat\u00f3ria para os militares golpista<\/strong><\/em><\/p>\n<p>\u00a0 \u00a0 \u00a0 \u00a0 \u00a0 \u00a0 \u00a0 \u00a0 Os segmentos militares golpistas se preparam para os novos tempos desde que foi tomada a decis\u00e3o de entregar o governo para os civis. J\u00e1 existe vasta literatura que mostra como os ide\u00f3logos da caserna passaram a estudar te\u00f3ricos marxistas. Antonio Gramsci provavelmente \u00e9 o mais estudado, principalmente a parte que se refere ao papel do Estado nas sociedades ocidentais e o papel de suas institui\u00e7\u00f5es culturais para conservar o poder. O falecido Olavo de Carvalho elegeu o italiano como o maior perigo para o que chamava de for\u00e7as democr\u00e1ticas.<\/p>\n<p>As conclus\u00f5es da Funda\u00e7\u00e3o Perseu Abramo em 2017 alertavam os petistas para uma transforma\u00e7\u00e3o em sua base social. A \u201cideologia do m\u00e9rito\u201d e a teologia da prosperidade propagadas pela grande m\u00eddia e por pastores evang\u00e9licos haviam vencido aquela batalha. A luta de classes foi reduzida ao confronto entre Estado e cidad\u00e3o e deixado de ser entre ricos e pobres, entre capital e trabalho.<\/p>\n<p><a href=\"https:\/\/jornalcontato.com.br\/home\/wp-content\/uploads\/2024\/10\/Jr-e-Sergio.jpeg\"><img loading=\"lazy\" decoding=\"async\" class=\"aligncenter size-full wp-image-21192\" src=\"https:\/\/jornalcontato.com.br\/home\/wp-content\/uploads\/2024\/10\/Jr-e-Sergio.jpeg\" alt=\"\" width=\"299\" height=\"168\" \/><\/a><\/p>\n<p style=\"text-align: center;\">\u00a0 \u00a0 \u00a0 \u00a0 \u00a0 \u00a0 \u00a0<em><strong>Ortiz Jr e S\u00e9rgio Victor, que reproduz o M exibido pelo coach derrotado em Sampa<\/strong><\/em><\/p>\n<p>\u00a0 \u00a0 \u00a0 \u00a0 \u00a0 \u00a0 \u00a0 \u00a0 \u00a0A prega\u00e7\u00e3o liberal teria seduzido trabalhadores aut\u00f4nomos ou prec\u00e1rios, que passavam a se identificar como empreendedores. Prevalece o discurso propagado pelas elites e pelas classes m\u00e9dias apontando a burocracia e os altos impostos como empecilhos ao empreendedorismo. Esse mantra \u00e9 repetido <em>ad nauseam. <\/em>A esquerda n\u00e3o tomou conhecimento. Prevaleceu a ortodoxia dogm\u00e1tica. O impeachment de Dilma e a pris\u00e3o de Lula podem e devem ter contribu\u00eddo para a aus\u00eancia de avalia\u00e7\u00f5es mais consistentes. Mas a extrema direita n\u00e3o deu folga.<\/p>\n<p>Venceu a l\u00f3gica individualista que move o sonho de enriquecer, a ascens\u00e3o social \u00e0 disciplina e \u00e0 for\u00e7a de vontade. Conceitos de pol\u00edticas p\u00fablicas foram postos de lado porque o p\u00fablico deixou de ser o que pertence a todos e o que \u00e9 gratuito \u00e9 de m\u00e1 qualidade.<\/p>\n<p>A pesquisa foi al\u00e9m ao sugerir que, sem abrir m\u00e3o de seus valores, a esquerda precisava \u201cproduzir narrativas mais consistentes e menos manique\u00edstas ou pejorativas\u201d sobre temas como fam\u00edlia, religi\u00e3o e seguran\u00e7a. Bingo! S\u00f3 que o aviso de 2017 de nada serviu para entender a elei\u00e7\u00e3o de 2024. Mar\u00e7al, por acaso, ficou fora do segundo turno na capital, mas promete disputar a presid\u00eancia de 2026, enquanto seus seguidores repetem seu discurso em outros centros como Taubat\u00e9.<\/p>\n<p><a href=\"https:\/\/jornalcontato.com.br\/home\/wp-content\/uploads\/2024\/10\/Marcia-e-Bolsonaro.jpeg\"><img loading=\"lazy\" decoding=\"async\" class=\"aligncenter size-large wp-image-21193\" src=\"https:\/\/jornalcontato.com.br\/home\/wp-content\/uploads\/2024\/10\/Marcia-e-Bolsonaro-450x285.jpeg\" alt=\"\" width=\"450\" height=\"285\" srcset=\"https:\/\/jornalcontato.com.br\/home\/wp-content\/uploads\/2024\/10\/Marcia-e-Bolsonaro-450x285.jpeg 450w, https:\/\/jornalcontato.com.br\/home\/wp-content\/uploads\/2024\/10\/Marcia-e-Bolsonaro-300x190.jpeg 300w, https:\/\/jornalcontato.com.br\/home\/wp-content\/uploads\/2024\/10\/Marcia-e-Bolsonaro.jpeg 647w\" sizes=\"auto, (max-width: 450px) 100vw, 450px\" \/><\/a><\/p>\n<p style=\"text-align: center;\">\u00a0 \u00a0 \u00a0<em><strong>M\u00e1rcia Elisa do PL com Bolsonaro, derrotados pelo representante do coach<\/strong><\/em><\/p>\n<p>\u00a0 \u00a0 \u00a0 \u00a0 \u00a0 \u00a0 \u00a0Em Sampa, o candidato que vende cursos sobre a \u201carte de prosperar\u201d faturou 28% dos votos. \u00c9 improv\u00e1vel que Boulos consiga se aproximar dos eleitores do coach com promessas de \u00faltima hora, como a isen\u00e7\u00e3o de rod\u00edzio para motoristas de aplicativo.<\/p>\n<p>Em Taubat\u00e9, o seguidor do coach derrotou a candidata aben\u00e7oada pelo ex-presidente e pelo presidente de seu partido, o PL, e transformou a elei\u00e7\u00e3o em disputa entre dois candidatos da mesma cepa. As diverg\u00eancias aparentam ser frutos de vaidades pessoais do que disputas pol\u00edticas s\u00e9rias e consistentes. Nada mais.<\/p>\n<p>Oremos!!!<\/p>\n","protected":false},"excerpt":{"rendered":"<p>A derrota anunciada de Guilherme Boulos poder\u00e1 marcar o in\u00edcio de um novo tempo. Nunca \u00e9 tarde demais. Mas insistir nos erros e fracassos pode &#8230;<\/p>\n","protected":false},"author":1,"featured_media":21190,"comment_status":"open","ping_status":"open","sticky":false,"template":"","format":"standard","meta":{"footnotes":""},"categories":[1],"tags":[],"class_list":["post-21189","post","type-post","status-publish","format-standard","has-post-thumbnail","hentry","category-nacional"],"_links":{"self":[{"href":"https:\/\/www.jornalcontato.com.br\/home\/index.php\/wp-json\/wp\/v2\/posts\/21189","targetHints":{"allow":["GET"]}}],"collection":[{"href":"https:\/\/www.jornalcontato.com.br\/home\/index.php\/wp-json\/wp\/v2\/posts"}],"about":[{"href":"https:\/\/www.jornalcontato.com.br\/home\/index.php\/wp-json\/wp\/v2\/types\/post"}],"author":[{"embeddable":true,"href":"https:\/\/www.jornalcontato.com.br\/home\/index.php\/wp-json\/wp\/v2\/users\/1"}],"replies":[{"embeddable":true,"href":"https:\/\/www.jornalcontato.com.br\/home\/index.php\/wp-json\/wp\/v2\/comments?post=21189"}],"version-history":[{"count":1,"href":"https:\/\/www.jornalcontato.com.br\/home\/index.php\/wp-json\/wp\/v2\/posts\/21189\/revisions"}],"predecessor-version":[{"id":21194,"href":"https:\/\/www.jornalcontato.com.br\/home\/index.php\/wp-json\/wp\/v2\/posts\/21189\/revisions\/21194"}],"wp:featuredmedia":[{"embeddable":true,"href":"https:\/\/www.jornalcontato.com.br\/home\/index.php\/wp-json\/wp\/v2\/media\/21190"}],"wp:attachment":[{"href":"https:\/\/www.jornalcontato.com.br\/home\/index.php\/wp-json\/wp\/v2\/media?parent=21189"}],"wp:term":[{"taxonomy":"category","embeddable":true,"href":"https:\/\/www.jornalcontato.com.br\/home\/index.php\/wp-json\/wp\/v2\/categories?post=21189"},{"taxonomy":"post_tag","embeddable":true,"href":"https:\/\/www.jornalcontato.com.br\/home\/index.php\/wp-json\/wp\/v2\/tags?post=21189"}],"curies":[{"name":"wp","href":"https:\/\/api.w.org\/{rel}","templated":true}]}}