{"id":21141,"date":"2024-09-15T09:10:00","date_gmt":"2024-09-15T12:10:00","guid":{"rendered":"https:\/\/www.jornalcontato.com.br\/home\/?p=21141"},"modified":"2024-09-15T09:10:00","modified_gmt":"2024-09-15T12:10:00","slug":"o-amarelo-deste-setembro-jc-sebe-bom-meihy","status":"publish","type":"post","link":"https:\/\/www.jornalcontato.com.br\/home\/index.php\/o-amarelo-deste-setembro-jc-sebe-bom-meihy\/","title":{"rendered":"O AMARELO DESTE SETEMBRO (JC Sebe Bom Meihy)"},"content":{"rendered":"<p style=\"text-align: right;\"><strong>Para Abr\u00e3o, Ana L\u00facia e Edmauro<\/strong><\/p>\n<p><strong>\u00a0<\/strong>Na abertura deste m\u00eas estranho, tempo indeciso entre um inverno que n\u00e3o veio e um ver\u00e3o amea\u00e7ador &#8211; como se n\u00e3o houvesse lugar para a primavera prometida &#8211; algu\u00e9m de minha intimidade olhou fundo nos meus olhos e deferiu uma flechada fatal: que espera deste m\u00eas? Pois \u00e9, essa seria mais uma daquelas perguntas que, buscando sa\u00eddas, se bifurcam entre um escorregadio \u201csei l\u00e1, n\u00e3o pensei no caso\u201d, ou, outro caminho mais introspectivo, \u201c\u00e9 um momento de recolha e avalia\u00e7\u00e3o\u201d. Sem ser metade, a localiza\u00e7\u00e3o setembrina no calend\u00e1rio sugere um respiro: oito meses passados e que fizemos dos planos de ano novo? No mesmo impulso caberia um alento: ainda d\u00e1 tempo para salvar os prop\u00f3sitos n\u00e3o satisfeitos. E n\u00e3o foi por acaso que depois, sozinho, eu comigo mesmo, me vi recolhido em busca de respostas mais profundas. O que esperar deste setembro?<\/p>\n<p>Como sempre acontece, sondei respostas consoladoras. E logo busquei alguma trilha sonora para me acompanhar e assim foi f\u00e1cil chegar a um site sugestivo \u201csetembro amarelo: 50 m\u00fasicas para aquecer a alma; ou\u00e7a <em>playlist<\/em>\u201d. Devo dizer que acessei com certa cerim\u00f4nia, como quem pede licen\u00e7a e se despe para uma purifica\u00e7\u00e3o necess\u00e1ria. E ent\u00e3o teclei <a href=\"https:\/\/www2.ufjf.br\/noticias\/2018\/09\/25\/setembro-amarelo-50-musicas-para-aquecer-a-alma-ouca-playlist\/\">https:\/\/www2.ufjf.br\/noticias\/2018\/09\/25\/setembro-amarelo-50-musicas-para-aquecer-a-alma-ouca-playlist\/<\/a>. De repente, perdido entre melodias e letras, se anunciava uma resposta, ou melhor, algumas, afinal conclu\u00eda que n\u00e3o era s\u00f3 para mim que setembro se expressava problem\u00e1tico e carente de sentido. A men\u00e7\u00e3o a \u201csetembro amarelo\u201d dizia muito, \u201cm\u00eas de preven\u00e7\u00e3o ao suic\u00eddio\u201d. Tr\u00eas amigos sens\u00edveis j\u00e1 haviam postado algo referente a isso em uma rede social e a combina\u00e7\u00e3o de \u201calerta\u201d com \u201cmelancolia\u201d me induzia a nova investida: por que setembro fora escolhido como m\u00eas dedicado a esse tema? E a tal <em>playlist<\/em> fazia sentido. Doloroso sentido, diga-se. Setembro amarelo&#8230;<\/p>\n<p><a href=\"https:\/\/jornalcontato.com.br\/home\/wp-content\/uploads\/2024\/09\/Bilhete-Virginia-Woolf.jpg\"><img loading=\"lazy\" decoding=\"async\" class=\"aligncenter size-large wp-image-21143\" src=\"https:\/\/jornalcontato.com.br\/home\/wp-content\/uploads\/2024\/09\/Bilhete-Virginia-Woolf-310x450.jpg\" alt=\"\" width=\"310\" height=\"450\" srcset=\"https:\/\/jornalcontato.com.br\/home\/wp-content\/uploads\/2024\/09\/Bilhete-Virginia-Woolf-310x450.jpg 310w, https:\/\/jornalcontato.com.br\/home\/wp-content\/uploads\/2024\/09\/Bilhete-Virginia-Woolf-207x300.jpg 207w, https:\/\/jornalcontato.com.br\/home\/wp-content\/uploads\/2024\/09\/Bilhete-Virginia-Woolf.jpg 480w\" sizes=\"auto, (max-width: 310px) 100vw, 310px\" \/><\/a><\/p>\n<p style=\"text-align: center;\"><em><strong>Manuscrito de Virginia Woolf em que anuncia seu suic\u00eddio<\/strong><\/em><\/p>\n<p>Inquieto, despertei meu lado indagador e joguei sonda no passado. Devo dizer que, para tanto, na liturgia daquele exato instante, dispensei lembran\u00e7as de tantos livros importantes, estudos s\u00e9rios resultantes de pesquisas. O enredo que buscava era mais simples, sentimental, algo mais afeito \u00e0 mem\u00f3ria do que propriamente \u00e0 ci\u00eancia ou literatura. E foi assim que tr\u00eas suic\u00eddios famosos me vieram \u00e0 lembran\u00e7a: o de S\u00f3crates convidado a tomar cicuta por suas ideias, o de Cat\u00e3o que para defender suas ideias de rep\u00fablica, depois de se ferir sem chegar a morte, com as m\u00e3os, arrancou as pr\u00f3prias entranhas e de Virginia Woolf que colocou pedras no casaco e atirou-se na correnteza de um rio. Mas essas mortes espetaculosas mais me pareceram alegorias tr\u00e1gicas que se esgotam em fins romantizados ou heroicos. Num repente inesperado, voltou-me condena\u00e7\u00e3o feita por Santo Agostinho, no s\u00e9culo V, atribuindo pecado \u00e0s mortes autoprovocadas. E como sempre me entriste\u00e7o com as condena\u00e7\u00f5es que segregam quem assume tais op\u00e7\u00f5es como se fossem banais, covardes, fora de l\u00f3gicas. E \u00e9 preciso estarrecer continuadamente quando contamos cerca de 700 mil dessas mortes no mundo e mais ainda quando constatamos que no Brasil, em m\u00e9dia, 13 mil pessoas correm da vida.<\/p>\n<p><a href=\"https:\/\/jornalcontato.com.br\/home\/wp-content\/uploads\/2024\/09\/Virginia_Woolf_sat_Monks_house.jpg\"><img loading=\"lazy\" decoding=\"async\" class=\"aligncenter size-large wp-image-21142\" src=\"https:\/\/jornalcontato.com.br\/home\/wp-content\/uploads\/2024\/09\/Virginia_Woolf_sat_Monks_house-450x300.jpg\" alt=\"\" width=\"450\" height=\"300\" srcset=\"https:\/\/jornalcontato.com.br\/home\/wp-content\/uploads\/2024\/09\/Virginia_Woolf_sat_Monks_house-450x300.jpg 450w, https:\/\/jornalcontato.com.br\/home\/wp-content\/uploads\/2024\/09\/Virginia_Woolf_sat_Monks_house-300x200.jpg 300w, https:\/\/jornalcontato.com.br\/home\/wp-content\/uploads\/2024\/09\/Virginia_Woolf_sat_Monks_house-768x512.jpg 768w, https:\/\/jornalcontato.com.br\/home\/wp-content\/uploads\/2024\/09\/Virginia_Woolf_sat_Monks_house.jpg 782w\" sizes=\"auto, (max-width: 450px) 100vw, 450px\" \/><\/a><\/p>\n<p style=\"text-align: center;\"><em><strong>Cartas e di\u00e1rios da escritora inspiram estudos<\/strong><\/em><\/p>\n<p>E quantos setembros correram calend\u00e1rio afora at\u00e9 que chegasse 1994, ano em que a hist\u00f3ria de um jovem norte-americano de 17 anos, Michael Emme, rapaz cordato, benquisto e sem problemas aparentes, depois de reconstruir um carro velho e abandonado, dando acabamento amarelo ao ve\u00edculo restaurado, sentou-se \u00e0 dire\u00e7\u00e3o e tirou a vida com um tiro definitivo. A surpresa dessa trama aturdiu familiares, vizinhos, colegas que se viram incapazes de perceber a dor incontida. No Brasil, em 2015, um grupo de volunt\u00e1rios do Centro de Valoriza\u00e7\u00e3o da Vida (CVV), juntamente com outras institui\u00e7\u00f5es, deu forma a uma proposta que atende 24 horas por dia pelo telefone 188 &#8211; e tamb\u00e9m por chat de\u00a0domlngo das 17h \u00e0 01h, de Segunda a Quinta das 09h \u00e0 01h, Sexta das 15h \u00e0s 23h, S\u00e1bado das 16h \u00e0 01h. \u00c9 s\u00f3 ligar, anonimato garantido e gr\u00e1tis.<\/p>\n<p><a href=\"https:\/\/jornalcontato.com.br\/home\/wp-content\/uploads\/2024\/09\/VC-nao-esta-sozinho.jpeg\"><img loading=\"lazy\" decoding=\"async\" class=\"aligncenter size-large wp-image-21144\" src=\"https:\/\/jornalcontato.com.br\/home\/wp-content\/uploads\/2024\/09\/VC-nao-esta-sozinho-450x450.jpeg\" alt=\"\" width=\"450\" height=\"450\" srcset=\"https:\/\/jornalcontato.com.br\/home\/wp-content\/uploads\/2024\/09\/VC-nao-esta-sozinho-450x450.jpeg 450w, https:\/\/jornalcontato.com.br\/home\/wp-content\/uploads\/2024\/09\/VC-nao-esta-sozinho-300x300.jpeg 300w, https:\/\/jornalcontato.com.br\/home\/wp-content\/uploads\/2024\/09\/VC-nao-esta-sozinho-150x150.jpeg 150w, https:\/\/jornalcontato.com.br\/home\/wp-content\/uploads\/2024\/09\/VC-nao-esta-sozinho-768x768.jpeg 768w, https:\/\/jornalcontato.com.br\/home\/wp-content\/uploads\/2024\/09\/VC-nao-esta-sozinho-80x80.jpeg 80w, https:\/\/jornalcontato.com.br\/home\/wp-content\/uploads\/2024\/09\/VC-nao-esta-sozinho-360x360.jpeg 360w, https:\/\/jornalcontato.com.br\/home\/wp-content\/uploads\/2024\/09\/VC-nao-esta-sozinho-750x750.jpeg 750w, https:\/\/jornalcontato.com.br\/home\/wp-content\/uploads\/2024\/09\/VC-nao-esta-sozinho.jpeg 1024w\" sizes=\"auto, (max-width: 450px) 100vw, 450px\" \/><\/a><\/p>\n<p>Mas a pergunta que n\u00e3o pode descansar silente recomenda que nos questionemos: e n\u00f3s? Que rela\u00e7\u00e3o temos com o suic\u00eddio? E com quem j\u00e1 tentou contra a pr\u00f3pria vida, que fazemos? E mais, em rela\u00e7\u00e3o aos familiares de auto imolados, como agimos? Ser\u00e1 que basta delegar ao estado, \u00e0s religi\u00f5es, ou aos mecanismos de apoio, a responsabilidade da preven\u00e7\u00e3o? Conversamos com filhos, pais, amigos, vizinhos sobre esse assunto? Ou \u00e9 melhor continuar calado, no m\u00e1ximo nos compadecendo ou sendo passivamente solid\u00e1rios? Ser\u00e1 que precisaremos de novo setembro para voltar ao assunto? Ser\u00e1?<\/p>\n","protected":false},"excerpt":{"rendered":"<p>Para Abr\u00e3o, Ana L\u00facia e Edmauro \u00a0Na abertura deste m\u00eas estranho, tempo indeciso entre um inverno que n\u00e3o veio e um ver\u00e3o amea\u00e7ador &#8211; como &#8230;<\/p>\n","protected":false},"author":1,"featured_media":21145,"comment_status":"open","ping_status":"open","sticky":false,"template":"","format":"standard","meta":{"footnotes":""},"categories":[1],"tags":[],"class_list":["post-21141","post","type-post","status-publish","format-standard","has-post-thumbnail","hentry","category-nacional"],"_links":{"self":[{"href":"https:\/\/www.jornalcontato.com.br\/home\/index.php\/wp-json\/wp\/v2\/posts\/21141","targetHints":{"allow":["GET"]}}],"collection":[{"href":"https:\/\/www.jornalcontato.com.br\/home\/index.php\/wp-json\/wp\/v2\/posts"}],"about":[{"href":"https:\/\/www.jornalcontato.com.br\/home\/index.php\/wp-json\/wp\/v2\/types\/post"}],"author":[{"embeddable":true,"href":"https:\/\/www.jornalcontato.com.br\/home\/index.php\/wp-json\/wp\/v2\/users\/1"}],"replies":[{"embeddable":true,"href":"https:\/\/www.jornalcontato.com.br\/home\/index.php\/wp-json\/wp\/v2\/comments?post=21141"}],"version-history":[{"count":1,"href":"https:\/\/www.jornalcontato.com.br\/home\/index.php\/wp-json\/wp\/v2\/posts\/21141\/revisions"}],"predecessor-version":[{"id":21146,"href":"https:\/\/www.jornalcontato.com.br\/home\/index.php\/wp-json\/wp\/v2\/posts\/21141\/revisions\/21146"}],"wp:featuredmedia":[{"embeddable":true,"href":"https:\/\/www.jornalcontato.com.br\/home\/index.php\/wp-json\/wp\/v2\/media\/21145"}],"wp:attachment":[{"href":"https:\/\/www.jornalcontato.com.br\/home\/index.php\/wp-json\/wp\/v2\/media?parent=21141"}],"wp:term":[{"taxonomy":"category","embeddable":true,"href":"https:\/\/www.jornalcontato.com.br\/home\/index.php\/wp-json\/wp\/v2\/categories?post=21141"},{"taxonomy":"post_tag","embeddable":true,"href":"https:\/\/www.jornalcontato.com.br\/home\/index.php\/wp-json\/wp\/v2\/tags?post=21141"}],"curies":[{"name":"wp","href":"https:\/\/api.w.org\/{rel}","templated":true}]}}