{"id":21115,"date":"2024-08-25T08:39:44","date_gmt":"2024-08-25T11:39:44","guid":{"rendered":"https:\/\/www.jornalcontato.com.br\/home\/?p=21115"},"modified":"2024-08-25T08:46:43","modified_gmt":"2024-08-25T11:46:43","slug":"lucho-gatica-kamala-harris-a-eleicao-americana-e-eu-jc-sebe-bom-meihy","status":"publish","type":"post","link":"https:\/\/www.jornalcontato.com.br\/home\/index.php\/lucho-gatica-kamala-harris-a-eleicao-americana-e-eu-jc-sebe-bom-meihy\/","title":{"rendered":"LUCHO GATICA, KAMALA HARRIS, A ELEI\u00c7\u00c3O AMERICANA E EU (JC Sebe Bom Meihy)"},"content":{"rendered":"<p style=\"text-align: center;\"><em><strong>Barack e Michelle Obama atualizam famoso slogan de campanha para Kamala: &#8216;Yes, she can&#8217;<\/strong><\/em><\/p>\n<p>Depois de um dia penoso, desses que merecem ser esquecidos, exausto, mas sem sono, resolvi organizar alguns papeis (boletos, informa\u00e7\u00f5es do condom\u00ednio, notas gerais) e para aliviar o estresse liguei o r\u00e1dio. Busquei uma esta\u00e7\u00e3o adequada e logo cheguei a um canal de \u201cm\u00fasica lenta\u201d. Confesso, senti al\u00edvio at\u00e9 porque de quando em vez tocavam boleros antigos. Ah, como gosto de boleros! Tudo ia bem at\u00e9 que ouvi \u201cReloj\u201d na voz do inesquec\u00edvel Lucho Gatica. Transportado, me vi enroscado na estrofe <em>\u201cDet\u00e9n el tiempo en tus manos\/ Haz esta noche perpetua\/ Para que nunca se vaya de m\u00ed\/ Para que nunca amanezca<\/em>\u201d e a frase tema me parecia uma senten\u00e7a \u201c<em>Reloj no marques las horas<\/em>\u201d.<\/p>\n<p>Parei para pensar&#8230; E dei estrada para uma quest\u00e3o que tem se tornado capital em minha considera\u00e7\u00e3o: o que tenho feito com o tempo e, principalmente, chegada a velhice, como aproveitar melhor tudo e dar um acabamento adequado \u00e0 minha experi\u00eancia neste plano. E \u201cbolerei\u201d minha d\u00favida em conversa com um rel\u00f3gio suposto: valeria parar o tempo \u201c<em>para que nunca amanezca<\/em>\u201d? Valeria?<\/p>\n<p><a href=\"https:\/\/jornalcontato.com.br\/home\/wp-content\/uploads\/2024\/08\/Lucho-Gatica.jpg\"><img loading=\"lazy\" decoding=\"async\" class=\"aligncenter size-large wp-image-21116\" src=\"https:\/\/jornalcontato.com.br\/home\/wp-content\/uploads\/2024\/08\/Lucho-Gatica-450x270.jpg\" alt=\"\" width=\"450\" height=\"270\" srcset=\"https:\/\/jornalcontato.com.br\/home\/wp-content\/uploads\/2024\/08\/Lucho-Gatica-450x270.jpg 450w, https:\/\/jornalcontato.com.br\/home\/wp-content\/uploads\/2024\/08\/Lucho-Gatica-300x180.jpg 300w, https:\/\/jornalcontato.com.br\/home\/wp-content\/uploads\/2024\/08\/Lucho-Gatica-768x461.jpg 768w, https:\/\/jornalcontato.com.br\/home\/wp-content\/uploads\/2024\/08\/Lucho-Gatica.jpg 1086w\" sizes=\"auto, (max-width: 450px) 100vw, 450px\" \/><\/a><\/p>\n<p style=\"text-align: center;\"><em><strong>O chileno Lucho Gatica revolucionou a forma de cantar bolero<\/strong><\/em><\/p>\n<p>E assim notei que agosto come\u00e7a a preparar a roupa de fim de ano e que os dias se consomem corroendo nossa exist\u00eancia. Parei um pouco, desliguei o r\u00e1dio e comecei a desfibrar meus \u00faltimos dias e noites. Valeria parar o tempo? Sabe, meio perplexo precisei me dar satisfa\u00e7\u00e3o e, assim, tive que fabricar explica\u00e7\u00f5es sobre coisas que tanto me implicam nas elei\u00e7\u00f5es norte-americanas. Meu Deus, o que tenho a ver com isso? Como e por que tanto me afeta algo t\u00e3o distante e fora de meu alcance? Se fosse no cen\u00e1rio pol\u00edtico brasileiro, claro, faria sentido, mas porque tenho lido sobre aquele evento e gastado noites ca\u00e7ando informa\u00e7\u00f5es referentes ao drama de Joe Biden, tomando partido dos Democratas, torcendo contra o Trump. Por qu\u00ea? \u00c9 claro que sei da import\u00e2ncia dessas elei\u00e7\u00f5es para o mundo todo, mas nunca me empenhei com tanto ardor.<\/p>\n<p>Na verdade, h\u00e1 tr\u00eas noites n\u00e3o durmo direito. Seja por qual for o motivo diretor, senti-me presente na conven\u00e7\u00e3o do Partido Democrata em Chicago. Fiquei t\u00e3o \u00e0 vontade e animado que me vi euf\u00f3rico como se estivesse numa festa de anivers\u00e1rio de ente querido. Os aplausos a Kamala funcionaram como trilha para as l\u00e1grimas que rolaram soltas. Pode? Noveleiro que sou, transformei o roteiro da Conven\u00e7\u00e3o estadunidense em uma esp\u00e9cie de melodrama consequente. E no enredo imagin\u00e1rio, elenquei a situa\u00e7\u00e3o do atual Presidente como um vovozinho convidado a voltar para a casa e descansar. Sim, vi Biden como algu\u00e9m que sai de cena menos como <em>Rei Lear<\/em>, de Shakespeare, e mais como o personagem de James Goldman n\u2019\u201c<em>O Le\u00e3o no Inverno\u201d<\/em>, tal um novo Henrique II da Inglaterra que, envelhecido, posicionou-se triunfal, apesar de todos os conflitos, intrigas e da idade. E gastei alguns segundos olhando o Presidente se despedir da carreira com aquele andar de quem muito andou.<\/p>\n<div class=\"mceTemp\">\n<p>Screenshot<a href=\"https:\/\/jornalcontato.com.br\/home\/wp-content\/uploads\/2024\/08\/Biden-e-Kamala-Harris.webp\"><img loading=\"lazy\" decoding=\"async\" class=\"aligncenter size-large wp-image-21118\" src=\"https:\/\/jornalcontato.com.br\/home\/wp-content\/uploads\/2024\/08\/Biden-e-Kamala-Harris-450x253.webp\" alt=\"\" width=\"450\" height=\"253\" srcset=\"https:\/\/jornalcontato.com.br\/home\/wp-content\/uploads\/2024\/08\/Biden-e-Kamala-Harris-450x253.webp 450w, https:\/\/jornalcontato.com.br\/home\/wp-content\/uploads\/2024\/08\/Biden-e-Kamala-Harris-300x169.webp 300w, https:\/\/jornalcontato.com.br\/home\/wp-content\/uploads\/2024\/08\/Biden-e-Kamala-Harris-768x432.webp 768w, https:\/\/jornalcontato.com.br\/home\/wp-content\/uploads\/2024\/08\/Biden-e-Kamala-Harris-750x420.webp 750w, https:\/\/jornalcontato.com.br\/home\/wp-content\/uploads\/2024\/08\/Biden-e-Kamala-Harris-1140x641.webp 1140w, https:\/\/jornalcontato.com.br\/home\/wp-content\/uploads\/2024\/08\/Biden-e-Kamala-Harris.webp 1200w\" sizes=\"auto, (max-width: 450px) 100vw, 450px\" \/><\/a>H\u00e1, contudo, mais personagens nessa trama p\u00f3s-moderna. Barack Obama, por exemplo, reponta como her\u00f3i negro numa na\u00e7\u00e3o racista e excludente, ainda que a cultura norte-americana se diga defensora das oportunidades. Sua esposa, Michelle, brilhou ainda mais, pois sendo mulher demonstra a vitalidade de quem luta contra camadas de preconceitos. Talvez a tradi\u00e7\u00e3o cinematogr\u00e1fica norte-americana tenha influenciado na montagem teatral da cerim\u00f4nia de indica\u00e7\u00e3o oficial da arrebatadora Kamala que, com sorriso aberto, franco e jeito de vizinha do lado, se apresentou glorificando a possibilidade novos ares. E l\u00e1 estava a filha de imigrantes, meio afrodescendente, meio indiana, dona de palavras certas e certeira na disputa remo\u00e7ada.<\/p>\n<p>Arrumados os elementos da equa\u00e7\u00e3o pude entender que o evento promoveu a soma do otimismo com a redefini\u00e7\u00e3o do conceito de liberdade democr\u00e1tica, e acenou com a alegria de novos tempos. E o contraste ficou mais definido. Do outro lado, o velho que n\u00e3o quer sair da cena e que mente, grita, xinga, amea\u00e7a com armas e jura fazer a \u201cAm\u00e9rica grande outra vez\u201d, exatamente a Am\u00e9rica dos brancos, imperialista, e dona de pol\u00edticas limitadoras do sucesso externo.<\/p>\n<p>Pois \u00e9, na tradu\u00e7\u00e3o do atual momento norte-americano entendi o meu instante pessoal. Minhas contas continuar\u00e3o chegando, os problemas imediatos seguir\u00e3o seus atalhos, as tens\u00f5es internas se energizar\u00e3o, mas, a par de tudo isso espero que caras novas surjam estampando possibilidades necess\u00e1rias l\u00e1 e c\u00e1. E ent\u00e3o, que a hora marcada pelo rel\u00f3gio da esperan\u00e7a detenha o tempo de fermenta\u00e7\u00e3o e que s\u00f3 solte seus ponteiros quando estiver pronto para despertar uma nova era. E que a democracia seja leg\u00edtima como o sorriso de Kamala \u201c<em>para que siempre amanezca<\/em>\u201d.<\/p>\n<\/div>\n","protected":false},"excerpt":{"rendered":"<p>Barack e Michelle Obama atualizam famoso slogan de campanha para Kamala: &#8216;Yes, she can&#8217; Depois de um dia penoso, desses que merecem ser esquecidos, exausto, &#8230;<\/p>\n","protected":false},"author":1,"featured_media":21122,"comment_status":"open","ping_status":"open","sticky":false,"template":"","format":"standard","meta":{"footnotes":""},"categories":[1],"tags":[],"class_list":["post-21115","post","type-post","status-publish","format-standard","has-post-thumbnail","hentry","category-nacional"],"_links":{"self":[{"href":"https:\/\/www.jornalcontato.com.br\/home\/index.php\/wp-json\/wp\/v2\/posts\/21115","targetHints":{"allow":["GET"]}}],"collection":[{"href":"https:\/\/www.jornalcontato.com.br\/home\/index.php\/wp-json\/wp\/v2\/posts"}],"about":[{"href":"https:\/\/www.jornalcontato.com.br\/home\/index.php\/wp-json\/wp\/v2\/types\/post"}],"author":[{"embeddable":true,"href":"https:\/\/www.jornalcontato.com.br\/home\/index.php\/wp-json\/wp\/v2\/users\/1"}],"replies":[{"embeddable":true,"href":"https:\/\/www.jornalcontato.com.br\/home\/index.php\/wp-json\/wp\/v2\/comments?post=21115"}],"version-history":[{"count":3,"href":"https:\/\/www.jornalcontato.com.br\/home\/index.php\/wp-json\/wp\/v2\/posts\/21115\/revisions"}],"predecessor-version":[{"id":21121,"href":"https:\/\/www.jornalcontato.com.br\/home\/index.php\/wp-json\/wp\/v2\/posts\/21115\/revisions\/21121"}],"wp:featuredmedia":[{"embeddable":true,"href":"https:\/\/www.jornalcontato.com.br\/home\/index.php\/wp-json\/wp\/v2\/media\/21122"}],"wp:attachment":[{"href":"https:\/\/www.jornalcontato.com.br\/home\/index.php\/wp-json\/wp\/v2\/media?parent=21115"}],"wp:term":[{"taxonomy":"category","embeddable":true,"href":"https:\/\/www.jornalcontato.com.br\/home\/index.php\/wp-json\/wp\/v2\/categories?post=21115"},{"taxonomy":"post_tag","embeddable":true,"href":"https:\/\/www.jornalcontato.com.br\/home\/index.php\/wp-json\/wp\/v2\/tags?post=21115"}],"curies":[{"name":"wp","href":"https:\/\/api.w.org\/{rel}","templated":true}]}}