{"id":21092,"date":"2024-08-16T17:57:54","date_gmt":"2024-08-16T20:57:54","guid":{"rendered":"https:\/\/www.jornalcontato.com.br\/home\/?p=21092"},"modified":"2024-08-16T17:57:54","modified_gmt":"2024-08-16T20:57:54","slug":"minhas-memorias-das-memorias-de-um-menino-de-taubate-jc-sebe-bom-meihy","status":"publish","type":"post","link":"https:\/\/www.jornalcontato.com.br\/home\/index.php\/minhas-memorias-das-memorias-de-um-menino-de-taubate-jc-sebe-bom-meihy\/","title":{"rendered":"MINHAS MEM\u00d3RIAS DAS \u201cMEM\u00d3RIAS DE UM MENINO DE TAUBAT\u00c9\u201d (JC Sebe Bom Meihy)"},"content":{"rendered":"<p style=\"text-align: center;\"><em><strong>RESENHA COMPROMETIDA COM NOVO LIVRO DE JOS\u00c9 EUG\u00caNIO GUISARD FERRAZ<\/strong><\/em><\/p>\n<p>Sempre achei resenha um g\u00eanero dif\u00edcil, muito dif\u00edcil ali\u00e1s. N\u00e3o apenas pelo conceito que implica contextualiza\u00e7\u00e3o, s\u00edntese, exame formal e interpreta\u00e7\u00e3o, mas sobretudo pela exig\u00eancia do dom\u00ednio tem\u00e1tico e demanda de olhar amplo sobre a circunst\u00e2ncia pautada. Na mesma senda, sou dos que acreditam que livros de Mem\u00f3rias s\u00e3o igualmente complexos e desafiantes, tanto pela necessidade de considera\u00e7\u00e3o do estilo narrativo como por traduzir o ambiente da produ\u00e7\u00e3o e as motiva\u00e7\u00f5es autorais. Pois bem, somando todos esses pressupostos, no caso, ainda me vi tamb\u00e9m aturdido por mais uma vari\u00e1vel feiticeira: conhe\u00e7o, sou amigo e admirador do signat\u00e1rio Jos\u00e9 Eug\u00eanio Guisard Ferraz, dono do \u201cMem\u00f3rias de um menino de Taubat\u00e9\u201d.<\/p>\n<p>Confesso que o mero enunciado do t\u00edtulo me enterneceu ao ponto de avisar que as linhas seguintes se comprometem com o reconhecimento de uma hist\u00f3ria que \u00e9 sim pessoal, mas tamb\u00e9m de muita gente, inclusive minha. E nem faltam lances que remetem \u00e0 trajet\u00f3ria nacional, na medida em que a viv\u00eancia pessoal se explica na atualiza\u00e7\u00e3o do pa\u00eds. Os nascidos desde o fim da Segunda Guerra tiveram suas experi\u00eancias matizadas pelos novos tempos tensionados pela determina\u00e7\u00e3o da busca de progresso implicado no espa\u00e7o capitalista moderno.<\/p>\n<p><a href=\"https:\/\/jornalcontato.com.br\/home\/wp-content\/uploads\/2024\/08\/Ze-Eugenio.jpg\"><img loading=\"lazy\" decoding=\"async\" class=\"aligncenter size-large wp-image-21093\" src=\"https:\/\/jornalcontato.com.br\/home\/wp-content\/uploads\/2024\/08\/Ze-Eugenio-383x450.jpg\" alt=\"\" width=\"383\" height=\"450\" srcset=\"https:\/\/jornalcontato.com.br\/home\/wp-content\/uploads\/2024\/08\/Ze-Eugenio-383x450.jpg 383w, https:\/\/jornalcontato.com.br\/home\/wp-content\/uploads\/2024\/08\/Ze-Eugenio-255x300.jpg 255w, https:\/\/jornalcontato.com.br\/home\/wp-content\/uploads\/2024\/08\/Ze-Eugenio-768x902.jpg 768w, https:\/\/jornalcontato.com.br\/home\/wp-content\/uploads\/2024\/08\/Ze-Eugenio.jpg 840w\" sizes=\"auto, (max-width: 383px) 100vw, 383px\" \/><\/a><\/p>\n<p style=\"text-align: center;\"><em><strong>Jos\u00e9 Eug\u00eanio saiu do Estad\u00e3o e entrou direto no ITA sem fazer cursinho\u00a0<\/strong><\/em><\/p>\n<p>N\u00e3o bastassem os sen\u00f5es impeditivos de uma reflex\u00e3o temperada, me vi obrigado a personalizar minha an\u00e1lise comprometendo a neutralidade desejada de quem cumpre o dever de liga\u00e7\u00e3o entre as inten\u00e7\u00f5es autorais e a recep\u00e7\u00e3o ampla da obra. E nesse sentido, o desafio come\u00e7a pela capa sugestiva \u2013 um p\u00f4r do sol (ou seria nascente?) sobre uma praia ardente, entrecortada por folha de palmeira e um peda\u00e7o de terra. O convite para as demais p\u00e1ginas termina com significativa s\u00edntese assinada por Jos\u00e9 Paulo Pereira. Tudo neste livro \u00e9 bem dosado, distribu\u00eddo em uma turn\u00ea detalhada em cerca de 100 itens.<\/p>\n<p>Procedida a leitura f\u00e1cil das 280 p\u00e1ginas, restou cuidados para n\u00e3o cair no elogio imediato. N\u00e3o faltaram motivos enredantes: a l\u00f3gica expositiva obediente \u00e0 linearidade cronol\u00f3gica; a sucess\u00e3o de eventos costurando fatores \u00edntimos, pessoais; a evolu\u00e7\u00e3o da idade e os degraus de uma vida profissional empolgante. Dividido em 5 partes, os escritos se desdobram dos \u201cMeus anos de forma\u00e7\u00e3o\u201d para \u201cMeu in\u00edcio na profiss\u00e3o\u201d e de \u201cOs anos na iniciativa privada\u201d caminha para \u201cA aposentadoria e muitas viagens\u201d at\u00e9, por fim, desaguar em notas sobre \u201cNovas viagens e o retorno\u201d. Trata-se de um giro completo, de um c\u00edrculo que arredonda o propalado eterno retorno. Tal ave que depois do voo cumprido volta ao ninho e presta conta de seu esfor\u00e7o, \u00e9 em Taubat\u00e9 que o livro ganha termo num intrigante aqui e agora. H\u00e1 algo de emocionante nisto. De \u00e9pico tamb\u00e9m.<\/p>\n<p>Se houvesse que distinguir alguns aspectos da leitura destas Mem\u00f3rias diria que a tran\u00e7a entre a vida pessoal \u2013 do menino de Taubat\u00e9 \u2013 com uma carreira exemplar e empolgante, ganha lustro na medida em que, mesmo girando o mundo em viagens profissionais e de lazer, jamais se afastou de suas ra\u00edzes e dos valores cultivados desde a inf\u00e2ncia. H\u00e1 outro lance marcante nesse p\u00e9riplo: o fato de mostrar sua aventura sempre ligada a algum coletivo, seja familiar, de grupo de amigos ou de associa\u00e7\u00f5es. E os espa\u00e7os percorridos s\u00e3o descritos com afetos e recheados de detalhes pessoalizados. E n\u00e3o escapam dificuldades e perdas, ainda que o sucesso seja solar.<\/p>\n<p>Diz o autor que tudo se deveu a um pedido da neta Manu que teria solicitado que ele contasse sua vida. Al\u00e9m da remessa afetiva, por\u00e9m, o farto material ilustrativo trai a premissa. Como se aguardasse um gatilho, do come\u00e7o ao fim, o maduro texto revela uma inten\u00e7\u00e3o que se traduz na jornada de algu\u00e9m que, sendo de Taubat\u00e9, cumpriu a sina de um bandeirante moderno, desbravador de novas frentes. Desde o come\u00e7o, os itiner\u00e1rios \u2013 primeiro pelas redondezas de sua casa e depois ampliando-se mundo afora \u2013 s\u00e3o pontilhados de nomes e pessoas significativas que v\u00e3o de amigos a personagens de figura\u00e7\u00e3o nacional. H\u00e1 refer\u00eancia a muitos pr\u00eamios, todos justificados numa luta incessante e plena de discernimentos.<\/p>\n<p><a href=\"https:\/\/jornalcontato.com.br\/home\/wp-content\/uploads\/2024\/08\/Caricaturas.jpg\"><img loading=\"lazy\" decoding=\"async\" class=\"aligncenter size-large wp-image-21094\" src=\"https:\/\/jornalcontato.com.br\/home\/wp-content\/uploads\/2024\/08\/Caricaturas-260x450.jpg\" alt=\"\" width=\"260\" height=\"450\" srcset=\"https:\/\/jornalcontato.com.br\/home\/wp-content\/uploads\/2024\/08\/Caricaturas-260x450.jpg 260w, https:\/\/jornalcontato.com.br\/home\/wp-content\/uploads\/2024\/08\/Caricaturas-173x300.jpg 173w, https:\/\/jornalcontato.com.br\/home\/wp-content\/uploads\/2024\/08\/Caricaturas-768x1331.jpg 768w, https:\/\/jornalcontato.com.br\/home\/wp-content\/uploads\/2024\/08\/Caricaturas-886x1536.jpg 886w, https:\/\/jornalcontato.com.br\/home\/wp-content\/uploads\/2024\/08\/Caricaturas.jpg 1037w\" sizes=\"auto, (max-width: 260px) 100vw, 260px\" \/><\/a><\/p>\n<p style=\"text-align: center;\"><em><strong>T\u00edtulos e caricaturas bem humoradas masrcaram sua carreira profissional<\/strong><\/em><\/p>\n<p>Compondo uma trilogia iniciada com a saga familiar (\u201cO sol da manh\u00e3\u201d) emendando atividades esportivas, algo fundamental em sua biografia (\u201cMergulhos e bra\u00e7adas\u201d), o presente texto retoma a rota do arco perfeito que, contudo, faz perguntar do pr\u00f3ximo livro, algo na base do \u201cE agora Jos\u00e9?\u201d. O bom do que j\u00e1 temos \u00e9 que juntos os resultados s\u00e3o amiudados em informa\u00e7\u00f5es sobre o gosto pelos esportes, pelas artes e colecionismo, por apre\u00e7o cient\u00edfico, isso tudo mesclado com incidentes de viagens, fatos fortuitos, rever\u00eancias familiares, preocupa\u00e7\u00e3o com os filhos&#8230; E nem faltam sutilezas explicativas de discreto posicionamento pol\u00edtico e firmeza de valores.<\/p>\n<p>Muito mais poderia ser dito em favor deste livro, mas nada melhor do que recomendar a leitura geral e a relativiza\u00e7\u00e3o de pareceres de algu\u00e9m que agradece a exist\u00eancia de um testemunho que ao falar de si ecoa o valor de muitos.<\/p>\n","protected":false},"excerpt":{"rendered":"<p>RESENHA COMPROMETIDA COM NOVO LIVRO DE JOS\u00c9 EUG\u00caNIO GUISARD FERRAZ Sempre achei resenha um g\u00eanero dif\u00edcil, muito dif\u00edcil ali\u00e1s. N\u00e3o apenas pelo conceito que implica &#8230;<\/p>\n","protected":false},"author":1,"featured_media":21095,"comment_status":"open","ping_status":"open","sticky":false,"template":"","format":"standard","meta":{"footnotes":""},"categories":[1],"tags":[],"class_list":["post-21092","post","type-post","status-publish","format-standard","has-post-thumbnail","hentry","category-nacional"],"_links":{"self":[{"href":"https:\/\/www.jornalcontato.com.br\/home\/index.php\/wp-json\/wp\/v2\/posts\/21092","targetHints":{"allow":["GET"]}}],"collection":[{"href":"https:\/\/www.jornalcontato.com.br\/home\/index.php\/wp-json\/wp\/v2\/posts"}],"about":[{"href":"https:\/\/www.jornalcontato.com.br\/home\/index.php\/wp-json\/wp\/v2\/types\/post"}],"author":[{"embeddable":true,"href":"https:\/\/www.jornalcontato.com.br\/home\/index.php\/wp-json\/wp\/v2\/users\/1"}],"replies":[{"embeddable":true,"href":"https:\/\/www.jornalcontato.com.br\/home\/index.php\/wp-json\/wp\/v2\/comments?post=21092"}],"version-history":[{"count":1,"href":"https:\/\/www.jornalcontato.com.br\/home\/index.php\/wp-json\/wp\/v2\/posts\/21092\/revisions"}],"predecessor-version":[{"id":21096,"href":"https:\/\/www.jornalcontato.com.br\/home\/index.php\/wp-json\/wp\/v2\/posts\/21092\/revisions\/21096"}],"wp:featuredmedia":[{"embeddable":true,"href":"https:\/\/www.jornalcontato.com.br\/home\/index.php\/wp-json\/wp\/v2\/media\/21095"}],"wp:attachment":[{"href":"https:\/\/www.jornalcontato.com.br\/home\/index.php\/wp-json\/wp\/v2\/media?parent=21092"}],"wp:term":[{"taxonomy":"category","embeddable":true,"href":"https:\/\/www.jornalcontato.com.br\/home\/index.php\/wp-json\/wp\/v2\/categories?post=21092"},{"taxonomy":"post_tag","embeddable":true,"href":"https:\/\/www.jornalcontato.com.br\/home\/index.php\/wp-json\/wp\/v2\/tags?post=21092"}],"curies":[{"name":"wp","href":"https:\/\/api.w.org\/{rel}","templated":true}]}}