{"id":21086,"date":"2024-08-13T10:24:43","date_gmt":"2024-08-13T13:24:43","guid":{"rendered":"https:\/\/www.jornalcontato.com.br\/home\/?p=21086"},"modified":"2024-08-13T10:24:43","modified_gmt":"2024-08-13T13:24:43","slug":"delfim-netto-quem-diria-paulo-de-tarso","status":"publish","type":"post","link":"https:\/\/www.jornalcontato.com.br\/home\/index.php\/delfim-netto-quem-diria-paulo-de-tarso\/","title":{"rendered":"DELFIM NETTO, QUEM DIRIA&#8230; (Paulo de Tarso"},"content":{"rendered":"<p><em><strong>Em 2006, Delfim apoiou a reelei\u00e7\u00e3o de Lula que se desculpou publicamente pelas cr\u00edticas que fez durante 30 anos<\/strong><\/em><\/p>\n<p>Morreu uma lenda. Delfim Netto nunca foi um economista neoliberal. A ditadura militar tamb\u00e9m n\u00e3o. Tamb\u00e9m nunca foi de esquerda. Mas nunca escondeu que preferia Keynes e nunca as posi\u00e7\u00f5es de Friedich Hayek, um dos pais do chamado neoliberalismo que inspirou de Milton Friedman a Margaret Thatcher, primeira-ministra do Reino Unido de 1979 a 1990.<\/p>\n<p>Delfim sempre foi um nacional estatista. O estado que concebia sempre seria o principal agente do processo econ\u00f4mico. E assim o fez durante da ditadura militar onde foi ministro da Fazenda, ministro da Agricultura, embaixador do Brasil na Fran\u00e7a e secret\u00e1rio de Planejamento. P\u00f3s ditadura, foi deputado Constituinte em 1988 e reeleito por tr\u00eas mandatos.<\/p>\n<p>\u00c9 o pai do chamado \u201cmilagre econ\u00f4mico\u201d, per\u00edodo em que a economia cresceu com \u00edndices anuais de dois d\u00edgitos. Acreditava que qualquer distribui\u00e7\u00e3o s\u00f3 poderia ocorrer quando o \u201cbolo crescesse\u201d. O Brasil cresceu, mas em 1985 tinha os piores indicadores econ\u00f4micos: uma d\u00edvida externa impag\u00e1vel, uma alt\u00edssima infla\u00e7\u00e3o que s\u00f3 seria equacionada com o Plano Real de FHC e uma concentra\u00e7\u00e3o de renda que consolidou o abismo social que marca nossa sociedade.<\/p>\n<p><a href=\"https:\/\/jornalcontato.com.br\/home\/wp-content\/uploads\/2024\/08\/E-agora-Delfim.jpg\"><img loading=\"lazy\" decoding=\"async\" class=\"aligncenter size-large wp-image-21087\" src=\"https:\/\/jornalcontato.com.br\/home\/wp-content\/uploads\/2024\/08\/E-agora-Delfim-450x243.jpg\" alt=\"\" width=\"450\" height=\"243\" srcset=\"https:\/\/jornalcontato.com.br\/home\/wp-content\/uploads\/2024\/08\/E-agora-Delfim-450x243.jpg 450w, https:\/\/jornalcontato.com.br\/home\/wp-content\/uploads\/2024\/08\/E-agora-Delfim-300x162.jpg 300w, https:\/\/jornalcontato.com.br\/home\/wp-content\/uploads\/2024\/08\/E-agora-Delfim-768x415.jpg 768w, https:\/\/jornalcontato.com.br\/home\/wp-content\/uploads\/2024\/08\/E-agora-Delfim.jpg 800w\" sizes=\"auto, (max-width: 450px) 100vw, 450px\" \/><\/a><\/p>\n<p>Eu o conhecia apenas da sala de aula na FEAUSP e nas suas r\u00e1pidas passagens por S\u00e3o Paulo depois que assumiu a Fazenda em 1967. Fui monitor da cadeira que passou a ser comandada por Afonso Celso Pastore e fui indicado pela turma de Delfim para trabalhar no projeto de viabilidade do Metr\u00f4 de S\u00e3o Paulo. Foram dois anos \u2013 1967\/1968 \u2013 em que eu vivia dividido entre a escola, o trabalho, a monitoria e o movimento estudantil que combatia a ditadura.<\/p>\n<p>Quando o czar da economia (como a grande imprensa chamava Delfim) vinha a S\u00e3o Paulo sua turma tinha um ritual estabelecido: sauna no Hotel Dan\u00fabio na avenida Brigadeiro Luiz Ant\u00f4nio com direito a drinks e massagem e depois concluir na cantina Il Cacciatore na rua Santo Ant\u00f4nio na fronteira da Bela Vista com Bixiga. At\u00e9 hoje me lembro do coelho ao vinho, o prato preferido daquela turma que reverenciava com respeito o ministro e de artistas famosos como Paulo Autran e Maria Della Costa.<\/p>\n<p>Eu quase fui um Delfim boy, como eram chamados os membros de sua turma. E n\u00e3o por acaso. Naquela \u00e9poca eu era um programador de computador. Em S\u00e3o Jos\u00e9 dos Campos que me acolheu generosamente depois de ter recebido \u201ccart\u00e3o azul\u201d do Estad\u00e3o, col\u00e9gio dirigido pelo Cuco, que \u201cconvidava\u201d a me retirar por causa de uma famosa viagem a Lorena com a fanfarra e equipes esportivas que enfrentaram com muita garra nossos colegas da escola p\u00fablica local. Mas \u00e9 outra hist\u00f3ria.<\/p>\n<p><a href=\"https:\/\/jornalcontato.com.br\/home\/wp-content\/uploads\/2024\/08\/Delfim-Netto-e-militares.webp\"><img loading=\"lazy\" decoding=\"async\" class=\"aligncenter size-large wp-image-21088\" src=\"https:\/\/jornalcontato.com.br\/home\/wp-content\/uploads\/2024\/08\/Delfim-Netto-e-militares-450x324.webp\" alt=\"\" width=\"450\" height=\"324\" srcset=\"https:\/\/jornalcontato.com.br\/home\/wp-content\/uploads\/2024\/08\/Delfim-Netto-e-militares-450x324.webp 450w, https:\/\/jornalcontato.com.br\/home\/wp-content\/uploads\/2024\/08\/Delfim-Netto-e-militares-300x216.webp 300w, https:\/\/jornalcontato.com.br\/home\/wp-content\/uploads\/2024\/08\/Delfim-Netto-e-militares-768x553.webp 768w, https:\/\/jornalcontato.com.br\/home\/wp-content\/uploads\/2024\/08\/Delfim-Netto-e-militares.webp 1280w\" sizes=\"auto, (max-width: 450px) 100vw, 450px\" \/><\/a><\/p>\n<p>Em S\u00e3o Jos\u00e9, fiz um curso de inform\u00e1tica no CTA \u2013 Centro T\u00e9cnico da Aeron\u00e1utica \u2013 ministrado pelo o ent\u00e3o capit\u00e3o T\u00e9rcio Pacciti que chegaria a brigadeiro e reitor do ITA. Tive a sorte de aprender a programar para o computador IBM 1130 que sequer havia sido lan\u00e7ado no mercado. Foi adquirido em 1967 pelo ent\u00e3o IPE \u2013 Instituto de Pesquisa Econ\u00f4micas da FEAUSP antes de se transformar em funda\u00e7\u00e3o FIPE. Gra\u00e7as a esse <em>upgrade <\/em>transformei-me em monitor da cadeira que fora de Delfim e ganhar tempo para o movimento estudantil. Naquela \u00e9poca ningu\u00e9m sabia quanto tempo levaria a programa\u00e7\u00e3o e o processamento de estudos econom\u00e9tricos que a equipe fazia para o cons\u00f3rcio HMD respons\u00e1vel pelo estudo contratado pelo Metr\u00f4 que sequer existia.<\/p>\n","protected":false},"excerpt":{"rendered":"<p>Em 2006, Delfim apoiou a reelei\u00e7\u00e3o de Lula que se desculpou publicamente pelas cr\u00edticas que fez durante 30 anos Morreu uma lenda. Delfim Netto nunca &#8230;<\/p>\n","protected":false},"author":1,"featured_media":21089,"comment_status":"open","ping_status":"open","sticky":false,"template":"","format":"standard","meta":{"footnotes":""},"categories":[1],"tags":[],"class_list":["post-21086","post","type-post","status-publish","format-standard","has-post-thumbnail","hentry","category-nacional"],"_links":{"self":[{"href":"https:\/\/www.jornalcontato.com.br\/home\/index.php\/wp-json\/wp\/v2\/posts\/21086","targetHints":{"allow":["GET"]}}],"collection":[{"href":"https:\/\/www.jornalcontato.com.br\/home\/index.php\/wp-json\/wp\/v2\/posts"}],"about":[{"href":"https:\/\/www.jornalcontato.com.br\/home\/index.php\/wp-json\/wp\/v2\/types\/post"}],"author":[{"embeddable":true,"href":"https:\/\/www.jornalcontato.com.br\/home\/index.php\/wp-json\/wp\/v2\/users\/1"}],"replies":[{"embeddable":true,"href":"https:\/\/www.jornalcontato.com.br\/home\/index.php\/wp-json\/wp\/v2\/comments?post=21086"}],"version-history":[{"count":1,"href":"https:\/\/www.jornalcontato.com.br\/home\/index.php\/wp-json\/wp\/v2\/posts\/21086\/revisions"}],"predecessor-version":[{"id":21090,"href":"https:\/\/www.jornalcontato.com.br\/home\/index.php\/wp-json\/wp\/v2\/posts\/21086\/revisions\/21090"}],"wp:featuredmedia":[{"embeddable":true,"href":"https:\/\/www.jornalcontato.com.br\/home\/index.php\/wp-json\/wp\/v2\/media\/21089"}],"wp:attachment":[{"href":"https:\/\/www.jornalcontato.com.br\/home\/index.php\/wp-json\/wp\/v2\/media?parent=21086"}],"wp:term":[{"taxonomy":"category","embeddable":true,"href":"https:\/\/www.jornalcontato.com.br\/home\/index.php\/wp-json\/wp\/v2\/categories?post=21086"},{"taxonomy":"post_tag","embeddable":true,"href":"https:\/\/www.jornalcontato.com.br\/home\/index.php\/wp-json\/wp\/v2\/tags?post=21086"}],"curies":[{"name":"wp","href":"https:\/\/api.w.org\/{rel}","templated":true}]}}