{"id":21068,"date":"2024-07-28T09:30:01","date_gmt":"2024-07-28T12:30:01","guid":{"rendered":"https:\/\/www.jornalcontato.com.br\/home\/?p=21068"},"modified":"2024-07-28T09:30:01","modified_gmt":"2024-07-28T12:30:01","slug":"domingo-balaio-balaio-balaio-jc-sebe-bom-meihy","status":"publish","type":"post","link":"https:\/\/www.jornalcontato.com.br\/home\/index.php\/domingo-balaio-balaio-balaio-jc-sebe-bom-meihy\/","title":{"rendered":"DOMINGO? BALAIO, BALAIO, BALAI\u00d4&#8230;(JC Sebe Bom Meihy)"},"content":{"rendered":"<p style=\"text-align: center;\"><em><strong>Chico e Renato Teixeira assumiram e deram conta do desafio de enfrentar o programa Balaio na TV Cultura<\/strong><\/em><\/p>\n<p>Sempre me confundo ao definir o lugar do domingo no calend\u00e1rio semanal, afinal seria o primeiro ou o \u00faltimo dia da semana? Respeito as varia\u00e7\u00f5es judaicas que prezam o s\u00e1bado (shabat) que vai do p\u00f4r do sol da sexta-feira at\u00e9 o poente do outro dia; na mesma ordem, acato a indica\u00e7\u00e3o isl\u00e2mica que considera a sexta-feira (jumu\u2019ah) o dia sagrado. De regra, contudo, ocidentais, situamo-nos entre aqueles que elegem \u2013 como fim ou come\u00e7o \u2013 o \u201cdia do senhor\u201d (do latim dies Dominicus). Curioso \u00e9 que em qualquer das tr\u00eas matrizes monote\u00edstas preside a no\u00e7\u00e3o de \u201cmomento de descanso\u201d, intervalo entre o tempo laboral e o direito \u00e0 pausa. Com isso estou dizendo que segundo a norma (ISSO 8601) que regulamenta as rela\u00e7\u00f5es planet\u00e1rias, o domingo vale como t\u00e9rmino da semana e a segunda-feira inaugura nova jornada. Bizarrices \u00e0 parte, desde o dia 10 de dezembro de 2023 os domingos de muita gente ganhou novo sentido.<\/p>\n<p>Por gentileza especial de Renato Teixeira, fui avisado que a TV Cultura apresentaria \u00e0s 9h00, semanalmente, um programa chamado \u201cBalaio\u201d. Foi o que bastou, dei um \u201coba\u201d na minha agenda emocional, algo na base do \u201cele avisou, t\u00e1 avisado\u201d. E logo fui abra\u00e7ado por um programa pr\u00e1 l\u00e1 de envolvente. Junto com o filho Chico Teixeira, a estreia se deu com Almir Sater. Desde a primeira cena, um grilo falante me avisava da oportunidade do quadro, na sempre bem-pensada programa\u00e7\u00e3o daquela emissora. E c\u00e1 entre n\u00f3s, o primeiro programa foi um divisor de \u00e1guas, um marcador daquele tipo \u201cantes e depois\u201d. Bastou o an\u00fancio para saber que Balaio \u201cveio pr\u00e1 ficar\u201d e, sorrateiro, se tornou uma esp\u00e9cie de missa musical com comunh\u00e3o obrigat\u00f3ria. N\u00e3o se trata apenas de arrolar int\u00e9rpretes, compositores e cr\u00edticos, mas de articular a presen\u00e7a musical de cada convidado com contextos pr\u00f3prios e com a comunica\u00e7\u00e3o p\u00fablica.<\/p>\n<p><a href=\"https:\/\/jornalcontato.com.br\/home\/wp-content\/uploads\/2024\/07\/Primeiro-Balaio.jpg\"><img loading=\"lazy\" decoding=\"async\" class=\"aligncenter size-large wp-image-21069\" src=\"https:\/\/jornalcontato.com.br\/home\/wp-content\/uploads\/2024\/07\/Primeiro-Balaio-450x234.jpg\" alt=\"\" width=\"450\" height=\"234\" srcset=\"https:\/\/jornalcontato.com.br\/home\/wp-content\/uploads\/2024\/07\/Primeiro-Balaio-450x234.jpg 450w, https:\/\/jornalcontato.com.br\/home\/wp-content\/uploads\/2024\/07\/Primeiro-Balaio-300x156.jpg 300w, https:\/\/jornalcontato.com.br\/home\/wp-content\/uploads\/2024\/07\/Primeiro-Balaio-768x399.jpg 768w, https:\/\/jornalcontato.com.br\/home\/wp-content\/uploads\/2024\/07\/Primeiro-Balaio.jpg 770w\" sizes=\"auto, (max-width: 450px) 100vw, 450px\" \/><\/a><\/p>\n<p style=\"text-align: center;\"><em><strong>O primeiro Balaio contemplou o amigo, irm\u00e3o, parceiro e vizinho Almir Sater<\/strong><\/em><\/p>\n<p>\u00c9 fato que todos, sem exce\u00e7\u00e3o, est\u00e1vamos sentindo falta progressiva do saudoso Rolando Boldrin que, desde novembro de 2022, nos deixou \u00f3rf\u00e3os. Mas n\u00e3o \u00e9 menos verdade que, ainda enxugando lagrimas pela aus\u00eancia do \u201cSenhor Brasil\u201d, no sussurro da melhor saudade, cismava-se: \u201ce agora?\u201d. O dilema da continuidade da boa m\u00fasica, n\u00e3o s\u00f3 sertaneja, latejava em um conveniente tempo de luto. Cogitava-se na figura de Renato Teixeira como poss\u00edvel portador daquele legado, pois, afinal, a simpatia garantida, a gostosura da \u201cconta\u00e7\u00e3o de causos\u201d, a afinidade com quest\u00f5es de raiz, eram prendas comuns e indispens\u00e1veis.<\/p>\n<p>Sinceramente, eu duvidava da transfer\u00eancia mec\u00e2nica de um (Boldrin) para o outro (Renato Teixeira). E a sucess\u00e3o dos \u201cBalaio\u201d, prova minha hip\u00f3tese. Antes de tudo, cabe garantir a via de m\u00e3o dupla na qual somente Renato Teixeira permitiria o livre trafegar: ineg\u00e1vel a mem\u00f3ria e a presen\u00e7a de Boldrin no Balaio, mas quanta inova\u00e7\u00e3o. Quanta! A come\u00e7ar pela presen\u00e7a simp\u00e1tica do filho \u2013 elo de passagem geracional e promessa de frescor continuado \u2013 at\u00e9 a m\u00fasica de apresenta\u00e7\u00e3o, Balaio \u2013 que evoca a inesquec\u00edvel Inezita no \u201cbalaio, meu bem balaio&#8230;\u201d\u2013 essas duas pontas atualizam a amb\u00edgua \u201cpresen\u00e7a ausente\u201d e faz a vida seguir \u201ctocando em frente\u201d numa piedosa \u201cRomaria\u201d do presente (Chico) a santu\u00e1rios do passados (Inezita).<\/p>\n<p><a href=\"https:\/\/jornalcontato.com.br\/home\/wp-content\/uploads\/2024\/07\/Rolando-Boldrin.webp\"><img loading=\"lazy\" decoding=\"async\" class=\"aligncenter size-large wp-image-21070\" src=\"https:\/\/jornalcontato.com.br\/home\/wp-content\/uploads\/2024\/07\/Rolando-Boldrin-450x302.webp\" alt=\"\" width=\"450\" height=\"302\" srcset=\"https:\/\/jornalcontato.com.br\/home\/wp-content\/uploads\/2024\/07\/Rolando-Boldrin-450x302.webp 450w, https:\/\/jornalcontato.com.br\/home\/wp-content\/uploads\/2024\/07\/Rolando-Boldrin-300x201.webp 300w, https:\/\/jornalcontato.com.br\/home\/wp-content\/uploads\/2024\/07\/Rolando-Boldrin-768x515.webp 768w, https:\/\/jornalcontato.com.br\/home\/wp-content\/uploads\/2024\/07\/Rolando-Boldrin.webp 984w\" sizes=\"auto, (max-width: 450px) 100vw, 450px\" \/><\/a><\/p>\n<p style=\"text-align: center;\"><strong><em>Renato e Chico enfrentaram o desafio de substituir Boldrin<\/em><\/strong><\/p>\n<p>Falemos do cen\u00e1rio simples e apropriado, isso al\u00e9m do medido distanciamento do p\u00fablico. Fugindo do model\u00e3o palco x plateia, o que se tem \u00e9 uma audi\u00eancia coerente com as propostas do programa. Nada de muita gente \u2013 condi\u00e7\u00e3o essencial para marcar a intimidade dos encontros caracterizadores de certa surdina ac\u00fastica, algo digno do melhor aconchego. Ali\u00e1s, intimidade \u00e9 mesmo boa palavra para definir o programa que foge do espetaculoso, da estrid\u00eancia alucinante que tem dominado apresenta\u00e7\u00f5es musicais recentes, e, reverso, o tom dial\u00f3gico permite conversas fiadas com m\u00fasicas sens\u00edveis e reveladoras de situa\u00e7\u00f5es que d\u00e3o estrada a entendimentos desconhecidos. E n\u00e3o se trata de composi\u00e7\u00f5es sertanejas apenas, \u00e9 muito mais, mais mesmo que qualquer sele\u00e7\u00e3o de sucessos. Como uma antologia nost\u00e1lgica, como perfume das can\u00e7\u00f5es que deixaram saudade, a boa m\u00fasica trazida ressuscita a alma do tempo passado, presentificando a qualidade da poesia que afinal marca a composi\u00e7\u00e3o brasileira.<\/p>\n<p><a href=\"https:\/\/jornalcontato.com.br\/home\/wp-content\/uploads\/2024\/07\/Com-Ivan-Lins.webp\"><img loading=\"lazy\" decoding=\"async\" class=\"aligncenter size-large wp-image-21071\" src=\"https:\/\/jornalcontato.com.br\/home\/wp-content\/uploads\/2024\/07\/Com-Ivan-Lins-450x231.webp\" alt=\"\" width=\"450\" height=\"231\" srcset=\"https:\/\/jornalcontato.com.br\/home\/wp-content\/uploads\/2024\/07\/Com-Ivan-Lins-450x231.webp 450w, https:\/\/jornalcontato.com.br\/home\/wp-content\/uploads\/2024\/07\/Com-Ivan-Lins-300x154.webp 300w, https:\/\/jornalcontato.com.br\/home\/wp-content\/uploads\/2024\/07\/Com-Ivan-Lins.webp 764w\" sizes=\"auto, (max-width: 450px) 100vw, 450px\" \/><\/a><\/p>\n<p style=\"text-align: center;\"><strong><em>Ivan Lins\u00a0e o\u00a0Duo Rafael Beck e Felipe Montanaro e s\u00f3 uma amostra das mudan\u00e7as ocorridas<\/em><\/strong><\/p>\n<p>Tenho proposto que o termo sertanejo \u00e9 insuficiente para emoldurar a produ\u00e7\u00e3o de Renato Teixeira. \u00c0s vezes at\u00e9 brigo com a cr\u00edtica que o determina naquele quadrante apertado demais. Mesmo respeitando aproxima\u00e7\u00f5es, percebo sua produ\u00e7\u00e3o como uma esp\u00e9cie de mem\u00f3ria seletiva ou s\u00edntese do que de melhor temos no cancioneiro nacional. \u00c9 poss\u00edvel que haja mudan\u00e7a no dia e hor\u00e1rio do Balaio, mas para onde for, certamente carregar\u00e1 a marca do que melhor temos e juntos, tenho certeza, deslocaremos o debate sobre o come\u00e7o ou fim da semana. Com Balaio, onde estiver, sempre teremos domingos.<\/p>\n","protected":false},"excerpt":{"rendered":"<p>Chico e Renato Teixeira assumiram e deram conta do desafio de enfrentar o programa Balaio na TV Cultura Sempre me confundo ao definir o lugar &#8230;<\/p>\n","protected":false},"author":1,"featured_media":21072,"comment_status":"open","ping_status":"open","sticky":false,"template":"","format":"standard","meta":{"footnotes":""},"categories":[1],"tags":[],"class_list":["post-21068","post","type-post","status-publish","format-standard","has-post-thumbnail","hentry","category-nacional"],"_links":{"self":[{"href":"https:\/\/www.jornalcontato.com.br\/home\/index.php\/wp-json\/wp\/v2\/posts\/21068","targetHints":{"allow":["GET"]}}],"collection":[{"href":"https:\/\/www.jornalcontato.com.br\/home\/index.php\/wp-json\/wp\/v2\/posts"}],"about":[{"href":"https:\/\/www.jornalcontato.com.br\/home\/index.php\/wp-json\/wp\/v2\/types\/post"}],"author":[{"embeddable":true,"href":"https:\/\/www.jornalcontato.com.br\/home\/index.php\/wp-json\/wp\/v2\/users\/1"}],"replies":[{"embeddable":true,"href":"https:\/\/www.jornalcontato.com.br\/home\/index.php\/wp-json\/wp\/v2\/comments?post=21068"}],"version-history":[{"count":1,"href":"https:\/\/www.jornalcontato.com.br\/home\/index.php\/wp-json\/wp\/v2\/posts\/21068\/revisions"}],"predecessor-version":[{"id":21073,"href":"https:\/\/www.jornalcontato.com.br\/home\/index.php\/wp-json\/wp\/v2\/posts\/21068\/revisions\/21073"}],"wp:featuredmedia":[{"embeddable":true,"href":"https:\/\/www.jornalcontato.com.br\/home\/index.php\/wp-json\/wp\/v2\/media\/21072"}],"wp:attachment":[{"href":"https:\/\/www.jornalcontato.com.br\/home\/index.php\/wp-json\/wp\/v2\/media?parent=21068"}],"wp:term":[{"taxonomy":"category","embeddable":true,"href":"https:\/\/www.jornalcontato.com.br\/home\/index.php\/wp-json\/wp\/v2\/categories?post=21068"},{"taxonomy":"post_tag","embeddable":true,"href":"https:\/\/www.jornalcontato.com.br\/home\/index.php\/wp-json\/wp\/v2\/tags?post=21068"}],"curies":[{"name":"wp","href":"https:\/\/api.w.org\/{rel}","templated":true}]}}