{"id":20987,"date":"2024-06-09T09:02:36","date_gmt":"2024-06-09T12:02:36","guid":{"rendered":"https:\/\/www.jornalcontato.com.br\/home\/?p=20987"},"modified":"2024-06-09T09:02:36","modified_gmt":"2024-06-09T12:02:36","slug":"carta-aberta-a-santo-antonio-jc-sebe-bom-meihy","status":"publish","type":"post","link":"https:\/\/www.jornalcontato.com.br\/home\/index.php\/carta-aberta-a-santo-antonio-jc-sebe-bom-meihy\/","title":{"rendered":"CARTA ABERTA A SANTO ANT\u00d4NIO (JC Sebe Bom Meihy)"},"content":{"rendered":"<p style=\"text-align: center;\"><em><strong>Meu santinho querido, resolvi colocar no papel estas mal tra\u00e7adas linhas<\/strong><\/em><\/p>\n<p>Ando muito triste com meu pa\u00eds t\u00e3o carente de milagres. At\u00e9 parece castigo, mas o povo ainda passa por pen\u00farias. Lembrei-me que desde menino minha m\u00e3e me colocava na fila para, no seu dia pegar o famoso \u201cP\u00e3o de Santo Ant\u00f4nio\u201d. Eu ia meio chateado porque achava injusto celebrar a data de sua morte, dia 13 de junho, e n\u00e3o de seu nascimento, 15 de agosto. Festa \u00e9 quando a gente nasce, n\u00e3o quando morre.<\/p>\n<p>Lembro-me tamb\u00e9m que o p\u00e3o dado aos pobres curava doen\u00e7as e t\u00e3o forte era sua for\u00e7a que, dizem, uma vez eram tantos os mendigos que o senhor surrupiou o p\u00e3o dos confrades e quando veio a bronca mandou-os verificar melhor e as cestas estavam abarrotadas de p\u00e3o quentinho. Acho essa hist\u00f3ria um barato.<\/p>\n<p>Contam que h\u00e1 um sentimento chamado \u201cm\u00e1goa de Santo Ant\u00f4nio\u201d e reza a lenda (desculpe dizer \u201creza a lenda\u201d, sei que lenda n\u00e3o \u00e9 reza) enfim, diz a tradi\u00e7\u00e3o (melhor assim, n\u00e9?!), que o senhor primeiro quis ser agostiniano e fez forma\u00e7\u00e3o no mosteiro dessa Ordem, mas, insatisfeito com o mundo contemplativo resolveu mudar e se tornou companheiro de S\u00e3o Francisco que sa\u00eda abra\u00e7ando o povo. Nossa, achei lindo isso e at\u00e9 penso nos pol\u00edticos que falam, falam, e que bem poderiam mudar, sair pelo mundo.<\/p>\n<p>E por falar em serm\u00f5es, sabe que me comovo at\u00e9 hoje com o \u201cSerm\u00e3o aos peixes\u201d. Pois \u00e9, diz a lenda (aiaiai, eu com as lendas novamente), corrigindo, diz a hist\u00f3ria que certa feita o senhor foi pregar para uma multid\u00e3o, mas, como n\u00e3o lhe deram aten\u00e7\u00e3o, o senhor foi at\u00e9 a beira do rio e pregou aos peixes que aos milhares se puseram a escut\u00e1-lo. Poderoso. Sabe, sou professor e sempre me lembro desse caso ainda que os peixes que frequentam minhas aulas n\u00e3o atuem como os seus.<\/p>\n<p><a href=\"https:\/\/jornalcontato.com.br\/home\/wp-content\/uploads\/2024\/06\/Sermao-aso-peixes.jpg\"><img loading=\"lazy\" decoding=\"async\" class=\"aligncenter size-large wp-image-20988\" src=\"https:\/\/jornalcontato.com.br\/home\/wp-content\/uploads\/2024\/06\/Sermao-aso-peixes-450x338.jpg\" alt=\"\" width=\"450\" height=\"338\" srcset=\"https:\/\/jornalcontato.com.br\/home\/wp-content\/uploads\/2024\/06\/Sermao-aso-peixes-450x338.jpg 450w, https:\/\/jornalcontato.com.br\/home\/wp-content\/uploads\/2024\/06\/Sermao-aso-peixes-300x225.jpg 300w, https:\/\/jornalcontato.com.br\/home\/wp-content\/uploads\/2024\/06\/Sermao-aso-peixes.jpg 640w\" sizes=\"auto, (max-width: 450px) 100vw, 450px\" \/><\/a><\/p>\n<p style=\"text-align: center;\"><em><strong>Desprezado pela multid\u00e3o, pregou para os peixes<\/strong><\/em><\/p>\n<p>Contaram-me que o senhor, empenhado em converter os mul\u00e7umanos, foi para o Marrocos, e n\u00e3o se sentiu bem de sa\u00fade. Dizem ficou doente e que, mesmo contragosto, foi mandado de volta para sua Lisboa. Fico euf\u00f3rico quando relatam que na viagem de retorno tanto o senhor rezou que uma tempestade desviou a nau e o deixou na Sic\u00edlia onde ent\u00e3o passou a arrastar multid\u00f5es encantadas com suas prega\u00e7\u00f5es. Lindo isso, n\u00e9?! Mas mais lindo acreditar que a for\u00e7a divina se fez vento para conduzi-lo onde seria mais \u00fatil.<\/p>\n<p>Santo Ant\u00f4nio, fico bobo de ver o n\u00famero de cidades sob sua patronagem. Nossa! Acho que tudo se deve a uma tradi\u00e7\u00e3o mor, o fato do senhor ser \u201ccasamenteiro\u201d. Curioso que sou, busquei informa\u00e7\u00f5es e soube de v\u00e1rias ra\u00edzes explicativas, e, desculpe-me, a que mais gostei (sem desprezar as demais) \u00e9 daquela senhora que passando fome colocou a filha na prostitui\u00e7\u00e3o e indignada a linda jovem rezou implorando um sinal que veio num bilhete escrito, endere\u00e7ado a um rico comerciante. Dizia a cartinha que o tal mo\u00e7o deveria colocar a mensagem em um prato da balan\u00e7a e tantas moedas at\u00e9 equilibrar o outro. Desafiado, o mo\u00e7oilo assim fez e foi adicionando mais e mais moedas at\u00e9 chegar a 400. Equilibrados os pratos entendeu que era sinal divino e pediu a mo\u00e7a em matrim\u00f4nio. Lindinho este caso.<\/p>\n<p><a href=\"https:\/\/jornalcontato.com.br\/home\/wp-content\/uploads\/2024\/06\/Sermao-aos-indios.webp\"><img loading=\"lazy\" decoding=\"async\" class=\"aligncenter size-large wp-image-20989\" src=\"https:\/\/jornalcontato.com.br\/home\/wp-content\/uploads\/2024\/06\/Sermao-aos-indios-450x225.webp\" alt=\"\" width=\"450\" height=\"225\" srcset=\"https:\/\/jornalcontato.com.br\/home\/wp-content\/uploads\/2024\/06\/Sermao-aos-indios-450x225.webp 450w, https:\/\/jornalcontato.com.br\/home\/wp-content\/uploads\/2024\/06\/Sermao-aos-indios-300x150.webp 300w, https:\/\/jornalcontato.com.br\/home\/wp-content\/uploads\/2024\/06\/Sermao-aos-indios-768x384.webp 768w, https:\/\/jornalcontato.com.br\/home\/wp-content\/uploads\/2024\/06\/Sermao-aos-indios.webp 1280w\" sizes=\"auto, (max-width: 450px) 100vw, 450px\" \/><\/a><\/p>\n<p style=\"text-align: center;\"><em><strong>Padre Ant\u00f4nio Vieira lia o\u00a0serm\u00e3o com olhar cr\u00edtico e vivo<\/strong><\/em><\/p>\n<p>Pois \u00e9, assim o senhor se tornou patrono dos padeiros, pedreiros, mulheres est\u00e9reis, estudantes com d\u00e9fice de aprendizado, das m\u00e3es solteira, dos doentes do f\u00edgado, dos devedores, dos viajantes de navio e de tantas outras almas necessitadas que at\u00e9 me perturbo com sua ocupa\u00e7\u00e3o. H\u00e1 uma pr\u00e1tica, por\u00e9m que me atazana: o fato de lhe tirar o menino Jesus de seu colo chantageando-o para conseguir casamento. Como o senhor, t\u00e3o poderoso, deixa isso acontecer? E tem mais, dizem que al\u00e9m de lhe roubar o Menino ainda o colocam de cabe\u00e7a para baixo at\u00e9 aparecer um pretendente. Sabe, h\u00e1 casos ainda mais criminosos: o afogam com a cabe\u00e7a na \u00e1gua. Isso \u00e9 crime.<\/p>\n<p>Mas minha carta tem um pedido a mais: ajuda o Brasil, estamos necessitando mudan\u00e7as. H\u00e1 ainda gente marginalizada, e seu bendito p\u00e3o pode curar males j\u00e1 que o SUS n\u00e3o consegue melhorar seu atendimento; e nossos pol\u00edticos precisam levar um serm\u00e3o bendito, algo capaz de corrigir narrativas sempre alheias \u00e0s inst\u00e2ncias p\u00fablicas. Sua cren\u00e7a na mudan\u00e7a dos ventos bem que poderia propiciar nova rota para Bras\u00edlia, e a toler\u00e2ncia haveria de aben\u00e7oar o casamento da Rep\u00fablica com os Direitos humanos. E se n\u00e3o for pedir demais, d\u00ea uma forcinha para que nossas praias n\u00e3o sejam privatizadas. Am\u00e9m.<\/p>\n","protected":false},"excerpt":{"rendered":"<p>Meu santinho querido, resolvi colocar no papel estas mal tra\u00e7adas linhas Ando muito triste com meu pa\u00eds t\u00e3o carente de milagres. At\u00e9 parece castigo, mas &#8230;<\/p>\n","protected":false},"author":1,"featured_media":20990,"comment_status":"open","ping_status":"open","sticky":false,"template":"","format":"standard","meta":{"footnotes":""},"categories":[1],"tags":[],"class_list":["post-20987","post","type-post","status-publish","format-standard","has-post-thumbnail","hentry","category-nacional"],"_links":{"self":[{"href":"https:\/\/www.jornalcontato.com.br\/home\/index.php\/wp-json\/wp\/v2\/posts\/20987","targetHints":{"allow":["GET"]}}],"collection":[{"href":"https:\/\/www.jornalcontato.com.br\/home\/index.php\/wp-json\/wp\/v2\/posts"}],"about":[{"href":"https:\/\/www.jornalcontato.com.br\/home\/index.php\/wp-json\/wp\/v2\/types\/post"}],"author":[{"embeddable":true,"href":"https:\/\/www.jornalcontato.com.br\/home\/index.php\/wp-json\/wp\/v2\/users\/1"}],"replies":[{"embeddable":true,"href":"https:\/\/www.jornalcontato.com.br\/home\/index.php\/wp-json\/wp\/v2\/comments?post=20987"}],"version-history":[{"count":1,"href":"https:\/\/www.jornalcontato.com.br\/home\/index.php\/wp-json\/wp\/v2\/posts\/20987\/revisions"}],"predecessor-version":[{"id":20991,"href":"https:\/\/www.jornalcontato.com.br\/home\/index.php\/wp-json\/wp\/v2\/posts\/20987\/revisions\/20991"}],"wp:featuredmedia":[{"embeddable":true,"href":"https:\/\/www.jornalcontato.com.br\/home\/index.php\/wp-json\/wp\/v2\/media\/20990"}],"wp:attachment":[{"href":"https:\/\/www.jornalcontato.com.br\/home\/index.php\/wp-json\/wp\/v2\/media?parent=20987"}],"wp:term":[{"taxonomy":"category","embeddable":true,"href":"https:\/\/www.jornalcontato.com.br\/home\/index.php\/wp-json\/wp\/v2\/categories?post=20987"},{"taxonomy":"post_tag","embeddable":true,"href":"https:\/\/www.jornalcontato.com.br\/home\/index.php\/wp-json\/wp\/v2\/tags?post=20987"}],"curies":[{"name":"wp","href":"https:\/\/api.w.org\/{rel}","templated":true}]}}