{"id":20974,"date":"2024-05-26T09:13:25","date_gmt":"2024-05-26T12:13:25","guid":{"rendered":"https:\/\/www.jornalcontato.com.br\/home\/?p=20974"},"modified":"2024-05-26T09:13:25","modified_gmt":"2024-05-26T12:13:25","slug":"stalking-jc-sebe-bom-meihy","status":"publish","type":"post","link":"https:\/\/www.jornalcontato.com.br\/home\/index.php\/stalking-jc-sebe-bom-meihy\/","title":{"rendered":"STALKING (JC Sebe Bom Meihy)"},"content":{"rendered":"<p style=\"text-align: center;\"><em><strong>Kawara Welch, mineira de Ituiutaba, foi presa por perseguir um m\u00e9dico durante cinco anos<\/strong><\/em><\/p>\n<p>Resolvi abrir meu cora\u00e7\u00e3o: estou me sentindo um paquiderme, um bicho pr\u00e9-hist\u00f3rico daqueles dignos de filme de Spielberg. Creio que se voltasse a ver o \u201cJurassic Park\u201d, me encontraria naquele \u201cParque dos Dinossauros\u201d. Explico-me e o fa\u00e7o de jeito intimista, retra\u00e7ando meu incans\u00e1vel olhar rom\u00e2ntico com a lenta adapta\u00e7\u00e3o aos modos modernos de express\u00e3o sentimental. Complicado, n\u00e9?!<\/p>\n<p>Sou leitor ass\u00edduo de jornais. Sinceramente, um dia sem acesso a v\u00e1rios noticiosos me faz incompleto, algo pr\u00f3ximo a deixar de tomar banho ou me encher de cafe\u00edna pela manh\u00e3. \u00c9 sim, juro, mas acontece de vez em quando (deixar de ler jornal, pois sou do tipo \u201climpinho\u201d, e sem caf\u00e9 logo cedo n\u00e3o existo). Pois bem, por algum motivo justo, trabalho, acumulei alguns dias sem a pr\u00e1tica dessas leituras e, com sofreguid\u00e3o, perfilei jornais acumulados, uns cinco dias.<\/p>\n<p>Um depois de outro, fui desfilando coment\u00e1rios, editoriais, assuntos novos e continuados. No meio, por\u00e9m, uma novidade: a aterrorizadora not\u00edcia de uma tal Kawara Welch&#8230; claro que s\u00f3 pelo nome me vi tentado. Foi com esse pressuposto que retracei leitura nos grandes ve\u00edculos de comunica\u00e7\u00e3o. Devo dizer que a linha diretora de minha aten\u00e7\u00e3o estava atenta a entender uma hist\u00f3ria dividida entre a paix\u00e3o desbragada e afeto reprimido (viu? Eu avisei que sou do tipo rom\u00e2ntico). Chegadinho a um dramalh\u00e3o, fui em frente.<\/p>\n<p>Viciado em hist\u00f3rias tr\u00e1gicas, vocacionado a me emocionar com conquistas dif\u00edceis, coletei coment\u00e1rios sobre a enigm\u00e1tica Kawara e do enredo neur\u00f3tico mediado por aparelhos modernos: celulares, gravadores, redes sociais. A soma de leituras, contudo, me colocou um s\u00e9rio problema, o significado da palavra \u201cstalking\u201d. Julgo-me fluente em ingl\u00eas, mas aquele termo me era de algum outro mundo, do planeta p\u00f3s-moderno, lugar que recuso frequentar. E tem mais, a palavra cabe no dif\u00edcil, e inacess\u00edvel (para mim), dicion\u00e1rio dos avan\u00e7os eletr\u00f4nicos. Afff, pensei, mas fui em frente tentando decifrar as emo\u00e7\u00f5es da mo\u00e7oila de 23 anos &#8211; bonita, a ponto de ser modelo &#8211; preparada, declarando-se artista pl\u00e1stica, e sem d\u00favidas obstinada.<\/p>\n<p><a href=\"https:\/\/jornalcontato.com.br\/home\/wp-content\/uploads\/2024\/05\/Stalking-policia.jpg\"><img loading=\"lazy\" decoding=\"async\" class=\"aligncenter size-large wp-image-20975\" src=\"https:\/\/jornalcontato.com.br\/home\/wp-content\/uploads\/2024\/05\/Stalking-policia-450x196.jpg\" alt=\"\" width=\"450\" height=\"196\" srcset=\"https:\/\/jornalcontato.com.br\/home\/wp-content\/uploads\/2024\/05\/Stalking-policia-450x196.jpg 450w, https:\/\/jornalcontato.com.br\/home\/wp-content\/uploads\/2024\/05\/Stalking-policia-300x130.jpg 300w, https:\/\/jornalcontato.com.br\/home\/wp-content\/uploads\/2024\/05\/Stalking-policia-768x334.jpg 768w, https:\/\/jornalcontato.com.br\/home\/wp-content\/uploads\/2024\/05\/Stalking-policia-1536x668.jpg 1536w, https:\/\/jornalcontato.com.br\/home\/wp-content\/uploads\/2024\/05\/Stalking-policia.jpg 1587w\" sizes=\"auto, (max-width: 450px) 100vw, 450px\" \/><\/a><\/p>\n<p>Admitindo que sou colecionador de estere\u00f3tipos, o fato do caso se dar na minha querida Minas Gerais, em uma cidadezinha no interior, apimentou o enredo. Sempre achei os mineiros discretos, prudentes, ou como reza o imagin\u00e1rio nacional \u201cfi\u00e9is da nossa balan\u00e7a\u201d. Pois bem, vamos \u00e0 trama. Dizem os registros que tudo come\u00e7ou em 2018 quando o m\u00e9dico &#8211; que n\u00e3o tem seu nome revelado &#8211; atendeu a Kawara (meu Deus, n\u00e3o consigo deglutir tal nome!). Rezam as narrativas que desde ent\u00e3o foram mais de 1.300 mensagens, sendo que em um dia houve cerca de 500 liga\u00e7\u00f5es. Um detalhe chamou-me a aten\u00e7\u00e3o, casado, o objeto do desejo, teria medo de que a esposa descobrisse e, sentindo-se premido trocou o n\u00famero quatro vezes. De nada adiantou, pois, Kawara investiu tamb\u00e9m contra a mulher que, ali\u00e1s, reagiu com veem\u00eancia.<\/p>\n<p>Por favor, deem asas \u00e0s suas imagina\u00e7\u00f5es e levem em conta o abismo aberto nas profundas cavernas de minha curiosidade. Resolvi ampliar o escopo da investiga\u00e7\u00e3o que a essa altura me levou ao google, ao X, ao G1, ao Yahoo e tantos outros. Logo aprendi que o caso da desvairada em quest\u00e3o n\u00e3o era \u00fanico, pelo reverso, integrava longa lista. Quase ca\u00ed duro quando soube que no Brasil cerca de 155 mil mulheres denunciaram aos \u00f3rg\u00e3os p\u00fablicos passar pela mesma situa\u00e7\u00e3o, isso por dia. Minha perplexidade dilatou ainda mais quando as estat\u00edsticas mostraram o aumento de 82,2% do ano de 2021 para 2022. Em escala global, o caso era muito mais comum do supunha e revela uma \u201cnova forma de tara\u201d que, credo, tende a crescer.<\/p>\n<p><a href=\"https:\/\/jornalcontato.com.br\/home\/wp-content\/uploads\/2024\/05\/STALKING-agora-e-crime.jpeg\"><img loading=\"lazy\" decoding=\"async\" class=\"aligncenter size-large wp-image-20977\" src=\"https:\/\/jornalcontato.com.br\/home\/wp-content\/uploads\/2024\/05\/STALKING-agora-e-crime-450x450.jpeg\" alt=\"\" width=\"450\" height=\"450\" srcset=\"https:\/\/jornalcontato.com.br\/home\/wp-content\/uploads\/2024\/05\/STALKING-agora-e-crime-450x450.jpeg 450w, https:\/\/jornalcontato.com.br\/home\/wp-content\/uploads\/2024\/05\/STALKING-agora-e-crime-300x300.jpeg 300w, https:\/\/jornalcontato.com.br\/home\/wp-content\/uploads\/2024\/05\/STALKING-agora-e-crime-150x150.jpeg 150w, https:\/\/jornalcontato.com.br\/home\/wp-content\/uploads\/2024\/05\/STALKING-agora-e-crime-768x768.jpeg 768w, https:\/\/jornalcontato.com.br\/home\/wp-content\/uploads\/2024\/05\/STALKING-agora-e-crime-80x80.jpeg 80w, https:\/\/jornalcontato.com.br\/home\/wp-content\/uploads\/2024\/05\/STALKING-agora-e-crime-360x360.jpeg 360w, https:\/\/jornalcontato.com.br\/home\/wp-content\/uploads\/2024\/05\/STALKING-agora-e-crime-750x750.jpeg 750w, https:\/\/jornalcontato.com.br\/home\/wp-content\/uploads\/2024\/05\/STALKING-agora-e-crime.jpeg 1080w\" sizes=\"auto, (max-width: 450px) 100vw, 450px\" \/><\/a><\/p>\n<p>Aprendi que h\u00e1 estrat\u00e9gias de abordagens, algo do tipo persegui\u00e7\u00f5es constantes; conhecendo os trajetos e a rotina das v\u00edtimas, os\/as \u201cstalkingers\u201d passam a frequentar os mesmos lugares e intensificam chamadas telef\u00f4nicas revelando detalhes de roupas, escolhas de comidas, compras em lojas, e at\u00e9 a ordem de exerc\u00edcios em academias. Uma etapa nova se d\u00e1 quando come\u00e7am as amea\u00e7as e coer\u00e7\u00f5es que acabam envolvendo a fam\u00edlia, clientela, amigos. Em muitos casos, e isso aconteceu com a mineira em quest\u00e3o, invas\u00f5es de locais de trabalho e agress\u00f5es f\u00edsicas sucedem. Inventa-se uma hist\u00f3ria de amor inexistente e como se existisse luta-se pela realidade ficcionada.<\/p>\n<p>Aferindo tudo, cheguei a uma conclus\u00e3o: teria sido melhor n\u00e3o saber o significado de \u201cstalking\u201d. Justifico-me garantindo a prefer\u00eancia por sentimentos que dimensionavam afetos complexos e que, mesmo impedidos, se enquadravam nas linhas permitidas pela rela\u00e7\u00e3o \u00e0 dois. Aprendi mais, s\u00e3o passados os dias de \u201camor em tempo de c\u00f3lera\u201d. Garcia Marques n\u00e3o previu as novas c\u00f3leras. Se vivo, seguramente escreveria \u201camor em tempo de \u201cstalking\u201d.<\/p>\n","protected":false},"excerpt":{"rendered":"<p>Kawara Welch, mineira de Ituiutaba, foi presa por perseguir um m\u00e9dico durante cinco anos Resolvi abrir meu cora\u00e7\u00e3o: estou me sentindo um paquiderme, um bicho &#8230;<\/p>\n","protected":false},"author":1,"featured_media":20976,"comment_status":"open","ping_status":"open","sticky":false,"template":"","format":"standard","meta":{"footnotes":""},"categories":[1],"tags":[],"class_list":["post-20974","post","type-post","status-publish","format-standard","has-post-thumbnail","hentry","category-nacional"],"_links":{"self":[{"href":"https:\/\/www.jornalcontato.com.br\/home\/index.php\/wp-json\/wp\/v2\/posts\/20974","targetHints":{"allow":["GET"]}}],"collection":[{"href":"https:\/\/www.jornalcontato.com.br\/home\/index.php\/wp-json\/wp\/v2\/posts"}],"about":[{"href":"https:\/\/www.jornalcontato.com.br\/home\/index.php\/wp-json\/wp\/v2\/types\/post"}],"author":[{"embeddable":true,"href":"https:\/\/www.jornalcontato.com.br\/home\/index.php\/wp-json\/wp\/v2\/users\/1"}],"replies":[{"embeddable":true,"href":"https:\/\/www.jornalcontato.com.br\/home\/index.php\/wp-json\/wp\/v2\/comments?post=20974"}],"version-history":[{"count":1,"href":"https:\/\/www.jornalcontato.com.br\/home\/index.php\/wp-json\/wp\/v2\/posts\/20974\/revisions"}],"predecessor-version":[{"id":20978,"href":"https:\/\/www.jornalcontato.com.br\/home\/index.php\/wp-json\/wp\/v2\/posts\/20974\/revisions\/20978"}],"wp:featuredmedia":[{"embeddable":true,"href":"https:\/\/www.jornalcontato.com.br\/home\/index.php\/wp-json\/wp\/v2\/media\/20976"}],"wp:attachment":[{"href":"https:\/\/www.jornalcontato.com.br\/home\/index.php\/wp-json\/wp\/v2\/media?parent=20974"}],"wp:term":[{"taxonomy":"category","embeddable":true,"href":"https:\/\/www.jornalcontato.com.br\/home\/index.php\/wp-json\/wp\/v2\/categories?post=20974"},{"taxonomy":"post_tag","embeddable":true,"href":"https:\/\/www.jornalcontato.com.br\/home\/index.php\/wp-json\/wp\/v2\/tags?post=20974"}],"curies":[{"name":"wp","href":"https:\/\/api.w.org\/{rel}","templated":true}]}}