{"id":20955,"date":"2024-05-13T10:30:36","date_gmt":"2024-05-13T13:30:36","guid":{"rendered":"https:\/\/www.jornalcontato.com.br\/home\/?p=20955"},"modified":"2024-05-13T10:30:36","modified_gmt":"2024-05-13T13:30:36","slug":"maes-licencas-poeticas-e-emendas-amorosas-jc-sebe-bom-meihy","status":"publish","type":"post","link":"https:\/\/www.jornalcontato.com.br\/home\/index.php\/maes-licencas-poeticas-e-emendas-amorosas-jc-sebe-bom-meihy\/","title":{"rendered":"M\u00c3ES, LICEN\u00c7AS PO\u00c9TICAS E EMENDAS AMOROSAS (JC Sebe Bom Meihy)"},"content":{"rendered":"<p>Sina de cronista \u00e9 buscar novidades nas coisas simples e corriqueiras; \u00e9 recriar belezas onde elas se escondem; \u00e9 tirar do rotineiro risos, l\u00e1grimas, perplexidades. Sim, tudo isso e mais algumas coisas, mas, pergunta-se, o que acontece quando a cisma manda escrever sobre m\u00e3es no dia dedicado a elas? Paradoxo: ao mesmo tempo \u00e9 coisa dif\u00edcil e coisa f\u00e1cil.<\/p>\n<p>Dif\u00edcil ser original, fazer conex\u00f5es, combinar palavras dignas de um sentimento universal, qui\u00e7\u00e1 o maior de todos. Muitos decantaram em versos a saudade e o reconhecimento, e, ent\u00e3o, como marcar a data? Reverso disso, \u00e9 f\u00e1cil pensar na piedade de leitores que na jun\u00e7\u00e3o de tr\u00eas letras \u201cm-\u00e3-e\u201d perdoam a car\u00eancia de inova\u00e7\u00f5es, viram a p\u00e1gina das mal tra\u00e7adas linhas com compaix\u00e3o e, derretendo-se de empatia, se compadecem da boa vontade do cronista pretensioso. Ent\u00e3o, como ficamos? \u00c9 irresist\u00edvel pensar na homenagem, imperdo\u00e1vel deixar a data sem mencionar afetos eloquentes, passagens amorosas.<\/p>\n<p>Deixei as horas rodando seus ponteiros e fiquei em busca de inspira\u00e7\u00e3o. Por natural, lembrei-me de minha m\u00e3e e at\u00e9 elegi momentos especiais: o bolo azul de meu anivers\u00e1rio de 10 anos; o choro quando se despedia de mim no col\u00e9gio interno; o beijo p\u00fablico que me deu quando ganhei pr\u00eamio de reda\u00e7\u00e3o no gin\u00e1sio; a carinha inconformada quando decidi, aos 15 anos, sair de casa e morar em uma pens\u00e3o&#8230; Ladainhei momentos de febre quando carinhosamente ela fazia suco de uvas que eu tanto gostava; os apoios quando todos \u2013 inclusive ela \u2013 \u00a0eram contra minhas iniciativas sempre distantes da vontade familiar; a insist\u00eancia para que tomasse cuidado com tudo \u2013 \u201cpegou o casaco\u201d, \u201ctomou o rem\u00e9dio\u201d, \u201cn\u00e3o volte tarde\u201d, \u201cleve a chave\u201d \u2013 sabe aquela lenga do \u201cpreste aten\u00e7\u00e3o\u201d, \u201cseja educado com os outros\u201d&#8230; Eram tantos os detalhes que uma s\u00f3 cr\u00f4nica seria insuficiente e por demais pessoal.<\/p>\n<p><a href=\"https:\/\/jornalcontato.com.br\/home\/wp-content\/uploads\/2024\/05\/Alice-Ruiz.jpg\"><img loading=\"lazy\" decoding=\"async\" class=\"aligncenter size-large wp-image-20956\" src=\"https:\/\/jornalcontato.com.br\/home\/wp-content\/uploads\/2024\/05\/Alice-Ruiz-450x240.jpg\" alt=\"\" width=\"450\" height=\"240\" srcset=\"https:\/\/jornalcontato.com.br\/home\/wp-content\/uploads\/2024\/05\/Alice-Ruiz-450x240.jpg 450w, https:\/\/jornalcontato.com.br\/home\/wp-content\/uploads\/2024\/05\/Alice-Ruiz-300x160.jpg 300w, https:\/\/jornalcontato.com.br\/home\/wp-content\/uploads\/2024\/05\/Alice-Ruiz-768x410.jpg 768w, https:\/\/jornalcontato.com.br\/home\/wp-content\/uploads\/2024\/05\/Alice-Ruiz.jpg 1200w\" sizes=\"auto, (max-width: 450px) 100vw, 450px\" \/><\/a><\/p>\n<p style=\"text-align: center;\"><em><strong>Alice Ruiz: &#8220;&#8230;um corpo comporta outro corpo&#8221;<\/strong><\/em><\/p>\n<p>M\u00e3e \u00e9 m\u00e3e e o desejo ardente de homenage\u00e1-la demandou teimas que permitiram a busca de poetas que se dedicaram passagens \u00e0 essa miss\u00e3o filial sempre necess\u00e1ria e oportuna. E assim outra epopeia se abriu: como escolher? Como perfilar Bilac, Machado, Drummond, Cec\u00edlia Meireles, Mario Quintana, Ad\u00e9lia Prado, Cora Coralina? S\u00e3o tantas as men\u00e7\u00f5es de filhos para m\u00e3es, e de m\u00e3es para filhos, que precisei elaborar uma estrat\u00e9gia capaz de me redimir: recortar trechos de poemas alheios e emend\u00e1-los do meu jeito como se fossem versos meus, de um filho premido pelo desejo de um beijo agradecido. Tecnicamente, esse recurso leva o nome solene de \u201cbricolagem\u201d, ou seja, o reuso de materiais feitos para fins espec\u00edficos. E me autorizei a ousadia porque consagro supostos baseados na mem\u00f3ria coletiva que me absolve \u201cpelo amor de m\u00e3e tudo vale\u201d, e comecei por Alice Ruiz que cunhou uma explica\u00e7\u00e3o sint\u00e9tica e convincente sobre o poder do ventre materno<\/p>\n<p>\u201c<em>Depois que um corpo<br \/>\ncomporta<br \/>\noutro corpo<\/em><\/p>\n<p><em>nenhum cora\u00e7\u00e3o<br \/>\nsuporta<br \/>\no pouco<\/em>\u201d<\/p>\n<p>Coisa profunda, n\u00e9? Poderosa! A rima rica entesoura um conte\u00fado arrebatador. Um corpo comportando outro corpo, gerando a vida, \u00e9 a multiplica\u00e7\u00e3o que leva pensar na compensa\u00e7\u00e3o sempre inalcan\u00e7\u00e1vel: jamais superaremos o amor materno e tudo mais vira pouco, parco, fica incompleto.<\/p>\n<p><a href=\"https:\/\/jornalcontato.com.br\/home\/wp-content\/uploads\/2024\/05\/Paulo-Leminski.jpg\"><img loading=\"lazy\" decoding=\"async\" class=\"aligncenter size-large wp-image-20957\" src=\"https:\/\/jornalcontato.com.br\/home\/wp-content\/uploads\/2024\/05\/Paulo-Leminski-450x372.jpg\" alt=\"\" width=\"450\" height=\"372\" srcset=\"https:\/\/jornalcontato.com.br\/home\/wp-content\/uploads\/2024\/05\/Paulo-Leminski-450x372.jpg 450w, https:\/\/jornalcontato.com.br\/home\/wp-content\/uploads\/2024\/05\/Paulo-Leminski-300x248.jpg 300w, https:\/\/jornalcontato.com.br\/home\/wp-content\/uploads\/2024\/05\/Paulo-Leminski-768x634.jpg 768w, https:\/\/jornalcontato.com.br\/home\/wp-content\/uploads\/2024\/05\/Paulo-Leminski.jpg 1200w\" sizes=\"auto, (max-width: 450px) 100vw, 450px\" \/><\/a><\/p>\n<ul>\n<li style=\"text-align: center;\"><em><strong>Paulo Leminski: &#8220;&#8230;e tudo se obedecia&#8221;<\/strong><\/em><\/li>\n<\/ul>\n<p>E juntei esses versos a um outro, a um poeminha de Paulo Leminski, o doido curitibano demolidor de mitos que versejou delicadamente, como se fosse um devoto menino-santo:<\/p>\n<p>\u201c<em>Minha m\u00e3e dizia:<\/em><\/p>\n<p><em>\u2013 Ferve, \u00e1gua!<br \/>\n\u2013 Frita, ovo!<br \/>\n\u2013 Pinga, pia!<\/em><\/p>\n<p><em>E tudo obedecia<\/em>\u201d<\/p>\n<p>Sim, o poder das m\u00e3es em transformar d\u00e1 a dimens\u00e3o do teor de mudan\u00e7a, e o exemplo materno mostra isso na dimens\u00e3o cotidiana, das mat\u00e9rias elementares, da obedi\u00eancia, mas tudo, pelo poder delas. \u00c9 claro que todos temos o pendor das mesmas altera\u00e7\u00f5es de estado do ovo, da \u00e1gua, e de fazer a pia pingar, mas o comando materno plenifica tudo de um jeito diferente que matiza o poder pelo afeto: tudo segundo as ordens de \u201cminha m\u00e3e\u201d.<\/p>\n<p><a href=\"https:\/\/jornalcontato.com.br\/home\/wp-content\/uploads\/2024\/05\/Sergio-Caparelli.jpg\"><img loading=\"lazy\" decoding=\"async\" class=\"aligncenter size-large wp-image-20958\" src=\"https:\/\/jornalcontato.com.br\/home\/wp-content\/uploads\/2024\/05\/Sergio-Caparelli-450x338.jpg\" alt=\"\" width=\"450\" height=\"338\" srcset=\"https:\/\/jornalcontato.com.br\/home\/wp-content\/uploads\/2024\/05\/Sergio-Caparelli-450x338.jpg 450w, https:\/\/jornalcontato.com.br\/home\/wp-content\/uploads\/2024\/05\/Sergio-Caparelli-300x225.jpg 300w, https:\/\/jornalcontato.com.br\/home\/wp-content\/uploads\/2024\/05\/Sergio-Caparelli.jpg 480w\" sizes=\"auto, (max-width: 450px) 100vw, 450px\" \/><\/a><\/p>\n<p style=\"text-align: center;\"><em><strong>S\u00e9rgio Caparelli: &#8220;&#8230;teu nome [&#8230;] na palma da minha m\u00e3o&#8221;<\/strong><\/em><\/p>\n<p>Mas foi S\u00e9rgio Capparelli quem permitiu o arremate dos recortes anteriores. Ao dizer<\/p>\n<p><em>\u201c teu nome eu trago, m\u00e3e,<\/em><br \/>\n<em>na palma da minha m\u00e3o.\u201d<\/em><\/p>\n<p>O poeta indica o segredo pessoal do reconhecimento da gratid\u00e3o. Na \u201cpalma de minha m\u00e3o\u201d reside o teor da vida filial que pode carregar eternamente a del\u00edcia do reconhecer. E que lindeza ler na m\u00e3o de quem se permite a capacidade de olhar a m\u00e3e pessoal como se fossem todas as outras, como se os poeminhas fossem escritos para cada uma e cada filho virasse poeta ladr\u00e3o perdoado por saudar na sua a m\u00e3e coletiva.<\/p>\n","protected":false},"excerpt":{"rendered":"<p>Sina de cronista \u00e9 buscar novidades nas coisas simples e corriqueiras; \u00e9 recriar belezas onde elas se escondem; \u00e9 tirar do rotineiro risos, l\u00e1grimas, perplexidades. &#8230;<\/p>\n","protected":false},"author":1,"featured_media":20959,"comment_status":"open","ping_status":"open","sticky":false,"template":"","format":"standard","meta":{"footnotes":""},"categories":[1],"tags":[],"class_list":["post-20955","post","type-post","status-publish","format-standard","has-post-thumbnail","hentry","category-nacional"],"_links":{"self":[{"href":"https:\/\/www.jornalcontato.com.br\/home\/index.php\/wp-json\/wp\/v2\/posts\/20955","targetHints":{"allow":["GET"]}}],"collection":[{"href":"https:\/\/www.jornalcontato.com.br\/home\/index.php\/wp-json\/wp\/v2\/posts"}],"about":[{"href":"https:\/\/www.jornalcontato.com.br\/home\/index.php\/wp-json\/wp\/v2\/types\/post"}],"author":[{"embeddable":true,"href":"https:\/\/www.jornalcontato.com.br\/home\/index.php\/wp-json\/wp\/v2\/users\/1"}],"replies":[{"embeddable":true,"href":"https:\/\/www.jornalcontato.com.br\/home\/index.php\/wp-json\/wp\/v2\/comments?post=20955"}],"version-history":[{"count":1,"href":"https:\/\/www.jornalcontato.com.br\/home\/index.php\/wp-json\/wp\/v2\/posts\/20955\/revisions"}],"predecessor-version":[{"id":20960,"href":"https:\/\/www.jornalcontato.com.br\/home\/index.php\/wp-json\/wp\/v2\/posts\/20955\/revisions\/20960"}],"wp:featuredmedia":[{"embeddable":true,"href":"https:\/\/www.jornalcontato.com.br\/home\/index.php\/wp-json\/wp\/v2\/media\/20959"}],"wp:attachment":[{"href":"https:\/\/www.jornalcontato.com.br\/home\/index.php\/wp-json\/wp\/v2\/media?parent=20955"}],"wp:term":[{"taxonomy":"category","embeddable":true,"href":"https:\/\/www.jornalcontato.com.br\/home\/index.php\/wp-json\/wp\/v2\/categories?post=20955"},{"taxonomy":"post_tag","embeddable":true,"href":"https:\/\/www.jornalcontato.com.br\/home\/index.php\/wp-json\/wp\/v2\/tags?post=20955"}],"curies":[{"name":"wp","href":"https:\/\/api.w.org\/{rel}","templated":true}]}}