{"id":20879,"date":"2024-03-31T10:35:03","date_gmt":"2024-03-31T13:35:03","guid":{"rendered":"https:\/\/www.jornalcontato.com.br\/home\/?p=20879"},"modified":"2024-03-31T10:35:03","modified_gmt":"2024-03-31T13:35:03","slug":"requiem-ou-gloria-jc-sebe-bom-meihy","status":"publish","type":"post","link":"https:\/\/www.jornalcontato.com.br\/home\/index.php\/requiem-ou-gloria-jc-sebe-bom-meihy\/","title":{"rendered":"REQUIEM OU GLORIA? (JC Sebe Bom Meihy)"},"content":{"rendered":"<p>E assim se passaram 60 anos. No rastro da Hist\u00f3ria, seis d\u00e9cadas \u00e9 um sopro, mas para quem vivenciou o epis\u00f3dio da instala\u00e7\u00e3o da ditadura c\u00edvico militar e seus dram\u00e1ticos desdobramentos, tudo aquilo resultou num amea\u00e7ador ensaio de eternidade infernal. Por mais que se exercite a mem\u00f3ria, por mais documentos dispon\u00edveis, por maior que seja a exposi\u00e7\u00e3o de fatos irrefut\u00e1veis, falta largura para o entendimento daquele epis\u00f3dio fatal que em nosso caso durou 21 longos anos. \u00c9 verdade que a ditadura brasileira se inscreve em um projeto alastrado Am\u00e9rica Latina afora, envolvendo pa\u00edses como Argentina, Peru, Bol\u00edvia, Paraguai, Uruguai, mas cada um com rea\u00e7\u00f5es pr\u00f3prias.<\/p>\n<p>Supondo tudo que nos aconteceu &#8211; e que ainda se projeta na sociedade brasileira &#8211; vale reeditar a frase de Susan Sontag, fil\u00f3sofa que se expressou dizendo que \u201cas \u00fanicas respostas interessantes s\u00e3o aquelas que destroem as perguntas\u201d, e n\u00f3s, adiando de tempo em tempo, sequer formulamos pressupostos necess\u00e1rios para quest\u00f5es afeitas ao peso hist\u00f3rico da ditadura falseada em \u201crevolu\u00e7\u00e3o\u201d. Pior, ainda vivenciamos um negacionismo, que repete as voltas de um parafuso autorit\u00e1rio e persistente. Tudo para encobrir fatos \u00f3bvios de uma disputa que compromete a plenitude da democracia.<\/p>\n<p><a href=\"https:\/\/jornalcontato.com.br\/home\/wp-content\/uploads\/2024\/03\/susan-sontag.webp\"><img loading=\"lazy\" decoding=\"async\" class=\"aligncenter size-large wp-image-20880\" src=\"https:\/\/jornalcontato.com.br\/home\/wp-content\/uploads\/2024\/03\/susan-sontag-450x300.webp\" alt=\"\" width=\"450\" height=\"300\" srcset=\"https:\/\/jornalcontato.com.br\/home\/wp-content\/uploads\/2024\/03\/susan-sontag-450x300.webp 450w, https:\/\/jornalcontato.com.br\/home\/wp-content\/uploads\/2024\/03\/susan-sontag-300x200.webp 300w, https:\/\/jornalcontato.com.br\/home\/wp-content\/uploads\/2024\/03\/susan-sontag-768x512.webp 768w, https:\/\/jornalcontato.com.br\/home\/wp-content\/uploads\/2024\/03\/susan-sontag.webp 984w\" sizes=\"auto, (max-width: 450px) 100vw, 450px\" \/><\/a><\/p>\n<p style=\"text-align: center;\"><em><strong>Sontag: \u201cas \u00fanicas respostas interessantes s\u00e3o aquelas que destroem as perguntas&#8221;<\/strong><\/em><\/p>\n<p>O bom da quest\u00e3o \u00e9 que mesmo lentos vamos juntando elementos para orientar o rumo para uma sociedade com justi\u00e7a e equiparidade de direitos para todos. \u201cTodos\u201d, contudo, nos \u00e9 uma categoria dif\u00edcil posto sermos uma sociedade complexa, composta por camadas que lutam tenazmente por autonomia. Chega a causar constrangimento a condi\u00e7\u00e3o subalterna dos chamados povos origin\u00e1rios, de descendentes das sucessivas ondas de escravizados e da supremacia branca composta por conjuntos de colonizadores e imigrantes brancos e iludidos por uma democracia racial.<\/p>\n<p>H\u00e1 cortes assinalados no recente decurso hist\u00f3rico brasileiro. Diria que numa perspectiva sociopol\u00edtica a Proclama\u00e7\u00e3o da Rep\u00fablica (1889) foi momento determinante, diverso da Independ\u00eancia (1822) que, como processo diplom\u00e1tico, precisou de acordos internacionais negociados para a efetiva\u00e7\u00e3o de um regime estranho ao corpo pol\u00edtico latino-americano que viu brotar rep\u00fablicas sucessivas. A Rep\u00fablica brasileira resultou de rupturas consequentes, de rearranjos do regime que passou a depender de lideran\u00e7as militares. Sem a garantia de entendimento do papel dos militares em nossa trajet\u00f3ria moderna, \u00e9 invi\u00e1vel sequer formular as tais perguntas necess\u00e1rias para respostas que at\u00e9 hoje nos atormentam.<\/p>\n<p>Cadenciada por interfer\u00eancias constantes, de quando em quando os militares se reassumem senhores de um sistema que tem demorado para se efetivar em sua condi\u00e7\u00e3o civil e constitucional. Jos\u00e9 Murilo de Carvalho qualificou como \u201cbestializados\u201d a aus\u00eancia da popula\u00e7\u00e3o no processo de mudan\u00e7a do regime. E como tem sido dif\u00edcil contar com o povo nas decis\u00f5es p\u00fablicas. Como se fosse uma pr\u00e1tica natural, um conservadorismo cr\u00f4nico se fez tradi\u00e7\u00e3o e o olhar para traz nos permite pensar em manifesta\u00e7\u00f5es que desde o advento republicano imp\u00f4s solu\u00e7\u00f5es resolvidas pela tutela militar, a saber: Canudos (1893 \u2013 1897), Contestado (1912 \u2013 1916), Revolta da Vacina (1904), Chibata (1920), Tenentismo (1920), Revolta do Forte de Copacabana (1922), Interven\u00e7\u00e3o contra olig\u00e1rquica (1930), Estado Novo (1937). Esse ros\u00e1rio de interfer\u00eancias marca a vigil\u00e2ncia atenta ao andamento da pol\u00edtica durante a vig\u00eancia republicana.<\/p>\n<p><a href=\"https:\/\/jornalcontato.com.br\/home\/wp-content\/uploads\/2024\/03\/jospe-murilo-de-carvalho.webp\"><img loading=\"lazy\" decoding=\"async\" class=\"aligncenter size-large wp-image-20881\" src=\"https:\/\/jornalcontato.com.br\/home\/wp-content\/uploads\/2024\/03\/jospe-murilo-de-carvalho-450x253.webp\" alt=\"\" width=\"450\" height=\"253\" srcset=\"https:\/\/jornalcontato.com.br\/home\/wp-content\/uploads\/2024\/03\/jospe-murilo-de-carvalho-450x253.webp 450w, https:\/\/jornalcontato.com.br\/home\/wp-content\/uploads\/2024\/03\/jospe-murilo-de-carvalho-300x169.webp 300w, https:\/\/jornalcontato.com.br\/home\/wp-content\/uploads\/2024\/03\/jospe-murilo-de-carvalho-768x432.webp 768w, https:\/\/jornalcontato.com.br\/home\/wp-content\/uploads\/2024\/03\/jospe-murilo-de-carvalho-750x420.webp 750w, https:\/\/jornalcontato.com.br\/home\/wp-content\/uploads\/2024\/03\/jospe-murilo-de-carvalho-1140x641.webp 1140w, https:\/\/jornalcontato.com.br\/home\/wp-content\/uploads\/2024\/03\/jospe-murilo-de-carvalho.webp 1280w\" sizes=\"auto, (max-width: 450px) 100vw, 450px\" \/><\/a><\/p>\n<p style=\"text-align: center;\"><em><strong>Jos\u00e9 Murilo de Carvalho, historiador<\/strong><\/em><\/p>\n<p>Por l\u00f3gico, os militares n\u00e3o agiram sozinhos e, no vazio de participa\u00e7\u00e3o civil continuada, at\u00e9 ganharam reputa\u00e7\u00e3o pol\u00edtica. No caso de 1964, segmentos da sociedade civil e boa parte do empresariado se posicionaram de maneira a emprestar ao golpe a sensa\u00e7\u00e3o de legitimidade. E assim a instala\u00e7\u00e3o da ditadura passou por fases que permitiram uma grosseira maquiagem, obedecendo inclusive a arremedo de Constitui\u00e7\u00e3o (1967).<\/p>\n<p>O pr\u00f3prio tempo e o transcurso da hist\u00f3ria desmascararam o poder imposto pela for\u00e7a e sem vigor eleitoral direto. E a luta pela redemocratiza\u00e7\u00e3o se fez como uma das mais belas p\u00e1ginas de nossa Hist\u00f3ria. Avesso disso, por\u00e9m, a solu\u00e7\u00e3o assumida implicou um estranho pacto de anistia, condi\u00e7\u00e3o diversa dos feitos na Argentina e no Chile. Entre n\u00f3s o \u201cdeixa disso\u201d silenciou brados denunciadores de torturas, mortes e ex\u00edlios. Pois bem, o tempo aconteceu e o ju\u00edzo hist\u00f3rico faz perguntar das raz\u00f5es celebrativas da instala\u00e7\u00e3o daqueles horrores. Cabe o apagamento da data que serve de refer\u00eancia de uma luta que precisa ter realce? Ser\u00e1 que n\u00e3o \u00e9 exatamente isso que promove a tentativa de outros golpes? E mais uma vez vamos ficar quietos?<\/p>\n<p>Se \u201cRequiem\u201d \u00e9 a primeira palavra a ser dita em missas f\u00fanebres, pensando a postura oficial de autoridades que deveriam promover a rememora\u00e7\u00e3o, cabe dirigir o ritual de p\u00easames eles. E se \u201c<em>Gloria in excelsis deo<\/em>\u201d \u00e9 a abertura de quem sabe agradecer pela luta em favor da democracia, aos que n\u00e3o se calarem, vale complementar \u201c<em>et in terra pax hominibus bonae voluntatis<\/em>\u201d. Am\u00e9m.<\/p>\n","protected":false},"excerpt":{"rendered":"<p>E assim se passaram 60 anos. No rastro da Hist\u00f3ria, seis d\u00e9cadas \u00e9 um sopro, mas para quem vivenciou o epis\u00f3dio da instala\u00e7\u00e3o da ditadura &#8230;<\/p>\n","protected":false},"author":1,"featured_media":20882,"comment_status":"open","ping_status":"open","sticky":false,"template":"","format":"standard","meta":{"footnotes":""},"categories":[1],"tags":[],"class_list":["post-20879","post","type-post","status-publish","format-standard","has-post-thumbnail","hentry","category-nacional"],"_links":{"self":[{"href":"https:\/\/www.jornalcontato.com.br\/home\/index.php\/wp-json\/wp\/v2\/posts\/20879","targetHints":{"allow":["GET"]}}],"collection":[{"href":"https:\/\/www.jornalcontato.com.br\/home\/index.php\/wp-json\/wp\/v2\/posts"}],"about":[{"href":"https:\/\/www.jornalcontato.com.br\/home\/index.php\/wp-json\/wp\/v2\/types\/post"}],"author":[{"embeddable":true,"href":"https:\/\/www.jornalcontato.com.br\/home\/index.php\/wp-json\/wp\/v2\/users\/1"}],"replies":[{"embeddable":true,"href":"https:\/\/www.jornalcontato.com.br\/home\/index.php\/wp-json\/wp\/v2\/comments?post=20879"}],"version-history":[{"count":1,"href":"https:\/\/www.jornalcontato.com.br\/home\/index.php\/wp-json\/wp\/v2\/posts\/20879\/revisions"}],"predecessor-version":[{"id":20883,"href":"https:\/\/www.jornalcontato.com.br\/home\/index.php\/wp-json\/wp\/v2\/posts\/20879\/revisions\/20883"}],"wp:featuredmedia":[{"embeddable":true,"href":"https:\/\/www.jornalcontato.com.br\/home\/index.php\/wp-json\/wp\/v2\/media\/20882"}],"wp:attachment":[{"href":"https:\/\/www.jornalcontato.com.br\/home\/index.php\/wp-json\/wp\/v2\/media?parent=20879"}],"wp:term":[{"taxonomy":"category","embeddable":true,"href":"https:\/\/www.jornalcontato.com.br\/home\/index.php\/wp-json\/wp\/v2\/categories?post=20879"},{"taxonomy":"post_tag","embeddable":true,"href":"https:\/\/www.jornalcontato.com.br\/home\/index.php\/wp-json\/wp\/v2\/tags?post=20879"}],"curies":[{"name":"wp","href":"https:\/\/api.w.org\/{rel}","templated":true}]}}