{"id":20856,"date":"2024-03-17T08:29:40","date_gmt":"2024-03-17T11:29:40","guid":{"rendered":"https:\/\/www.jornalcontato.com.br\/home\/?p=20856"},"modified":"2024-03-17T08:29:40","modified_gmt":"2024-03-17T11:29:40","slug":"o-avesso-da-pele-de-lobato-jc-sebe-bom-meihy","status":"publish","type":"post","link":"https:\/\/www.jornalcontato.com.br\/home\/index.php\/o-avesso-da-pele-de-lobato-jc-sebe-bom-meihy\/","title":{"rendered":"\u201cO AVESSO DA PELE\u201d DE LOBATO\u00a0(JC Sebe Bom Meihy)"},"content":{"rendered":"<p style=\"text-align: center;\"><em><strong>Monteiro Lobato: rasgado, queimado, cancelado e imprescind\u00edvel<\/strong><\/em><\/p>\n<p>Como se o pensamento cr\u00edtico fosse dispensado ou inalcan\u00e7\u00e1vel, o <em>Index Librorum Prohibitorum <\/em>tenta se atualizar em pleno s\u00e9culo 21. E a prociss\u00e3o de zeladores \u00e9 engrossada por religiosos sect\u00e1rios, pais inseguros com filhos alijados da capacidade de discernimento e movimentos de subalternizados que pensando fazer o bem acabam repetindo as pr\u00e1ticas que os oneram. Exemplo abrasador dessas manifesta\u00e7\u00f5es pode ser dimensionado na recente onda contra \u201cO avesso da pele\u201d de Jeferson Ten\u00f3rio. O debate sobre esse sucesso dimensiona o tamanho do problema. Merecedor do Pr\u00eamio Jabuti, o livro publicado em 2020 desenrola um enredo que amarra aspectos que denunciam a viol\u00eancia e o racismo contra o segmento negro. Por leituras enviesadas, em vez de se qualificar a mensagem antirracista, vozes distorcidas ecoam como se fossem libelos pornogr\u00e1ficos.<\/p>\n<p>Sem d\u00favida, em termos da pr\u00e1tica de censura, estamos dando passos largos para abismos insond\u00e1veis. \u00c9 assustadora a constata\u00e7\u00e3o de livros \u201ccancelados\u201d, \u201crecolhidos\u201d, e mesmo \u201cn\u00e3o recomendados\u201d. A lista absurda implica Stephen King, Franz Kafka, Edgard Alan Poe, Harper Lee, autores que se comp\u00f5em com escritores nacionais do calibre de Machado de Assis, Euclides da Cunha, Carlos Heitor Cony, Jorge Amado, Concei\u00e7\u00e3o Evaristo, Carolina Maria de Jesus, Luiz Puntel. Os motivos podem se diferenciar, mas todos se constituem em varia\u00e7\u00f5es maquiadas de vetos, e n\u00e3o h\u00e1 como escapar: \u00e9 censura e censura grosseira.<\/p>\n<p><a href=\"https:\/\/jornalcontato.com.br\/home\/wp-content\/uploads\/2024\/03\/Livro.webp\"><img loading=\"lazy\" decoding=\"async\" class=\"aligncenter size-large wp-image-20857\" src=\"https:\/\/jornalcontato.com.br\/home\/wp-content\/uploads\/2024\/03\/Livro-300x450.webp\" alt=\"\" width=\"300\" height=\"450\" srcset=\"https:\/\/jornalcontato.com.br\/home\/wp-content\/uploads\/2024\/03\/Livro-300x450.webp 300w, https:\/\/jornalcontato.com.br\/home\/wp-content\/uploads\/2024\/03\/Livro-200x300.webp 200w, https:\/\/jornalcontato.com.br\/home\/wp-content\/uploads\/2024\/03\/Livro-768x1151.webp 768w, https:\/\/jornalcontato.com.br\/home\/wp-content\/uploads\/2024\/03\/Livro.webp 801w\" sizes=\"auto, (max-width: 300px) 100vw, 300px\" \/><\/a><\/p>\n<p style=\"text-align: center;\"><strong><em>Capa do livro de Jeferson Ten\u00f3rio<\/em><\/strong><\/p>\n<p>As justificativas para tanto se arrastam da Idade M\u00e9dia com est\u00e1gio na Inquisi\u00e7\u00e3o, parada dram\u00e1tica na Alemanha de Hitler e ramifica\u00e7\u00f5es em ditaduras variadas, inclusive no Brasil. Entre n\u00f3s os percal\u00e7os se apoiam em dois pilares: ra\u00e7a e sexo, ambos tabus ligados ao controle de corpos e mentes. De tal forma as \u201csuspens\u00f5es\u201d se insinuam que galgam condi\u00e7\u00e3o de pol\u00edticas que, por incoerente que pare\u00e7a, se tran\u00e7am tanto \u00e0 esquerda como \u00e0 direita. Vigoradas por igrejas, plataformas pol\u00edticas ou movimentos emancipadores, tais posturas sondam doen\u00e7as cr\u00f4nicas incrustradas na sensibilidade nacional. E acontecem em nome de saneamentos do mais c\u00ednico car\u00e1ter limitador da liberdade de express\u00e3o e do direito \u00e0 leitura cr\u00edtica.<\/p>\n<p>S\u00e3o m\u00faltiplos os fios que bordam a fantasia proposta para o carnaval supostamente zelador dos bons costumes, da honra e, l\u00f3gico, da prote\u00e7\u00e3o da fam\u00edlia tradicional. E ent\u00e3o a escola, a igreja, as c\u00e2maras municipais, passam a ser arenas para a macabra farra de proibi\u00e7\u00f5es, tudo, claro, em nome da \u201cboa pedagogia\u201d, da \u201carte pura\u201d e de supostos \u201cpoliticamente corretos\u201d. Grupos plurais, ainda que defensores de metas incompat\u00edveis como o pensamento cr\u00edtico e o antirracismo se aliam em comunh\u00e3o vigilante e, juntos, acedem a imagin\u00e1ria fogueira das limita\u00e7\u00f5es.<\/p>\n<p><a href=\"https:\/\/jornalcontato.com.br\/home\/wp-content\/uploads\/2024\/03\/Jeferson-Tenorio.jpg\"><img loading=\"lazy\" decoding=\"async\" class=\"aligncenter size-large wp-image-20858\" src=\"https:\/\/jornalcontato.com.br\/home\/wp-content\/uploads\/2024\/03\/Jeferson-Tenorio-450x300.jpg\" alt=\"\" width=\"450\" height=\"300\" srcset=\"https:\/\/jornalcontato.com.br\/home\/wp-content\/uploads\/2024\/03\/Jeferson-Tenorio-450x300.jpg 450w, https:\/\/jornalcontato.com.br\/home\/wp-content\/uploads\/2024\/03\/Jeferson-Tenorio-300x200.jpg 300w, https:\/\/jornalcontato.com.br\/home\/wp-content\/uploads\/2024\/03\/Jeferson-Tenorio-768x512.jpg 768w, https:\/\/jornalcontato.com.br\/home\/wp-content\/uploads\/2024\/03\/Jeferson-Tenorio-1536x1024.jpg 1536w, https:\/\/jornalcontato.com.br\/home\/wp-content\/uploads\/2024\/03\/Jeferson-Tenorio-2048x1365.jpg 2048w\" sizes=\"auto, (max-width: 450px) 100vw, 450px\" \/><\/a><\/p>\n<p style=\"text-align: center;\"><em><strong>Jeferson Ten\u00f3rio: vozes distorcidas ecoam como se fossem libelos pornogr\u00e1ficos<\/strong><\/em><\/p>\n<p>Mas h\u00e1 mais a ser comentado, pois limita\u00e7\u00f5es aos textos de Lobato t\u00eam derivado exatamente do movimento negro, do mesmo movimento que padece, por exemplo, cortes insuport\u00e1veis de censura como foi o caso do livro de Concei\u00e7\u00e3o Evaristo \u201cOlhos d\u2019\u00e1gua\u201d que teve afastada de suas fun\u00e7\u00f5es a professora que indicou o livro para leitura. Pois bem, assistimos ao longo de mais de uma d\u00e9cada um apedrejamento cadenciado contra a obra de Lobato, escolhido como foco de ataques, exatamente por se situar entre os mais importantes da literatura brasileira. A par da d\u00favida sobre o crit\u00e9rio de escolha, o que se tem \u00e9 a pecha de racista. E como se a condena\u00e7\u00e3o bastasse, esquece-se da vig\u00eancia de princ\u00edpios eug\u00eanicos comuns \u00e0 \u00e9poca em que o texto foi produzido. Tecnicamente, chama-se \u201canacronismo\u201d a atribui\u00e7\u00e3o de valores do tempo presente a eventos do passado.<\/p>\n<p>Mas partamos da hip\u00f3tese de que Lobato foi racista, isto bastaria para proscrev\u00ea-lo? N\u00e3o seria mais inteligente apesentar tais caracter\u00edsticas inscritas em contextos de espa\u00e7o e tempo? E como seriam virtuosos os debates em torno dessas situa\u00e7\u00f5es. Melhor retir\u00e1-lo de circula\u00e7\u00e3o, negando o inacredit\u00e1vel cr\u00e9dito dado a literatura e cultura brasileira como um todo? \u00c9 cab\u00edvel iluminar alguns pontos capazes de duvidar do simplismo desse cancelamento: fala-se muito da estirpe elitista de Lobato, neto de visconde, mas pouco ou nada de sua av\u00f3, negra e ex escravizada; comenta-se bastante do Lobato editor, mas poucos lembram de seus esfor\u00e7os para publicar Lima Barreto, negro, marginal e louco; e que dizer de seu conto \u201cNegrinha\u201d? A favor da biografia de Lobato conv\u00e9m ter claro que ele foi taxado de comunista, fordista, monarquista, georgista, esp\u00edrita, ateu, ent\u00e3o por que apenas racista?&#8230;<\/p>\n<p><a href=\"https:\/\/jornalcontato.com.br\/home\/wp-content\/uploads\/2024\/03\/negrinha.webp\"><img loading=\"lazy\" decoding=\"async\" class=\"aligncenter size-full wp-image-20859\" src=\"https:\/\/jornalcontato.com.br\/home\/wp-content\/uploads\/2024\/03\/negrinha.webp\" alt=\"\" width=\"300\" height=\"405\" srcset=\"https:\/\/jornalcontato.com.br\/home\/wp-content\/uploads\/2024\/03\/negrinha.webp 300w, https:\/\/jornalcontato.com.br\/home\/wp-content\/uploads\/2024\/03\/negrinha-222x300.webp 222w\" sizes=\"auto, (max-width: 300px) 100vw, 300px\" \/><\/a><\/p>\n<p>Como ler Lobato hoje, eis a grande quest\u00e3o e respostas derrubam investidas \u2013 tamb\u00e9m preconceituosas \u2013 de reescrita, corre\u00e7\u00e3o ou cortes de sua extensa obra. Democraticamente, temos que ler Lobato como e porque ele foi e representa. E discuti-lo como temos que discutir o texto de Jeferson Ten\u00f3rio. Pensemos no avesso da pele de Lobato. \u00a0Pensemos no avesso da pele de Ten\u00f3rio e exaltemos o direito da raz\u00e3o cr\u00edtica, instru\u00edda, libert\u00e1ria porque inteligente.<\/p>\n","protected":false},"excerpt":{"rendered":"<p>Monteiro Lobato: rasgado, queimado, cancelado e imprescind\u00edvel Como se o pensamento cr\u00edtico fosse dispensado ou inalcan\u00e7\u00e1vel, o Index Librorum Prohibitorum tenta se atualizar em pleno &#8230;<\/p>\n","protected":false},"author":1,"featured_media":20860,"comment_status":"open","ping_status":"open","sticky":false,"template":"","format":"standard","meta":{"footnotes":""},"categories":[1],"tags":[],"class_list":["post-20856","post","type-post","status-publish","format-standard","has-post-thumbnail","hentry","category-nacional"],"_links":{"self":[{"href":"https:\/\/www.jornalcontato.com.br\/home\/index.php\/wp-json\/wp\/v2\/posts\/20856","targetHints":{"allow":["GET"]}}],"collection":[{"href":"https:\/\/www.jornalcontato.com.br\/home\/index.php\/wp-json\/wp\/v2\/posts"}],"about":[{"href":"https:\/\/www.jornalcontato.com.br\/home\/index.php\/wp-json\/wp\/v2\/types\/post"}],"author":[{"embeddable":true,"href":"https:\/\/www.jornalcontato.com.br\/home\/index.php\/wp-json\/wp\/v2\/users\/1"}],"replies":[{"embeddable":true,"href":"https:\/\/www.jornalcontato.com.br\/home\/index.php\/wp-json\/wp\/v2\/comments?post=20856"}],"version-history":[{"count":1,"href":"https:\/\/www.jornalcontato.com.br\/home\/index.php\/wp-json\/wp\/v2\/posts\/20856\/revisions"}],"predecessor-version":[{"id":20861,"href":"https:\/\/www.jornalcontato.com.br\/home\/index.php\/wp-json\/wp\/v2\/posts\/20856\/revisions\/20861"}],"wp:featuredmedia":[{"embeddable":true,"href":"https:\/\/www.jornalcontato.com.br\/home\/index.php\/wp-json\/wp\/v2\/media\/20860"}],"wp:attachment":[{"href":"https:\/\/www.jornalcontato.com.br\/home\/index.php\/wp-json\/wp\/v2\/media?parent=20856"}],"wp:term":[{"taxonomy":"category","embeddable":true,"href":"https:\/\/www.jornalcontato.com.br\/home\/index.php\/wp-json\/wp\/v2\/categories?post=20856"},{"taxonomy":"post_tag","embeddable":true,"href":"https:\/\/www.jornalcontato.com.br\/home\/index.php\/wp-json\/wp\/v2\/tags?post=20856"}],"curies":[{"name":"wp","href":"https:\/\/api.w.org\/{rel}","templated":true}]}}