{"id":20800,"date":"2024-02-18T09:27:18","date_gmt":"2024-02-18T12:27:18","guid":{"rendered":"https:\/\/www.jornalcontato.com.br\/home\/?p=20800"},"modified":"2024-02-18T09:27:18","modified_gmt":"2024-02-18T12:27:18","slug":"politica-as-licoes-do-quarup-jc-sebe-bom-meihy","status":"publish","type":"post","link":"https:\/\/www.jornalcontato.com.br\/home\/index.php\/politica-as-licoes-do-quarup-jc-sebe-bom-meihy\/","title":{"rendered":"POL\u00cdTICA: AS LI\u00c7\u00d5ES DO \u201cQUARUP\u201d (JC Sebe Bom Meihy)"},"content":{"rendered":"<p>Sou do tipo que escreve di\u00e1rios em cadernos, mas reconhe\u00e7o que essa atividade tem se deslocado para as redes sociais, o que resulta distor\u00e7\u00f5es ex\u00f3ticas. E mesmo atento aos antigos modelos, n\u00e3o sou constante. Com o tempo \u2013 ou com a falta dele \u2013 fui me adaptando, dando um jeito de combinar apontamentos pessoais e outras observa\u00e7\u00f5es de cunho pr\u00e1tico.<\/p>\n<p>Pois bem, de quando em vez releio algumas p\u00e1ginas, quase sempre do passado pr\u00f3ximo. E foi assim que voltei ao dia 28 de janeiro \u00faltimo. Coincid\u00eancia, tratava-se do anivers\u00e1rio da morte de um de meus autores favoritos, Ant\u00f4nio Callado, em 1997. Atento, tratei de retomar um de seus romances. Antes, devo dizer que acompanhei a trajet\u00f3ria do ent\u00e3o jovem advogado que trocou o empenho jur\u00eddico pelo jornalismo. Definitivamente, afei\u00e7oei-me a ele quando juntei para um trabalho de p\u00f3s-gradua\u00e7\u00e3o os artigos produzidos entre 1941 e 47, ocasi\u00e3o em que atuou como correspondente brasileiro na BBC de Londres. Foi aquela cobertura da Segunda Guerra que influenciou meus estudos sobre a Guerra Civil Espanhola, cap\u00edtulo anterior \u00e0 deflagra\u00e7\u00e3o do conflito mundial. Da\u00ed em diante, acompanhei a obra de Callado com especial aten\u00e7\u00e3o, em particular seu diversificado teatro. Foi, contudo, para mim, o livro \u201cQuarup\u201d o texto mais consequente desse autor que, afinal, recobra impacto agora.<\/p>\n<p><a href=\"https:\/\/jornalcontato.com.br\/home\/wp-content\/uploads\/2024\/02\/Livro.jpg\"><img loading=\"lazy\" decoding=\"async\" class=\"aligncenter size-large wp-image-20801\" src=\"https:\/\/jornalcontato.com.br\/home\/wp-content\/uploads\/2024\/02\/Livro-296x450.jpg\" alt=\"\" width=\"296\" height=\"450\" srcset=\"https:\/\/jornalcontato.com.br\/home\/wp-content\/uploads\/2024\/02\/Livro-296x450.jpg 296w, https:\/\/jornalcontato.com.br\/home\/wp-content\/uploads\/2024\/02\/Livro-197x300.jpg 197w, https:\/\/jornalcontato.com.br\/home\/wp-content\/uploads\/2024\/02\/Livro-768x1170.jpg 768w, https:\/\/jornalcontato.com.br\/home\/wp-content\/uploads\/2024\/02\/Livro.jpg 788w\" sizes=\"auto, (max-width: 296px) 100vw, 296px\" \/><\/a><\/p>\n<p>\u201cQuarup\u201d \u00e9 um livro pol\u00eamico, situado entre os mais contravertidos da recente literatura brasileira. H\u00e1 detratores, cr\u00edticos que n\u00e3o se cansam de maldizer a trama taxando-a de panflet\u00e1ria, tendenciosa e at\u00e9 \u201cantiliteratura\u201d. No caso, o paralelo do escrito publicado em 1967, com acontecimentos irrompidos a partir do segundo governo Vargas &#8211; at\u00e9 os desmandos da ditadura c\u00edvico-militar de 1964 &#8211; era novidade acachapante. Acredito que minha devo\u00e7\u00e3o a esse texto rende tributos ao atrevimento, posto que a den\u00fancia de persegui\u00e7\u00f5es, torturas e mortes, chocava, sugerindo nova pauta para nossa produ\u00e7\u00e3o liter\u00e1ria.<\/p>\n<p>\u00c9 justo lembrar tamb\u00e9m que n\u00e3o poucos s\u00e3o os que exaltam esse romance revelando um enredo adiantado no sentido de questionar a realidade vigente, tran\u00e7ando personagens emblem\u00e1ticos de nossa conjuntura hist\u00f3rica: padre Nando, representando uma igreja incontida nas posturas tradicionais, expressas num sacerd\u00f3cio problem\u00e1tico; Francisca, mulher burguesa suscet\u00edvel a paix\u00f5es avassaladoras, exibindo um feminino vulner\u00e1vel e sem lugar na requalifica\u00e7\u00e3o de um Brasil classista e corrompido; Levindo, um sonhador que morre com seu prop\u00f3sito ut\u00f3pico. A trama, que desveste a sobriedade oficial e mostra a deprava\u00e7\u00e3o dos costumes, se desenvolve entre as principais cidades do pa\u00eds e a Amaz\u00f4nia. O Xingu, ou melhor, a cria\u00e7\u00e3o do Parque Nacional que acontecia simult\u00e2nea ao suic\u00eddio de Vargas, serviu de simulacro \u00e0 fal\u00eancia de projetos colonizadores e desafios de renova\u00e7\u00e3o.<\/p>\n<p>Nessa linha, essencial mesmo \u00e9 aquilatar o sentido da cerim\u00f4nia ind\u00edgena \u201cQuarup\u201d: conjunto de atividades ritual\u00edsticas organizadas para evocar os mortos e que tinha seu momento maior na luta, huka huka, contenda entre advers\u00e1rios, tamb\u00e9m ind\u00edgenas, proposta como disputa de fundo moral, pois o vencedor n\u00e3o deve\/pode humilhar o vencido, deixando-o aniquilado no ch\u00e3o. A mensagem \u00e9 linda. Lind\u00edssima. E \u00e9tica. Tra\u00e7ando um p\u00e1lido paralelo entre o enredo do livro e o simbolismo do \u201cQuarup\u201d projetado nos acontecimentos pol\u00edticos que vivemos agora, em particular com o esc\u00e2ndalo golpista do governo Bolsonaro, n\u00e3o resisti tomar como mote aquele contar.<\/p>\n<p><a href=\"https:\/\/jornalcontato.com.br\/home\/wp-content\/uploads\/2024\/02\/Calado-O-Brasil-nao-sabe-mais-o-que-e-um-porre-feliz.jpg\"><img loading=\"lazy\" decoding=\"async\" class=\"aligncenter size-large wp-image-20802\" src=\"https:\/\/jornalcontato.com.br\/home\/wp-content\/uploads\/2024\/02\/Calado-O-Brasil-nao-sabe-mais-o-que-e-um-porre-feliz-450x294.jpg\" alt=\"\" width=\"450\" height=\"294\" srcset=\"https:\/\/jornalcontato.com.br\/home\/wp-content\/uploads\/2024\/02\/Calado-O-Brasil-nao-sabe-mais-o-que-e-um-porre-feliz-450x294.jpg 450w, https:\/\/jornalcontato.com.br\/home\/wp-content\/uploads\/2024\/02\/Calado-O-Brasil-nao-sabe-mais-o-que-e-um-porre-feliz-300x196.jpg 300w, https:\/\/jornalcontato.com.br\/home\/wp-content\/uploads\/2024\/02\/Calado-O-Brasil-nao-sabe-mais-o-que-e-um-porre-feliz-768x502.jpg 768w, https:\/\/jornalcontato.com.br\/home\/wp-content\/uploads\/2024\/02\/Calado-O-Brasil-nao-sabe-mais-o-que-e-um-porre-feliz.jpg 940w\" sizes=\"auto, (max-width: 450px) 100vw, 450px\" \/><\/a><\/p>\n<p style=\"text-align: center;\"><em><strong>Ant\u00f4nio Calado: &#8220;O Brasil n\u00e3o sabe mais o que \u00e9 um porre feliz&#8221;<\/strong><\/em><\/p>\n<p>Quando os ineg\u00e1veis erros do governo petista ocorreram, correram rios de tintas, e, mais que isso, corrosivos memes arrolando Lula, Dilma e a vasta legi\u00e3o de correlegion\u00e1rios. E ainda que acomodados, foram lances impiedosos, c\u00e1usticos, muitos valendo-se do rid\u00edculo como artif\u00edcio destrutivo. Creio que poucas vezes o deboche atingiu satisfa\u00e7\u00e3o igual. Ent\u00e3o&#8230; ent\u00e3o o tempo passou e novas realidades se mostraram \u201ciguais contr\u00e1rias\u201d. A mudan\u00e7a, contudo, se fez espelho invertendo imagens. N\u00e3o h\u00e1, assim, como deixar de lado a perplexidade absoluta promovida pelo burlesco reverso. At\u00e9 parece uma daquelas trag\u00e9dias gregas, onde a vingan\u00e7a se realiza gota-a-gota, at\u00e9 o fim. O que antes era agente promotor das condena\u00e7\u00f5es fatais, hoje, plenifica o feiti\u00e7o contra o feiticeiro.<\/p>\n<p>\u00c9 quando Callado se refaz sugerindo dignidade na vit\u00f3ria. Abrindo meu cora\u00e7\u00e3o como conv\u00e9m aos aprendizes da pol\u00edtica, assumo como aula magna a mensagem do \u201cQuarup\u201d, e me vejo convidado a exercitar, como nunca, a discri\u00e7\u00e3o. E resta assumir tudo como emenda capaz sim de reconhecer e se rejubilar com a virada, mas sem comprometer a celebra\u00e7\u00e3o como vingan\u00e7a, enfim, sem humilhar os fracassados. Mas, ent\u00e3o, qual seria a l\u00f3gica em n\u00e3o replicar os modos infelizes que pesaram sobre o pret\u00e9rito? Vendo os acontecimentos com l\u00e1grimas enxugadas, sinto que resta clamar por justi\u00e7a, sim, mas com a m\u00e3o estendida e pedir que tudo funcione dentro das quatro linhas da Constitui\u00e7\u00e3o. E que em p\u00e9, juntos, consigamos vencer o luto do passado. E que Levindo, o ut\u00f3pico que morreu antes do sonho realizado, ressuscite agora.<\/p>\n","protected":false},"excerpt":{"rendered":"<p>Sou do tipo que escreve di\u00e1rios em cadernos, mas reconhe\u00e7o que essa atividade tem se deslocado para as redes sociais, o que resulta distor\u00e7\u00f5es ex\u00f3ticas. &#8230;<\/p>\n","protected":false},"author":1,"featured_media":20803,"comment_status":"open","ping_status":"open","sticky":false,"template":"","format":"standard","meta":{"footnotes":""},"categories":[1],"tags":[],"class_list":["post-20800","post","type-post","status-publish","format-standard","has-post-thumbnail","hentry","category-nacional"],"_links":{"self":[{"href":"https:\/\/www.jornalcontato.com.br\/home\/index.php\/wp-json\/wp\/v2\/posts\/20800","targetHints":{"allow":["GET"]}}],"collection":[{"href":"https:\/\/www.jornalcontato.com.br\/home\/index.php\/wp-json\/wp\/v2\/posts"}],"about":[{"href":"https:\/\/www.jornalcontato.com.br\/home\/index.php\/wp-json\/wp\/v2\/types\/post"}],"author":[{"embeddable":true,"href":"https:\/\/www.jornalcontato.com.br\/home\/index.php\/wp-json\/wp\/v2\/users\/1"}],"replies":[{"embeddable":true,"href":"https:\/\/www.jornalcontato.com.br\/home\/index.php\/wp-json\/wp\/v2\/comments?post=20800"}],"version-history":[{"count":1,"href":"https:\/\/www.jornalcontato.com.br\/home\/index.php\/wp-json\/wp\/v2\/posts\/20800\/revisions"}],"predecessor-version":[{"id":20804,"href":"https:\/\/www.jornalcontato.com.br\/home\/index.php\/wp-json\/wp\/v2\/posts\/20800\/revisions\/20804"}],"wp:featuredmedia":[{"embeddable":true,"href":"https:\/\/www.jornalcontato.com.br\/home\/index.php\/wp-json\/wp\/v2\/media\/20803"}],"wp:attachment":[{"href":"https:\/\/www.jornalcontato.com.br\/home\/index.php\/wp-json\/wp\/v2\/media?parent=20800"}],"wp:term":[{"taxonomy":"category","embeddable":true,"href":"https:\/\/www.jornalcontato.com.br\/home\/index.php\/wp-json\/wp\/v2\/categories?post=20800"},{"taxonomy":"post_tag","embeddable":true,"href":"https:\/\/www.jornalcontato.com.br\/home\/index.php\/wp-json\/wp\/v2\/tags?post=20800"}],"curies":[{"name":"wp","href":"https:\/\/api.w.org\/{rel}","templated":true}]}}