{"id":20790,"date":"2024-02-11T07:48:38","date_gmt":"2024-02-11T10:48:38","guid":{"rendered":"https:\/\/www.jornalcontato.com.br\/home\/?p=20790"},"modified":"2024-02-11T07:48:38","modified_gmt":"2024-02-11T10:48:38","slug":"o-acerto-de-mucio-com-as-forcas-armadas-sobre-os-60-anos-do-golpe-militar-rafael-moraes-moura","status":"publish","type":"post","link":"https:\/\/www.jornalcontato.com.br\/home\/index.php\/o-acerto-de-mucio-com-as-forcas-armadas-sobre-os-60-anos-do-golpe-militar-rafael-moraes-moura\/","title":{"rendered":"O acerto de M\u00facio com as For\u00e7as Armadas sobre os 60 anos do golpe militar (Rafael Moraes Moura)"},"content":{"rendered":"<p style=\"text-align: center;\"><em><strong>Ministro da Defesa, Jos\u00e9 Monteiro M\u00facio, em cerim\u00f4nia com comandantes do Ex\u00e9rcito, da Marinha e da Aeron\u00e1utica<\/strong><\/em><\/p>\n<p>O ministro da Defesa, Jos\u00e9 M\u00facio Monteiro, j\u00e1 acertou com os comandantes das For\u00e7as Armadas que n\u00e3o haver\u00e1 manifesta\u00e7\u00e3o oficial dos militares da ativa no pr\u00f3ximo dia 31 de mar\u00e7o, quando se marca o anivers\u00e1rio dos 60 anos do golpe que dep\u00f4s o presidente Jo\u00e3o Goulart, em 1964.<\/p>\n<p>A inten\u00e7\u00e3o de M\u00facio, endossada pelos comandantes, \u00e9 deixar o assunto de lado, em mais um esfor\u00e7o para distensionar o ambiente entre o Pal\u00e1cio do Planalto e a caserna \u2013 e evitar poss\u00edveis novos focos de crise, apesar da ampla repercuss\u00e3o que a data simb\u00f3lica deve ganhar entre a sociedade civil, o PT e dentro do pr\u00f3prio governo Lula.<\/p>\n<p>O acerto entre o titular da Defesa e os comandantes militares foi feito antes mesmo da opera\u00e7\u00e3o Tempus Veritatis, desencadeada nesta quinta-feira sobre o presidente, ministros militares e 16 oficiais da ativa e da reserva investigados por tramar um golpe de Estado \u2013 incluindo o general Estevam Theophilo, que s\u00f3 foi para a reserva em dezembro passado .<\/p>\n<p>As revela\u00e7\u00f5es da opera\u00e7\u00e3o tornaram ainda mais sens\u00edvel o assunto do golpe.<\/p>\n<p>.O combinado entre M\u00facio e os comandantes \u00e9 que n\u00e3o haver\u00e1 a divulga\u00e7\u00e3o de mensagens oficiais \u2013 a chamada \u201cordem do dia\u201d \u2013 por parte de nenhuma das tr\u00eas For\u00e7as \u2013 Ex\u00e9rcito, Marinha e Aeron\u00e1utica. \u201cN\u00e3o politizemos as coisas\u201d, tem dito M\u00facio a interlocutores.<\/p>\n<p>Se houver defesas entusiasmadas do golpe, vir\u00e3o dos militares da reserva, n\u00e3o dos da ativa.<\/p>\n<p>No ano passado, primeiro deste mandato de Lula, tamb\u00e9m n\u00e3o houve manifesta\u00e7\u00f5es das For\u00e7as Armadas a respeito do golpe de 1964, que foram divulgadas nos quatro anos de governo Bolsonaro (2019-2022), em mensagens assinadas pelos comandantes do Ex\u00e9rcito, Marinha e Aeron\u00e1utica.<\/p>\n<p>Por orienta\u00e7\u00e3o do Minist\u00e9rio da Defesa, as tropas foram alertadas que haveria puni\u00e7\u00e3o em caso de qualquer tipo de celebra\u00e7\u00e3o da data por militares da ativa, o que incluiu tamb\u00e9m postagens em redes sociais.<\/p>\n<p>O \u201cesquecimento\u201d oficial do 31 de mar\u00e7o faz parte dos \u201ctermos da rela\u00e7\u00e3o\u201d entre as For\u00e7as Armadas e o Pal\u00e1cio do Planalto, que vem feito uma s\u00e9rie de concess\u00f5es aos militares.<\/p>\n<p>Um exemplo \u00e9 a reinstala\u00e7\u00e3o da Comiss\u00e3o Especial de Mortos e Desaparecidos Pol\u00edticos, considerada uma prioridade pelo grupo de transi\u00e7\u00e3o da \u00e1rea de direitos humanos, mas que enfrenta forte resist\u00eancia dentro da caserna e que, por isso, nunca saiu do papel.<\/p>\n<p>Conforme mostrou o blog, o governo Lula tamb\u00e9m engavetou um projeto de lei que acabava em definitivo com as pens\u00f5es para filhos de militares \u2013 hoje v\u00e1lidas apenas para quem come\u00e7ou a receber o benef\u00edcio antes de 2000.<\/p>\n","protected":false},"excerpt":{"rendered":"<p>Ministro da Defesa, Jos\u00e9 Monteiro M\u00facio, em cerim\u00f4nia com comandantes do Ex\u00e9rcito, da Marinha e da Aeron\u00e1utica O ministro da Defesa, Jos\u00e9 M\u00facio Monteiro, j\u00e1 &#8230;<\/p>\n","protected":false},"author":1,"featured_media":20791,"comment_status":"open","ping_status":"open","sticky":false,"template":"","format":"standard","meta":{"footnotes":""},"categories":[1],"tags":[],"class_list":["post-20790","post","type-post","status-publish","format-standard","has-post-thumbnail","hentry","category-nacional"],"_links":{"self":[{"href":"https:\/\/www.jornalcontato.com.br\/home\/index.php\/wp-json\/wp\/v2\/posts\/20790","targetHints":{"allow":["GET"]}}],"collection":[{"href":"https:\/\/www.jornalcontato.com.br\/home\/index.php\/wp-json\/wp\/v2\/posts"}],"about":[{"href":"https:\/\/www.jornalcontato.com.br\/home\/index.php\/wp-json\/wp\/v2\/types\/post"}],"author":[{"embeddable":true,"href":"https:\/\/www.jornalcontato.com.br\/home\/index.php\/wp-json\/wp\/v2\/users\/1"}],"replies":[{"embeddable":true,"href":"https:\/\/www.jornalcontato.com.br\/home\/index.php\/wp-json\/wp\/v2\/comments?post=20790"}],"version-history":[{"count":1,"href":"https:\/\/www.jornalcontato.com.br\/home\/index.php\/wp-json\/wp\/v2\/posts\/20790\/revisions"}],"predecessor-version":[{"id":20792,"href":"https:\/\/www.jornalcontato.com.br\/home\/index.php\/wp-json\/wp\/v2\/posts\/20790\/revisions\/20792"}],"wp:featuredmedia":[{"embeddable":true,"href":"https:\/\/www.jornalcontato.com.br\/home\/index.php\/wp-json\/wp\/v2\/media\/20791"}],"wp:attachment":[{"href":"https:\/\/www.jornalcontato.com.br\/home\/index.php\/wp-json\/wp\/v2\/media?parent=20790"}],"wp:term":[{"taxonomy":"category","embeddable":true,"href":"https:\/\/www.jornalcontato.com.br\/home\/index.php\/wp-json\/wp\/v2\/categories?post=20790"},{"taxonomy":"post_tag","embeddable":true,"href":"https:\/\/www.jornalcontato.com.br\/home\/index.php\/wp-json\/wp\/v2\/tags?post=20790"}],"curies":[{"name":"wp","href":"https:\/\/api.w.org\/{rel}","templated":true}]}}