{"id":20786,"date":"2024-02-06T18:03:35","date_gmt":"2024-02-06T21:03:35","guid":{"rendered":"https:\/\/www.jornalcontato.com.br\/home\/?p=20786"},"modified":"2024-02-06T18:03:35","modified_gmt":"2024-02-06T21:03:35","slug":"legado-de-toffoli-e-minar-a-confianca-no-brasil-raquel-landim-jornalista-e-ancora-da-cnn","status":"publish","type":"post","link":"https:\/\/www.jornalcontato.com.br\/home\/index.php\/legado-de-toffoli-e-minar-a-confianca-no-brasil-raquel-landim-jornalista-e-ancora-da-cnn\/","title":{"rendered":"Legado de Toffoli \u00e9 minar a confian\u00e7a no Brasil (Raquel Landim, jornalista e \u00e2ncora da CNN)"},"content":{"rendered":"<p style=\"text-align: center;\"><em><strong>Ministro do STF Dias Toffoli com a esposa Roberta Rangel, advogada do grupo J&amp;F<\/strong><\/em><\/p>\n<p style=\"text-align: center;\"><em><strong>Minar a credibilidade de um pa\u00eds afeta severamente n\u00e3o s\u00f3 a economia, mas a pr\u00f3pria democracia\u00a0<\/strong><\/em><\/p>\n<p>Quando, em setembro de 2023, o ministro\u00a0<a href=\"https:\/\/www.estadao.com.br\/tudo-sobre\/dias-toffoli\/\"><strong>Dias Toffoli<\/strong><\/a>\u00a0carregou nas tintas em seu desagravo ao presidente\u00a0<a href=\"https:\/\/www.estadao.com.br\/tudo-sobre\/lula-luiz-inacio-lula-da-silva\/\"><strong>Lula da Silva<\/strong><\/a>\u00a0e anulou as provas da dela\u00e7\u00e3o da\u00a0<a href=\"https:\/\/www.estadao.com.br\/tudo-sobre\/odebrecht\/\"><strong>Odebrecht<\/strong><\/a>, pairavam muitas d\u00favidas sobre as repercuss\u00f5es da sua decis\u00e3o.<\/p>\n<p>Passados cinco meses, est\u00e1 mais clara a estrat\u00e9gia das empresas e dos executivos que foram pegos nos esquemas de corrup\u00e7\u00e3o revelados pela Opera\u00e7\u00e3o Lava Jato e outras investiga\u00e7\u00f5es correlatas.<\/p>\n<p>A\u00a0<a href=\"https:\/\/www.estadao.com.br\/tudo-sobre\/jbs\/\"><strong>J&amp;F<\/strong><\/a>\u00a0abriu a fila, pedindo suspens\u00e3o do pagamento de multa bilion\u00e1ria para ter acesso aos dados da Opera\u00e7\u00e3o Spoofing, e classificando aquele primeiro agrado a Lula (cuja pris\u00e3o o ministro chamou de \u201carma\u00e7\u00e3o\u201d) como \u201cdecis\u00e3o paradigma\u201d por reconhecer os abusos da Lava Jato.<\/p>\n<p>Foi o suficiente para que Toffoli entendesse que havia \u201cd\u00favida razo\u00e1vel\u201d se os irm\u00e3os Joesley e Wesley Batista tinham, espontaneamente, confessado seus crimes e aceitado pagar multa para se livrar deles. Isso a despeito de terem gravado autoridades e n\u00e3o estarem presos quando assinaram os acordos.<\/p>\n<p>Toffoli suspendeu pagamento de multa por parte da J&amp;F<\/p>\n<p><a href=\"https:\/\/jornalcontato.com.br\/home\/wp-content\/uploads\/2024\/02\/Weslwy-e-Joesley-scaled.jpg\"><img loading=\"lazy\" decoding=\"async\" class=\"aligncenter size-large wp-image-20787\" src=\"https:\/\/jornalcontato.com.br\/home\/wp-content\/uploads\/2024\/02\/Weslwy-e-Joesley-450x338.jpg\" alt=\"\" width=\"450\" height=\"338\" srcset=\"https:\/\/jornalcontato.com.br\/home\/wp-content\/uploads\/2024\/02\/Weslwy-e-Joesley-450x338.jpg 450w, https:\/\/jornalcontato.com.br\/home\/wp-content\/uploads\/2024\/02\/Weslwy-e-Joesley-300x225.jpg 300w, https:\/\/jornalcontato.com.br\/home\/wp-content\/uploads\/2024\/02\/Weslwy-e-Joesley-768x576.jpg 768w, https:\/\/jornalcontato.com.br\/home\/wp-content\/uploads\/2024\/02\/Weslwy-e-Joesley-1536x1152.jpg 1536w, https:\/\/jornalcontato.com.br\/home\/wp-content\/uploads\/2024\/02\/Weslwy-e-Joesley-2048x1536.jpg 2048w\" sizes=\"auto, (max-width: 450px) 100vw, 450px\" \/><\/a><\/p>\n<p>Wesley e Joesley Batista, herdeiros da J&amp;F<\/p>\n<p>Uma vez aceita, a tese vale n\u00e3o s\u00f3 para a J&amp;F (cliente do escrit\u00f3rio da mulher de Toffoli), mas para qualquer outra empresa. N\u00e3o \u00e9 \u00e0 toa que a pr\u00f3pria Odebrecht tamb\u00e9m pediu e levou a suspens\u00e3o da sua multa.<\/p>\n<p>L\u00e9o Pinheiro, presidente da OAS naquela \u00e9poca, foi atr\u00e1s. A fila \u00e9 grande. S\u00e3o bilh\u00f5es e bilh\u00f5es que podem deixar de ser devolvidos aos cofres p\u00fablicos. Na J&amp;F, R$ 10 bilh\u00f5es; na Odebrecht, R$ 6,8 bilh\u00f5es (atualizados); L\u00e9o Pinheiro, R$ 45 milh\u00f5es\u2026 e por a\u00ed vai.<\/p>\n<p>Importante notar que as empresas n\u00e3o querem rasgar os acordos, porque eles garantem seguran\u00e7a jur\u00eddica e permitem participa\u00e7\u00e3o em licita\u00e7\u00f5es p\u00fablicas. O que elas querem \u00e9 renegociar valores, e, para isso, os pagamentos suspensos s\u00e3o uma ajuda e tanto na hora de barganhar com as autoridades.<\/p>\n<p>At\u00e9 agora a Procuradoria-Geral da Rep\u00fablica (PGR) n\u00e3o recorreu, o caso n\u00e3o foi para a an\u00e1lise da turma, nem ao plen\u00e1rio do Supremo Tribunal Federal (STF). Fica tudo pendurado em cima de decis\u00f5es de um \u00fanico juiz.<\/p>\n<p>O principal problema, contudo, nem \u00e9 o dinheiro que deixar\u00e1 de entrar para o er\u00e1rio. Ao apagar as consequ\u00eancias da corrup\u00e7\u00e3o e aliviar a situa\u00e7\u00e3o de corruptores e corrompidos, o ministro Dias Toffoli deixa um legado de falta de confian\u00e7a no Brasil.<\/p>\n<p>N\u00e3o s\u00f3 estrangeiros, mas brasileiros voltam a duvidar da capacidade das suas institui\u00e7\u00f5es de investigar e punir. Autoridades preferiram criticar o term\u00f4metro e o ministro Toffoli chegou a abrir uma investiga\u00e7\u00e3o contra a ONG Transpar\u00eancia Internacional, mas minar a credibilidade de um pa\u00eds afeta severamente n\u00e3o s\u00f3 a economia, mas a pr\u00f3pria democracia. J\u00e1 dever\u00edamos ter aprendido com a Hist\u00f3ria.<\/p>\n<p style=\"text-align: right;\"><em><strong>Artigo publicado como Opini\u00e3o no Estad\u00e3o de 06 janeiro<\/strong><\/em><\/p>\n","protected":false},"excerpt":{"rendered":"<p>Ministro do STF Dias Toffoli com a esposa Roberta Rangel, advogada do grupo J&amp;F Minar a credibilidade de um pa\u00eds afeta severamente n\u00e3o s\u00f3 a &#8230;<\/p>\n","protected":false},"author":1,"featured_media":20788,"comment_status":"open","ping_status":"open","sticky":false,"template":"","format":"standard","meta":{"footnotes":""},"categories":[1],"tags":[],"class_list":["post-20786","post","type-post","status-publish","format-standard","has-post-thumbnail","hentry","category-nacional"],"_links":{"self":[{"href":"https:\/\/www.jornalcontato.com.br\/home\/index.php\/wp-json\/wp\/v2\/posts\/20786","targetHints":{"allow":["GET"]}}],"collection":[{"href":"https:\/\/www.jornalcontato.com.br\/home\/index.php\/wp-json\/wp\/v2\/posts"}],"about":[{"href":"https:\/\/www.jornalcontato.com.br\/home\/index.php\/wp-json\/wp\/v2\/types\/post"}],"author":[{"embeddable":true,"href":"https:\/\/www.jornalcontato.com.br\/home\/index.php\/wp-json\/wp\/v2\/users\/1"}],"replies":[{"embeddable":true,"href":"https:\/\/www.jornalcontato.com.br\/home\/index.php\/wp-json\/wp\/v2\/comments?post=20786"}],"version-history":[{"count":1,"href":"https:\/\/www.jornalcontato.com.br\/home\/index.php\/wp-json\/wp\/v2\/posts\/20786\/revisions"}],"predecessor-version":[{"id":20789,"href":"https:\/\/www.jornalcontato.com.br\/home\/index.php\/wp-json\/wp\/v2\/posts\/20786\/revisions\/20789"}],"wp:featuredmedia":[{"embeddable":true,"href":"https:\/\/www.jornalcontato.com.br\/home\/index.php\/wp-json\/wp\/v2\/media\/20788"}],"wp:attachment":[{"href":"https:\/\/www.jornalcontato.com.br\/home\/index.php\/wp-json\/wp\/v2\/media?parent=20786"}],"wp:term":[{"taxonomy":"category","embeddable":true,"href":"https:\/\/www.jornalcontato.com.br\/home\/index.php\/wp-json\/wp\/v2\/categories?post=20786"},{"taxonomy":"post_tag","embeddable":true,"href":"https:\/\/www.jornalcontato.com.br\/home\/index.php\/wp-json\/wp\/v2\/tags?post=20786"}],"curies":[{"name":"wp","href":"https:\/\/api.w.org\/{rel}","templated":true}]}}