{"id":2077,"date":"2012-09-20T18:31:50","date_gmt":"2012-09-20T21:31:50","guid":{"rendered":"http:\/\/jornalcontato.com.br\/home\/?p=2077"},"modified":"2012-09-20T18:52:30","modified_gmt":"2012-09-20T21:52:30","slug":"mudancas-na-decoracao-do-plenario","status":"publish","type":"post","link":"https:\/\/www.jornalcontato.com.br\/home\/index.php\/mudancas-na-decoracao-do-plenario\/","title":{"rendered":"Mudan\u00e7as na Decora\u00e7\u00e3o do Plen\u00e1rio"},"content":{"rendered":"<p>Quem estava presente na Sess\u00e3o Ordin\u00e1ria do dia 19 de setembro notou a mudan\u00e7a na decora\u00e7\u00e3o da Casa de Leis: novas mesas e um novo n\u00famero de cadeiras, porque o n\u00famero de vereadores, a partir de 2013, passa de quatorze para dezenove.<!--more--><\/p>\n<p>&nbsp;<\/p>\n<p><a href=\"http:\/\/jornalcontato.com.br\/home\/wp-content\/uploads\/2012\/09\/DSC_0990.jpg\"><img loading=\"lazy\" decoding=\"async\" class=\"aligncenter size-medium wp-image-2081\" title=\"DSC_0990\" src=\"http:\/\/jornalcontato.com.br\/home\/wp-content\/uploads\/2012\/09\/DSC_0990-300x199.jpg\" alt=\"\" width=\"300\" height=\"199\" srcset=\"https:\/\/jornalcontato.com.br\/home\/wp-content\/uploads\/2012\/09\/DSC_0990-300x199.jpg 300w, https:\/\/jornalcontato.com.br\/home\/wp-content\/uploads\/2012\/09\/DSC_0990-1024x680.jpg 1024w\" sizes=\"auto, (max-width: 300px) 100vw, 300px\" \/><\/a><\/p>\n<p><a href=\"http:\/\/jornalcontato.com.br\/home\/wp-content\/uploads\/2012\/09\/DSC_0997.jpg\"><img loading=\"lazy\" decoding=\"async\" class=\"aligncenter size-medium wp-image-2083\" title=\"DSC_0997\" src=\"http:\/\/jornalcontato.com.br\/home\/wp-content\/uploads\/2012\/09\/DSC_0997-300x199.jpg\" alt=\"\" width=\"300\" height=\"199\" srcset=\"https:\/\/jornalcontato.com.br\/home\/wp-content\/uploads\/2012\/09\/DSC_0997-300x199.jpg 300w, https:\/\/jornalcontato.com.br\/home\/wp-content\/uploads\/2012\/09\/DSC_0997-1024x680.jpg 1024w\" sizes=\"auto, (max-width: 300px) 100vw, 300px\" \/><\/a><\/p>\n<p>&nbsp;<\/p>\n","protected":false},"excerpt":{"rendered":"<p>Quem estava presente na Sess\u00e3o Ordin\u00e1ria do dia 19 de setembro notou a mudan\u00e7a na decora\u00e7\u00e3o da Casa de Leis: novas mesas e um novo &#8230;<\/p>\n","protected":false},"author":1,"featured_media":2081,"comment_status":"open","ping_status":"open","sticky":false,"template":"","format":"standard","meta":{"footnotes":""},"categories":[7],"tags":[],"class_list":["post-2077","post","type-post","status-publish","format-standard","has-post-thumbnail","hentry","category-reportagem"],"_links":{"self":[{"href":"https:\/\/www.jornalcontato.com.br\/home\/index.php\/wp-json\/wp\/v2\/posts\/2077","targetHints":{"allow":["GET"]}}],"collection":[{"href":"https:\/\/www.jornalcontato.com.br\/home\/index.php\/wp-json\/wp\/v2\/posts"}],"about":[{"href":"https:\/\/www.jornalcontato.com.br\/home\/index.php\/wp-json\/wp\/v2\/types\/post"}],"author":[{"embeddable":true,"href":"https:\/\/www.jornalcontato.com.br\/home\/index.php\/wp-json\/wp\/v2\/users\/1"}],"replies":[{"embeddable":true,"href":"https:\/\/www.jornalcontato.com.br\/home\/index.php\/wp-json\/wp\/v2\/comments?post=2077"}],"version-history":[{"count":3,"href":"https:\/\/www.jornalcontato.com.br\/home\/index.php\/wp-json\/wp\/v2\/posts\/2077\/revisions"}],"predecessor-version":[{"id":2087,"href":"https:\/\/www.jornalcontato.com.br\/home\/index.php\/wp-json\/wp\/v2\/posts\/2077\/revisions\/2087"}],"wp:featuredmedia":[{"embeddable":true,"href":"https:\/\/www.jornalcontato.com.br\/home\/index.php\/wp-json\/wp\/v2\/media\/2081"}],"wp:attachment":[{"href":"https:\/\/www.jornalcontato.com.br\/home\/index.php\/wp-json\/wp\/v2\/media?parent=2077"}],"wp:term":[{"taxonomy":"category","embeddable":true,"href":"https:\/\/www.jornalcontato.com.br\/home\/index.php\/wp-json\/wp\/v2\/categories?post=2077"},{"taxonomy":"post_tag","embeddable":true,"href":"https:\/\/www.jornalcontato.com.br\/home\/index.php\/wp-json\/wp\/v2\/tags?post=2077"}],"curies":[{"name":"wp","href":"https:\/\/api.w.org\/{rel}","templated":true}]}}