{"id":2071,"date":"2012-09-20T11:54:10","date_gmt":"2012-09-20T14:54:10","guid":{"rendered":"http:\/\/jornalcontato.com.br\/home\/?p=2071"},"modified":"2012-09-27T14:26:03","modified_gmt":"2012-09-27T17:26:03","slug":"prefeito-roberto-peixoto-apoia-padre-afonso-pv","status":"publish","type":"post","link":"https:\/\/www.jornalcontato.com.br\/home\/index.php\/prefeito-roberto-peixoto-apoia-padre-afonso-pv\/","title":{"rendered":"Prefeito Roberto Peixoto apoia Padre Afonso (PV)"},"content":{"rendered":"<p>No come\u00e7o da noite de\u00a0quarta-feira,19, o prefeito Roberto Peixoto (sem partido) reuniu seus assessores no Flat Olavo Bilac para anunciar seu apoio ao\u00a0candidato Padre Afonso Lobato (PV), que compareceu ao evento.<\/p>\n<p><!--more-->Dona Luciana &#8220;Jesus, Maria e o Nen\u00e9m&#8221; Peixoto n\u00e3o compareceu. Padre Afonso aceitou o apoio, mas pediu para que n\u00e3o fosse ostensivo por causa do desgaste de Peixoto. Um dos participantes disse \u00e0 nossa reportagem que se ele quiser apoio do prefeito tem de ser do jeito que Peixoto quiser. O advogado Anthero Mendes J\u00fanior seria o representante de Peixoto e\u00a0articulador dessa negocia\u00e7\u00e3o com Padre Afonso. Anthero era o candidato preferido dos inquilinos do Pal\u00e1cio Bom Conselho.<\/p>\n<p>Em fevereiro de 2008, Peixoto fechou acordo com o PT que indicou Vera Saba a vice, com o apoio de Isaac do Carmo, Beto Coelho e Salvador Soares, entre outros. A foto registra o momento em que o prefeito se retirava do encontro.<\/p>\n","protected":false},"excerpt":{"rendered":"<p>No come\u00e7o da noite de\u00a0quarta-feira,19, o prefeito Roberto Peixoto (sem partido) reuniu seus assessores no Flat Olavo Bilac para anunciar seu apoio ao\u00a0candidato Padre Afonso &#8230;<\/p>\n","protected":false},"author":1,"featured_media":2072,"comment_status":"open","ping_status":"open","sticky":false,"template":"","format":"standard","meta":{"footnotes":""},"categories":[7],"tags":[],"class_list":["post-2071","post","type-post","status-publish","format-standard","has-post-thumbnail","hentry","category-reportagem"],"_links":{"self":[{"href":"https:\/\/www.jornalcontato.com.br\/home\/index.php\/wp-json\/wp\/v2\/posts\/2071","targetHints":{"allow":["GET"]}}],"collection":[{"href":"https:\/\/www.jornalcontato.com.br\/home\/index.php\/wp-json\/wp\/v2\/posts"}],"about":[{"href":"https:\/\/www.jornalcontato.com.br\/home\/index.php\/wp-json\/wp\/v2\/types\/post"}],"author":[{"embeddable":true,"href":"https:\/\/www.jornalcontato.com.br\/home\/index.php\/wp-json\/wp\/v2\/users\/1"}],"replies":[{"embeddable":true,"href":"https:\/\/www.jornalcontato.com.br\/home\/index.php\/wp-json\/wp\/v2\/comments?post=2071"}],"version-history":[{"count":6,"href":"https:\/\/www.jornalcontato.com.br\/home\/index.php\/wp-json\/wp\/v2\/posts\/2071\/revisions"}],"predecessor-version":[{"id":2075,"href":"https:\/\/www.jornalcontato.com.br\/home\/index.php\/wp-json\/wp\/v2\/posts\/2071\/revisions\/2075"}],"wp:featuredmedia":[{"embeddable":true,"href":"https:\/\/www.jornalcontato.com.br\/home\/index.php\/wp-json\/wp\/v2\/media\/2072"}],"wp:attachment":[{"href":"https:\/\/www.jornalcontato.com.br\/home\/index.php\/wp-json\/wp\/v2\/media?parent=2071"}],"wp:term":[{"taxonomy":"category","embeddable":true,"href":"https:\/\/www.jornalcontato.com.br\/home\/index.php\/wp-json\/wp\/v2\/categories?post=2071"},{"taxonomy":"post_tag","embeddable":true,"href":"https:\/\/www.jornalcontato.com.br\/home\/index.php\/wp-json\/wp\/v2\/tags?post=2071"}],"curies":[{"name":"wp","href":"https:\/\/api.w.org\/{rel}","templated":true}]}}